{"id":12306,"date":"2023-07-15T14:39:34","date_gmt":"2023-07-15T11:39:34","guid":{"rendered":"https:\/\/marmarayerelhizmet.com\/?p=12306"},"modified":"2023-07-15T14:39:34","modified_gmt":"2023-07-15T11:39:34","slug":"dev-turk-bayragi-kopruye-asildi","status":"publish","type":"post","link":"https:\/\/marmarayerelhizmet.com\/index.php\/2023\/07\/15\/dev-turk-bayragi-kopruye-asildi\/","title":{"rendered":"Dev T\u00fcrk Bayra\u011f\u0131 K\u00f6pr\u00fcye As\u0131ld\u0131"},"content":{"rendered":"<p><span style=\"font-size: 14px;\"><strong><span style=\"font-family: arial, helvetica, sans-serif;\">15\u00a0Temmuz\u00a0\u015eehitler\u00a0K\u00f6pr\u00fcs\u00fc&#8217;ne Fetullah\u00e7\u0131 darbe giri\u015fimin 7&#8217;nci y\u0131l d\u00f6n\u00fcm\u00fcnde \u0130stanbul Valili\u011fi ve 15\u00a0Temmuz\u00a0Derne\u011fi taraf\u0131ndan dev T\u00fcrk bayra\u011f\u0131 as\u0131ld\u0131.<br \/>\n<\/span><\/strong><\/span><br \/>\n<span style=\"font-family: arial, helvetica, sans-serif; font-size: 14px;\">15\u00a0Temmuz\u00a02016 tarihinde ger\u00e7ekle\u015ftirilen Fetullah\u00e7\u0131 ter\u00f6r \u00f6rg\u00fct\u00fcn\u00fcn darbe giri\u015fiminin 7&#8217;nci y\u0131l\u0131nda 15\u00a0Temmuz\u00a0Derne\u011fi ile \u0130stanbul Valili\u011fi taraf\u0131ndan 15\u00a0Temmuz\u00a0\u015eehitler\u00a0K\u00f6pr\u00fcs\u00fc&#8217;ne T\u00fcrk Bayra\u011f\u0131 as\u0131ld\u0131. K\u00f6pr\u00fc giri\u015finde bulunan\u00a0\u015fehitler\u00a0an\u0131t\u0131nda bulu\u015fan 15\u00a0Temmuz\u00a0Derne\u011fi Ba\u015fkan\u0131, \u0130smail Hakk\u0131 Turun\u00e7, \u0130stanbul Vali Yard\u0131mc\u0131s\u0131 \u00d6zlem Bozkurt Gevrek ve kat\u0131l\u0131m g\u00f6steren vatanda\u015flar, k\u00f6pr\u00fcn\u00fcn bayra\u011f\u0131n as\u0131laca\u011f\u0131 noktaya kadar y\u00fcr\u00fcd\u00fc. K\u00f6pr\u00fcye 15\u00a0Temmuz\u00a0flamas\u0131 ve 3 T\u00fcrk bayra\u011f\u0131 as\u0131ld\u0131.<\/span><br \/>\n<span style=\"font-family: arial, helvetica, sans-serif; font-size: 14px;\">Bayrak as\u0131m\u0131 \u00f6ncesi a\u00e7\u0131klamalarda bulunan 15\u00a0Temmuz\u00a0Derne\u011fi Ba\u015fkan\u0131 \u0130smail Hakk\u0131 Turun\u00e7, \u201c15\u00a0Temmuz\u00a0hain darbe giri\u015fimi , y\u0131l\u0131 m\u00fcnasebetiyle ge\u00e7mi\u015f y\u0131llarda da oldu\u011fu gibi Bo\u011faz K\u00f6pr\u00fcs\u00fc&#8217;ne o g\u00fcn as\u0131lan bayra\u011f\u0131m\u0131z\u0131n temsilen yine Cumhurba\u015fkanl\u0131\u011f\u0131 \u0130leti\u015fim Ba\u015fkanl\u0131\u011f\u0131, \u0130stanbul Valili\u011fimiz ve 15\u00a0Temmuz\u00a0derne\u011fi olarak buradaki \u015fehit ve gazi ailelerimizin kat\u0131l\u0131mlar\u0131 ile birlikte tekrardan bayram\u0131n\u0131z\u0131 asaca\u011f\u0131z. Bu bayra\u011f\u0131m\u0131z\u0131 hainler indirmesin diye hayatlar\u0131n\u0131 seve seve feda eden\u00a0\u015fehitlerimizi hat\u0131rlayaca\u011f\u0131z, gazilerimizi hat\u0131rlayaca\u011f\u0131z. Burada asaca\u011f\u0131m\u0131z bayrak bu topraklarda g\u00f6klerde dalgalanacak. Bu bayrak bizim \u00f6zg\u00fcrl\u00fc\u011f\u00fcm\u00fcz ve ba\u011f\u0131ms\u0131zl\u0131\u011f\u0131m\u0131z\u0131n sembol\u00fc\u00a0\u015fehitlerimiz de bu manada bunu bildikleri i\u00e7in hayatlar\u0131n\u0131 seve seve ortaya koydular.\u00a0\u015eehitlerimize ve yak\u0131nlar\u0131na s\u00f6z veriyoruz millet olarak bayrak asla inmeyecek vatan b\u00f6l\u00fcnmeyecek\u201d dedi.<\/span><\/p>\n","protected":false},"excerpt":{"rendered":"<p>15\u00a0Temmuz\u00a0\u015eehitler\u00a0K\u00f6pr\u00fcs\u00fc&#8217;ne Fetullah\u00e7\u0131 darbe giri\u015fimin 7&#8217;nci y\u0131l d\u00f6n\u00fcm\u00fcnde \u0130stanbul Valili\u011fi ve 15\u00a0Temmuz\u00a0Derne\u011fi taraf\u0131ndan dev T\u00fcrk bayra\u011f\u0131 as\u0131ld\u0131. 15\u00a0Temmuz\u00a02016 tarihinde ger\u00e7ekle\u015ftirilen Fetullah\u00e7\u0131<\/p>\n","protected":false},"author":3,"featured_media":12308,"comment_status":"open","ping_status":"open","sticky":false,"template":"","format":"standard","meta":{"colormag_page_container_layout":"default_layout","colormag_page_sidebar_layout":"default_layout","footnotes":""},"categories":[1,5],"tags":[],"class_list":["post-12306","post","type-post","status-publish","format-standard","has-post-thumbnail","hentry","category-genel","category-gundem"],"_links":{"self":[{"href":"https:\/\/marmarayerelhizmet.com\/index.php\/wp-json\/wp\/v2\/posts\/12306","targetHints":{"allow":["GET"]}}],"collection":[{"href":"https:\/\/marmarayerelhizmet.com\/index.php\/wp-json\/wp\/v2\/posts"}],"about":[{"href":"https:\/\/marmarayerelhizmet.com\/index.php\/wp-json\/wp\/v2\/types\/post"}],"author":[{"embeddable":true,"href":"https:\/\/marmarayerelhizmet.com\/index.php\/wp-json\/wp\/v2\/users\/3"}],"replies":[{"embeddable":true,"href":"https:\/\/marmarayerelhizmet.com\/index.php\/wp-json\/wp\/v2\/comments?post=12306"}],"version-history":[{"count":0,"href":"https:\/\/marmarayerelhizmet.com\/index.php\/wp-json\/wp\/v2\/posts\/12306\/revisions"}],"wp:featuredmedia":[{"embeddable":true,"href":"https:\/\/marmarayerelhizmet.com\/index.php\/wp-json\/wp\/v2\/media\/12308"}],"wp:attachment":[{"href":"https:\/\/marmarayerelhizmet.com\/index.php\/wp-json\/wp\/v2\/media?parent=12306"}],"wp:term":[{"taxonomy":"category","embeddable":true,"href":"https:\/\/marmarayerelhizmet.com\/index.php\/wp-json\/wp\/v2\/categories?post=12306"},{"taxonomy":"post_tag","embeddable":true,"href":"https:\/\/marmarayerelhizmet.com\/index.php\/wp-json\/wp\/v2\/tags?post=12306"}],"curies":[{"name":"wp","href":"https:\/\/api.w.org\/{rel}","templated":true}]}}