{"id":12302,"date":"2023-07-15T14:37:23","date_gmt":"2023-07-15T11:37:23","guid":{"rendered":"https:\/\/marmarayerelhizmet.com\/?p=12302"},"modified":"2023-07-15T14:37:23","modified_gmt":"2023-07-15T11:37:23","slug":"kiyi-emniyetinden-bogazda-gosteri","status":"publish","type":"post","link":"https:\/\/marmarayerelhizmet.com\/index.php\/2023\/07\/15\/kiyi-emniyetinden-bogazda-gosteri\/","title":{"rendered":"K\u0131y\u0131 Emniyetinden Bo\u011fazda G\u00f6steri"},"content":{"rendered":"<p><strong><span style=\"font-family: arial, helvetica, sans-serif; font-size: 14px;\">K\u0131y\u0131 Emniyeti Genel M\u00fcd\u00fcrl\u00fc\u011f\u00fc, \u015fehit ve gazilerin an\u0131s\u0131na \u00dcsk\u00fcdar Sahili&#8217;nde sayg\u0131 seyri ger\u00e7ekle\u015ftirdi. 8 deniz arac\u0131yla yap\u0131lan seyir ve su g\u00f6sterisini vatanda\u015flar ilgiyle izledi.<br \/>\n<\/span><\/strong><br \/>\n<span style=\"font-family: arial, helvetica, sans-serif; font-size: 14px;\">Ula\u015ft\u0131rma ve Altyap\u0131 Bakanl\u0131\u011f\u0131 K\u0131y\u0131 Emniyeti Genel M\u00fcd\u00fcrl\u00fc\u011f\u00fc taraf\u0131ndan, 15 Temmuz Demokrasi ve Milli Birlik G\u00fcn\u00fc&#8217;n\u00fcn 7\u2019nci y\u0131l d\u00f6n\u00fcm\u00fc dolay\u0131s\u0131yla her sene oldu\u011fu gibi bu sene de deniz ara\u00e7lar\u0131yla g\u00f6steri d\u00fczenlendi. Seyir program\u0131na, 15 Temmuz darbe giri\u015fimi veya ya\u015fanan ter\u00f6r eylemleri nedeniyle gazilik unvan\u0131 alm\u0131\u015f ve ayn\u0131 nedenlerle \u015fehit olmu\u015f kahramanlar\u0131n aileleri de kat\u0131ld\u0131. Programda 3 h\u0131zl\u0131 can kurtarma botu, 3 rhib bot ve 2 r\u00f6mork\u00f6r olmak \u00fczere 8 deniz arac\u0131 haz\u0131r bulundu. \u015eehit ve gaziler an\u0131s\u0131na d\u00fczenlenen seyir, Beylerbeyi\u2019nden Fatih Sultan Mehmet K\u00f6pr\u00fcs\u00fc\u2019ne kadar devam ederek sahil boyunca halk\u0131 selamlad\u0131.<\/span><\/p>\n","protected":false},"excerpt":{"rendered":"<p>K\u0131y\u0131 Emniyeti Genel M\u00fcd\u00fcrl\u00fc\u011f\u00fc, \u015fehit ve gazilerin an\u0131s\u0131na \u00dcsk\u00fcdar Sahili&#8217;nde sayg\u0131 seyri ger\u00e7ekle\u015ftirdi. 8 deniz arac\u0131yla yap\u0131lan seyir ve su<\/p>\n","protected":false},"author":3,"featured_media":12304,"comment_status":"open","ping_status":"open","sticky":false,"template":"","format":"standard","meta":{"colormag_page_container_layout":"default_layout","colormag_page_sidebar_layout":"default_layout","footnotes":""},"categories":[1,5],"tags":[],"class_list":["post-12302","post","type-post","status-publish","format-standard","has-post-thumbnail","hentry","category-genel","category-gundem"],"_links":{"self":[{"href":"https:\/\/marmarayerelhizmet.com\/index.php\/wp-json\/wp\/v2\/posts\/12302","targetHints":{"allow":["GET"]}}],"collection":[{"href":"https:\/\/marmarayerelhizmet.com\/index.php\/wp-json\/wp\/v2\/posts"}],"about":[{"href":"https:\/\/marmarayerelhizmet.com\/index.php\/wp-json\/wp\/v2\/types\/post"}],"author":[{"embeddable":true,"href":"https:\/\/marmarayerelhizmet.com\/index.php\/wp-json\/wp\/v2\/users\/3"}],"replies":[{"embeddable":true,"href":"https:\/\/marmarayerelhizmet.com\/index.php\/wp-json\/wp\/v2\/comments?post=12302"}],"version-history":[{"count":0,"href":"https:\/\/marmarayerelhizmet.com\/index.php\/wp-json\/wp\/v2\/posts\/12302\/revisions"}],"wp:featuredmedia":[{"embeddable":true,"href":"https:\/\/marmarayerelhizmet.com\/index.php\/wp-json\/wp\/v2\/media\/12304"}],"wp:attachment":[{"href":"https:\/\/marmarayerelhizmet.com\/index.php\/wp-json\/wp\/v2\/media?parent=12302"}],"wp:term":[{"taxonomy":"category","embeddable":true,"href":"https:\/\/marmarayerelhizmet.com\/index.php\/wp-json\/wp\/v2\/categories?post=12302"},{"taxonomy":"post_tag","embeddable":true,"href":"https:\/\/marmarayerelhizmet.com\/index.php\/wp-json\/wp\/v2\/tags?post=12302"}],"curies":[{"name":"wp","href":"https:\/\/api.w.org\/{rel}","templated":true}]}}