{"id":12298,"date":"2023-07-14T17:02:45","date_gmt":"2023-07-14T14:02:45","guid":{"rendered":"https:\/\/marmarayerelhizmet.com\/?p=12298"},"modified":"2023-07-14T17:02:45","modified_gmt":"2023-07-14T14:02:45","slug":"cevreyi-kirletene-af-yok","status":"publish","type":"post","link":"https:\/\/marmarayerelhizmet.com\/index.php\/2023\/07\/14\/cevreyi-kirletene-af-yok\/","title":{"rendered":"\u00c7evreyi Kirletene Af Yok"},"content":{"rendered":"<p><strong><span style=\"font-family: arial, helvetica, sans-serif; font-size: 14px;\">Bursa&#8217;n\u0131n \u0130neg\u00f6l il\u00e7esinde \u00e7evreyi kirletenlere cezai i\u015flem uygulan\u0131yor.<br \/>\n<\/span><\/strong><br \/>\n<span style=\"font-family: arial, helvetica, sans-serif; font-size: 14px;\">Mobilya sanayisinde ye\u015fil alana end\u00fcstriyel at\u0131k att\u0131\u011f\u0131 tespit edilen \u015fah\u0131s \u00f6nce g\u00f6r\u00fcnt\u00fclerle kay\u0131t alt\u0131na al\u0131nd\u0131, ard\u0131ndan 1295 TL idari para cezas\u0131 ve 500 TL temizlik \u00fccreti olmak \u00fczere 1795 TL ceza kesildi.<\/span><br \/>\n<span style=\"font-family: arial, helvetica, sans-serif; font-size: 14px;\">\u0130neg\u00f6l Belediyesi, sunulan t\u00fcm imkanlara ra\u011fmen \u00e7evreyi kirletenleri affetmiyor. Temizlik \u0130\u015fleri M\u00fcd\u00fcrl\u00fc\u011f\u00fc ekipleri, s\u0131k\u0131 denetimlerle \u00e7evre kirlili\u011fine sebebiyet verenleri tek tek tespit ediyor.<\/span><br \/>\n<span style=\"font-family: arial, helvetica, sans-serif; font-size: 14px;\">Bu \u00e7er\u00e7evede son olarak Mahmudiye Mahallesi G\u00fcng\u00f6r Sokak \u00fczerinde bir kamyonet ile ye\u015fil alana end\u00fcstriyel at\u0131k at\u0131ld\u0131\u011f\u0131 tespit edildi. \u015eahs\u0131 g\u00f6r\u00fcnt\u00fcleyen ekipler, ard\u0131ndan durumu Zab\u0131ta M\u00fcd\u00fcrl\u00fc\u011f\u00fcne bildirdi. Zab\u0131ta ekipleri g\u00f6r\u00fcnt\u00fcler \u00fczerinden idari yapt\u0131r\u0131m uygulayarak tutanak haz\u0131rlad\u0131. At\u0131klar\u0131 ye\u015fil alana atan ki\u015fiye 1295 TL idari para cezas\u0131 ile birlikte 500 TL temizlik \u00fccreti olmak \u00fczere toplamda 1795 TL cezai i\u015flem uyguland\u0131.<br \/>\n<\/span><br \/>\n<strong><span style=\"font-family: arial, helvetica, sans-serif; font-size: 14px;\">\u00c7evre kirlili\u011fini \u00f6nlemek i\u00e7in t\u00fcm imkanlar\u0131 sunuyoruz<\/span><\/strong><br \/>\n<span style=\"font-family: arial, helvetica, sans-serif; font-size: 14px;\">Konuya ili\u015fkin \u0130neg\u00f6l Belediyesi\u2019nden yap\u0131lan a\u00e7\u0131klamada \u015fu ifadelere yer verildi: \u201cGelece\u011fe g\u00fczel bir d\u00fcnya b\u0131rakmak ad\u0131na \u015fehrimiz \u00f6zelinde \u00e7evre ve temizli\u011fe azami derecede \u00f6nem veriyoruz. Bu duyarl\u0131l\u0131\u011f\u0131 vatanda\u015flar\u0131m\u0131z\u0131n da g\u00f6stermesi ad\u0131na gerek fark\u0131ndal\u0131k \u00e7al\u0131\u015fmalar\u0131yla gerekse de kurdu\u011fumuz tesislerle il\u00e7e halk\u0131m\u0131z\u0131n i\u015fini kolayla\u015ft\u0131rmaya \u00e7al\u0131\u015f\u0131yoruz. \u00d6zellikle sanayi b\u00f6lgesinde \u00fcreticilerimizin i\u015fini kolayla\u015ft\u0131rmak ad\u0131na Tehlikesiz End\u00fcstriyel At\u0131k Toplama Merkezi olu\u015fturduk. Vatanda\u015flar\u0131m\u0131z 153 hatlar\u0131m\u0131z\u0131 aramas\u0131 durumunda adreslerinden gidip at\u0131klar\u0131 al\u0131yor ve uygun \u015fekilde bertaraf\u0131n\u0131 sa\u011fl\u0131yoruz. Buna ra\u011fmen, uygunsuz davran\u0131\u015flar\u0131n devam etti\u011fini g\u00f6r\u00fcyoruz.\u201d<br \/>\n<\/span><br \/>\n<strong><span style=\"font-family: arial, helvetica, sans-serif; font-size: 14px;\">Kimsenin \u0130neg\u00f6l\u2019\u00fc kirletmeye hakk\u0131 yok<\/span><\/strong><br \/>\n<span style=\"font-family: arial, helvetica, sans-serif; font-size: 14px;\">\u201cSon olarak sanayi b\u00f6lgesinde ya\u015fad\u0131\u011f\u0131m\u0131z olayda, ekiplerimizin tespiti \u00fczerine end\u00fcstriyel at\u0131klar\u0131 ye\u015fil alana atan \u015fahsa 1795 TL para cezas\u0131 uyguland\u0131. Kimsenin \u0130neg\u00f6l\u2019\u00fc kirletmeye hakk\u0131 yok! Bu hat\u0131rlatmay\u0131 bir kez daha yaparak duyarl\u0131 vatanda\u015flar\u0131m\u0131zdan da bu t\u00fcr olumsuzluklar\u0131 g\u00f6rmeleri durumunda mutlaka 153 \u00c7\u00f6z\u00fcm Merkezimize bildirmelerini istiyoruz.\u201d<\/span><\/p>\n","protected":false},"excerpt":{"rendered":"<p>Bursa&#8217;n\u0131n \u0130neg\u00f6l il\u00e7esinde \u00e7evreyi kirletenlere cezai i\u015flem uygulan\u0131yor. Mobilya sanayisinde ye\u015fil alana end\u00fcstriyel at\u0131k att\u0131\u011f\u0131 tespit edilen \u015fah\u0131s \u00f6nce g\u00f6r\u00fcnt\u00fclerle<\/p>\n","protected":false},"author":3,"featured_media":12300,"comment_status":"open","ping_status":"open","sticky":false,"template":"","format":"standard","meta":{"colormag_page_container_layout":"default_layout","colormag_page_sidebar_layout":"default_layout","footnotes":""},"categories":[1,5,8],"tags":[],"class_list":["post-12298","post","type-post","status-publish","format-standard","has-post-thumbnail","hentry","category-genel","category-gundem","category-siyaset"],"_links":{"self":[{"href":"https:\/\/marmarayerelhizmet.com\/index.php\/wp-json\/wp\/v2\/posts\/12298","targetHints":{"allow":["GET"]}}],"collection":[{"href":"https:\/\/marmarayerelhizmet.com\/index.php\/wp-json\/wp\/v2\/posts"}],"about":[{"href":"https:\/\/marmarayerelhizmet.com\/index.php\/wp-json\/wp\/v2\/types\/post"}],"author":[{"embeddable":true,"href":"https:\/\/marmarayerelhizmet.com\/index.php\/wp-json\/wp\/v2\/users\/3"}],"replies":[{"embeddable":true,"href":"https:\/\/marmarayerelhizmet.com\/index.php\/wp-json\/wp\/v2\/comments?post=12298"}],"version-history":[{"count":0,"href":"https:\/\/marmarayerelhizmet.com\/index.php\/wp-json\/wp\/v2\/posts\/12298\/revisions"}],"wp:featuredmedia":[{"embeddable":true,"href":"https:\/\/marmarayerelhizmet.com\/index.php\/wp-json\/wp\/v2\/media\/12300"}],"wp:attachment":[{"href":"https:\/\/marmarayerelhizmet.com\/index.php\/wp-json\/wp\/v2\/media?parent=12298"}],"wp:term":[{"taxonomy":"category","embeddable":true,"href":"https:\/\/marmarayerelhizmet.com\/index.php\/wp-json\/wp\/v2\/categories?post=12298"},{"taxonomy":"post_tag","embeddable":true,"href":"https:\/\/marmarayerelhizmet.com\/index.php\/wp-json\/wp\/v2\/tags?post=12298"}],"curies":[{"name":"wp","href":"https:\/\/api.w.org\/{rel}","templated":true}]}}