{"id":12294,"date":"2023-07-14T16:44:30","date_gmt":"2023-07-14T13:44:30","guid":{"rendered":"https:\/\/marmarayerelhizmet.com\/?p=12294"},"modified":"2023-07-14T16:44:30","modified_gmt":"2023-07-14T13:44:30","slug":"bursaya-bir-mavi-bayrak-daha","status":"publish","type":"post","link":"https:\/\/marmarayerelhizmet.com\/index.php\/2023\/07\/14\/bursaya-bir-mavi-bayrak-daha\/","title":{"rendered":"Bursa&#8217;ya Bir &#8216;Mavi Bayrak&#8217; Daha"},"content":{"rendered":"<p><strong><span style=\"font-family: arial, helvetica, sans-serif; font-size: 14px;\">Ge\u00e7en y\u0131l y\u00fcksek kalite g\u00f6stergesi olan \u2018Mavi Bayrak\u2019\u0131, Bursa\u2019da ilk kez \u0130znik \u0130nciralt\u0131 Halk Plaj\u0131\u2019na kazand\u0131ran B\u00fcy\u00fck\u015fehir Belediyesi, bu y\u0131l da hem \u0130nciralt\u0131 Plaj\u0131na hem de Karacabey\u2019in Kur\u015funlu Halk Plaj\u0131\u2019na Mavi Bayrak kazand\u0131rd\u0131. Mavi Bayrak, Karacabey Kur\u015funlu Halk Plaj\u0131\u2019nda t\u00f6renle g\u00f6ndere \u00e7ekildi.<br \/>\n<\/span><\/strong><br \/>\n<span style=\"font-family: arial, helvetica, sans-serif; font-size: 14px;\">Bursa\u2019n\u0131n sahil kenti kimli\u011fini \u00f6ne \u00e7\u0131karmak i\u00e7in Mudanya, Gemlik ve Karacabey s\u0131n\u0131rlar\u0131ndaki 115 kilometre deniz k\u0131y\u0131s\u0131 ile \u0130znik ve Uluabat\u2019taki 162 kilometre g\u00f6l k\u0131y\u0131s\u0131nda \u00f6nemli d\u00fczenleme \u00e7al\u0131\u015fmalar\u0131n\u0131 hayata ge\u00e7iren B\u00fcy\u00fck\u015fehir Belediyesi, sahillerdeki kaliteyi giderek y\u00fckseltiyor. Yaz sezonu i\u00e7in 24 adet halk plaj\u0131nda, 29 idari personel, 135 temizlik personeli ve 30 ara\u00e7l\u0131k filo ile 30 hektarl\u0131k sert zemin ve 76 hektarl\u0131k kumluk alan\u0131n temizli\u011fine ba\u015flayan B\u00fcy\u00fck\u015fehir Belediyesi, hizmet kalitesini bu y\u0131l da \u00e7ifte \u2018Mavi Bayrak\u2019la tescillemi\u015f oldu. Ge\u00e7en y\u0131l su kalitesinden temizlik ve can g\u00fcvenli\u011fine, engelli eri\u015fim imkanlar\u0131ndan soyunma kabinleri ve du\u015flara kadar 33 farkl\u0131 kriteri yerine getirerek, T\u00fcrkiye \u00c7evre E\u011fitim Vakf\u0131\u2019ndan \u0130znik \u0130nciralt\u0131 Halk Plaj\u0131 i\u00e7in Mavi Bayrak alan Bursa B\u00fcy\u00fck\u015fehir Belediyesi, bu y\u0131l bayrak say\u0131s\u0131n\u0131 ikiye \u00e7\u0131kard\u0131. \u0130znik \u0130nciralt\u0131 Halk Plaj\u0131\u2019nda kaliteyi koruyarak yeniden Mavi Bayrak almaya hak kazanan B\u00fcy\u00fck\u015fehir Belediyesi, Mavi Bayrak i\u00e7in ba\u015fvurdu\u011fu Karacabey Kur\u015funlu Halk Plaj\u0131 i\u00e7in de 33 kriteri yerine getirerek, Mavi Bayrak almaya hak kazand\u0131. Mavi Bayrak, Karacabey Kur\u015funlu Halk Plaj\u0131\u2019nda t\u00f6renle g\u00f6ndere \u00e7ekildi.<br \/>\n<\/span><br \/>\n<strong><span style=\"font-family: arial, helvetica, sans-serif; font-size: 14px;\">Say\u0131y\u0131 daha da art\u0131raca\u011f\u0131z<\/span><\/strong><br \/>\n<span style=\"font-family: arial, helvetica, sans-serif; font-size: 14px;\">Kur\u015funlu Halk Plaj\u0131\u2019nda d\u00fczenlenen t\u00f6rende konu\u015fan Bursa B\u00fcy\u00fck\u015fehir Belediyesi Ba\u015fkanvekili Ali Mersin, Bursa\u2019n\u0131n d\u00f6rt mevsim turizm imk\u00e2n\u0131na sahip ayr\u0131cal\u0131kl\u0131 bir \u015fehir oldu\u011funu hat\u0131rlatt\u0131. Mevcut turizm imkanlar\u0131n\u0131 koruyup, geli\u015ftirmek i\u00e7in yo\u011fun mesai harcad\u0131klar\u0131n\u0131 dile getiren Mersin, \u201c24 halk plaj\u0131nda halk\u0131m\u0131za daha iyi imk\u00e2nlar sunmak i\u00e7in y\u0131ll\u0131k ortalama 3 bin 500 ton \u00e7\u00f6p topluyoruz. Her y\u0131l temizlik, du\u015f, kabin, \u015fezlong gibi imk\u00e2nlar\u0131 art\u0131rarak kaliteyi y\u00fckseltiyoruz. Ayr\u0131ca yaz sezonunda deniz ara\u00e7lar\u0131yla deniz y\u00fczeyini temizliyor ve plajlar\u0131m\u0131z\u0131 d\u00fczenli olarak bak\u0131m-onar\u0131mdan ge\u00e7iriyoruz. 2022 y\u0131l\u0131nda Bursa\u2019m\u0131z\u0131n ilk mavi bayra\u011f\u0131n\u0131 \u0130znik G\u00f6l\u00fc\u2019nde \u0130nciralt\u0131 Halk Plaj\u0131\u2019nda g\u00f6ndere \u00e7ekmi\u015ftik. Bug\u00fcn de Marmara Denizi\u2019nin Bursa k\u0131y\u0131lar\u0131ndaki ilk mavi bayra\u011f\u0131n\u0131 Karacabey Kur\u015funlu Halk Plaj\u0131\u2019nda g\u00f6ndere \u00e7ekiyoruz. Bursa\u2019m\u0131zda mavi bayrak say\u0131s\u0131 2 oldu. \u0130n\u015fallah bu say\u0131y\u0131 daha da artt\u0131raca\u011f\u0131z. Sahilimizde engelli rampas\u0131ndan cankurtarana, otoparktan du\u015f kabinlerine kadar her t\u00fcrl\u00fc ihtiyac\u0131 kar\u015f\u0131layacak imk\u00e2n mevcut. Plaj\u0131m\u0131z\u0131 en g\u00fczel \u015fekilde koruyaca\u011f\u0131m\u0131z\u0131 ifade ederek, bizi mavi bayra\u011fa l\u00e2y\u0131k g\u00f6renlere ve bu konuda emek verenlere te\u015fekk\u00fcr ediyorum\u201d diye konu\u015ftu.<br \/>\n<\/span><br \/>\n<strong><span style=\"font-family: arial, helvetica, sans-serif; font-size: 14px;\">Fark hissedilecek<\/span><\/strong><br \/>\n<span style=\"font-family: arial, helvetica, sans-serif; font-size: 14px;\">T\u00dcR\u00c7EV Mavi Bayrak Ulusal Koordinat\u00f6r\u00fc Alm\u0131la K\u0131ndan Cebbari de Mavi Bayrak\u2019\u0131n, D\u00fcnya Turizm \u00d6rg\u00fct\u00fc taraf\u0131ndan d\u00fcnyada halk nezdinde en \u00e7ok tan\u0131nan ve bilinen eko etiketi olarak ifade edildi\u011fini s\u00f6yledi. Bir plaj\u0131n mavi bayrak al\u0131nabilmesi i\u00e7in y\u00fczme suyu kalitesinin AB standartlar\u0131nda m\u00fckemmel seviyede olmas\u0131 gerekti\u011fini dile getiren Cebbari, \u201cMavi Bayrak kriterleri plajlar i\u00e7in toplamda 33 tanedir. Plaja gelenler \u00f6nceki haliyle \u015fimdiki halini g\u00f6rerek aradaki fark\u0131 ve Mavi Bayra\u011f\u0131n ne demek oldu\u011funu \u00e7ok net hissedecektir. \u0130znik\u2019in ard\u0131ndan Marmara k\u0131y\u0131s\u0131nda mavi bayra\u011f\u0131n dalgalan\u0131yor olmas\u0131 ku\u015fkusuz at\u0131ksu ar\u0131tma tesislerinin il\u00e7eye kazand\u0131r\u0131lmas\u0131yla do\u011frudan orant\u0131l\u0131d\u0131r. Her ne kadar merkezi ar\u0131tman\u0131n in\u015faat\u0131 devam etse de bu plaj s\u0131rf mavi bayrak als\u0131n diye paket biyolojik ar\u0131tma tesisi kazand\u0131r\u0131ld\u0131. Bu \u00f6nemli ad\u0131m\u0131 att\u0131\u011f\u0131 i\u00e7in Bursa B\u00fcy\u00fck\u015fehir Belediye Ba\u015fkan\u0131 Alinur Akta\u015f\u2019a, destekleri i\u00e7in Karacabey Belediye Ba\u015fkan\u0131 Ali \u00d6zkan\u2019a ve eme\u011fi ge\u00e7enlere te\u015fekk\u00fcr ediyorum\u201d dedi.<br \/>\n<\/span><br \/>\n<strong><span style=\"font-family: arial, helvetica, sans-serif; font-size: 14px;\">\u00c7al\u0131\u015fmalar\u0131m\u0131z ta\u00e7land\u0131<\/span><\/strong><br \/>\n<span style=\"font-family: arial, helvetica, sans-serif; font-size: 14px;\">Karacabey Belediye Ba\u015fkan\u0131 Ali \u00d6zkan da Karacabey\u2019de tar\u0131msal, teknolojik ve turistik yat\u0131r\u0131mlara \u00f6nem verdiklerini vurgulad\u0131. Karacabey\u2019in turizm de\u011ferlerini s\u0131ralayan \u00d6zkan, \u201cTurizm konusunda zengin longoz, \u0131hlamur, defne ve kestane ormanlar\u0131na, Eskikaraa\u011fa\u00e7\u2019taki Leylek K\u00f6y\u00fc\u2019ne, Uluabat G\u00f6l\u00fc\u2019ne, Karacabey Haras\u0131na ve T\u00fcrkiye\u2019nin uzunluk anlam\u0131nda say\u0131l\u0131 plajlar\u0131ndan birine sahibiz. Karacabey\u2019in g\u00fczellikleri yapt\u0131\u011f\u0131m\u0131z \u00e7al\u0131\u015fmalar neticesinde Bursa\u2019da ve T\u00fcrkiye\u2019de ciddi kar\u015f\u0131l\u0131k buldu. \u00d6te yandan bu g\u00fczellikleri korumak i\u00e7in 90 milyon TL\u2019lik yat\u0131r\u0131mla ar\u0131tma tesisinin temelini de att\u0131k. Yine Bursa B\u00fcy\u00fck\u015fehir Belediyesi taraf\u0131ndan Yenik\u00f6y\u2019de sahil yolu hizmete a\u00e7\u0131ld\u0131. Bu g\u00fczellikleri korumak i\u00e7in b\u00f6lgemize ve Karacabey\u2019e her alanda destek veren Ba\u015fkan\u0131m\u0131z Alinur Akta\u015f\u2019a, ekibine ve eme\u011fi ge\u00e7enlere te\u015fekk\u00fcr ediyorum. Kur\u015funlu Plaj\u0131\u2019na kazand\u0131r\u0131lan \u2018mavi bayrak\u2019 ile de \u00e7al\u0131\u015fmalar\u0131m\u0131z ta\u00e7lanm\u0131\u015f oldu. D\u00fcnya\u2019da 3\u2019\u00fcnc\u00fc \u00fclkeyiz. Bursa\u2019da da \u0130znik plaj\u0131ndan sonra ikinci mavi bayrak Kur\u015funlu Plaj\u0131\u2019na verildi. \u00c7ok g\u00fczel sahilimiz var. Plajda kumu rehabilite etme, eleme, sahili d\u00fczenleme \u00e7al\u0131\u015fmalar\u0131 Bursa B\u00fcy\u00fck\u015fehir Belediyesi taraf\u0131ndan y\u00fcr\u00fct\u00fcl\u00fcyor. T\u00fcm sahillerde ciddi \u00e7al\u0131\u015fmalar yapan Bursa B\u00fcy\u00fck\u015fehir Belediyesi\u2019ne halk\u0131m\u0131z ad\u0131na te\u015fekk\u00fcr ediyorum\u201d diye konu\u015ftu.<\/span><br \/>\n<span style=\"font-family: arial, helvetica, sans-serif; font-size: 14px;\">Kur\u015funlu Mahalle Muhtar\u0131 Halim \u015e\u00fck\u00fcr ise Bursa B\u00fcy\u00fck\u015fehir Belediye Ba\u015fkan\u0131 Alinur Akta\u015f\u2019a, Karacabey Belediye Ba\u015fkan\u0131 Ali \u00d6zkan\u2019a ve ekiplerine verdikleri hizmetlerden dolay\u0131 te\u015fekk\u00fcr etti.<\/span><br \/>\n<span style=\"font-family: arial, helvetica, sans-serif; font-size: 14px;\">Konu\u015fmalar\u0131n ard\u0131ndan denizden tekne ile getirilen mavi bayrak alk\u0131\u015flar e\u015fli\u011finde g\u00f6ndere \u00e7ekildi.<\/span><\/p>\n","protected":false},"excerpt":{"rendered":"<p>Ge\u00e7en y\u0131l y\u00fcksek kalite g\u00f6stergesi olan \u2018Mavi Bayrak\u2019\u0131, Bursa\u2019da ilk kez \u0130znik \u0130nciralt\u0131 Halk Plaj\u0131\u2019na kazand\u0131ran B\u00fcy\u00fck\u015fehir Belediyesi, bu y\u0131l<\/p>\n","protected":false},"author":3,"featured_media":12296,"comment_status":"open","ping_status":"open","sticky":false,"template":"","format":"standard","meta":{"colormag_page_container_layout":"default_layout","colormag_page_sidebar_layout":"default_layout","footnotes":""},"categories":[1,5,8],"tags":[],"class_list":["post-12294","post","type-post","status-publish","format-standard","has-post-thumbnail","hentry","category-genel","category-gundem","category-siyaset"],"_links":{"self":[{"href":"https:\/\/marmarayerelhizmet.com\/index.php\/wp-json\/wp\/v2\/posts\/12294","targetHints":{"allow":["GET"]}}],"collection":[{"href":"https:\/\/marmarayerelhizmet.com\/index.php\/wp-json\/wp\/v2\/posts"}],"about":[{"href":"https:\/\/marmarayerelhizmet.com\/index.php\/wp-json\/wp\/v2\/types\/post"}],"author":[{"embeddable":true,"href":"https:\/\/marmarayerelhizmet.com\/index.php\/wp-json\/wp\/v2\/users\/3"}],"replies":[{"embeddable":true,"href":"https:\/\/marmarayerelhizmet.com\/index.php\/wp-json\/wp\/v2\/comments?post=12294"}],"version-history":[{"count":0,"href":"https:\/\/marmarayerelhizmet.com\/index.php\/wp-json\/wp\/v2\/posts\/12294\/revisions"}],"wp:featuredmedia":[{"embeddable":true,"href":"https:\/\/marmarayerelhizmet.com\/index.php\/wp-json\/wp\/v2\/media\/12296"}],"wp:attachment":[{"href":"https:\/\/marmarayerelhizmet.com\/index.php\/wp-json\/wp\/v2\/media?parent=12294"}],"wp:term":[{"taxonomy":"category","embeddable":true,"href":"https:\/\/marmarayerelhizmet.com\/index.php\/wp-json\/wp\/v2\/categories?post=12294"},{"taxonomy":"post_tag","embeddable":true,"href":"https:\/\/marmarayerelhizmet.com\/index.php\/wp-json\/wp\/v2\/tags?post=12294"}],"curies":[{"name":"wp","href":"https:\/\/api.w.org\/{rel}","templated":true}]}}