{"id":12290,"date":"2023-07-14T16:41:08","date_gmt":"2023-07-14T13:41:08","guid":{"rendered":"https:\/\/marmarayerelhizmet.com\/?p=12290"},"modified":"2023-07-14T16:41:08","modified_gmt":"2023-07-14T13:41:08","slug":"balikesirde-yaz-hareketli-gececek","status":"publish","type":"post","link":"https:\/\/marmarayerelhizmet.com\/index.php\/2023\/07\/14\/balikesirde-yaz-hareketli-gececek\/","title":{"rendered":"Bal\u0131kesir\u2019de Yaz Hareketli Ge\u00e7ecek"},"content":{"rendered":"<p><strong><span style=\"font-size: 14px; font-family: arial, helvetica, sans-serif;\">Bal\u0131kesir Valili\u011fi \u00f6nc\u00fcl\u00fc\u011f\u00fcnde B\u00fcy\u00fck\u015fehir Belediyesi, Gen\u00e7lik ve Spor \u0130l M\u00fcd\u00fcrl\u00fc\u011f\u00fc, \u0130l Milli E\u011fitim M\u00fcd\u00fcrl\u00fc\u011f\u00fc, Aile ve Sosyal Hizmetler \u0130l M\u00fcd\u00fcrl\u00fc\u011f\u00fc ve \u0130l M\u00fcft\u00fcl\u00fc\u011f\u00fc i\u015fbirli\u011finde ba\u015flat\u0131lan Yaz Spor Okullar\u0131n\u0131n a\u00e7\u0131l\u0131\u015f t\u00f6reni Kurtdereli Spor Salonu\u2019nda ger\u00e7ekle\u015ftirildi.<\/span><\/strong><\/p>\n<p><span style=\"font-size: 14px; font-family: arial, helvetica, sans-serif;\">Yaz d\u00f6neminde ger\u00e7ekle\u015ftirilecek Yaz Spor Okullar\u0131 ile; \u00f6zellikle maddi imkan\u0131 olmayan, k\u0131rsal b\u00f6lgelerde ya\u015fayan, koruma ve bak\u0131m alt\u0131ndaki \u00e7ocuklar ve Kur\u2019an kurslar\u0131na giden 5-18 ya\u015f aras\u0131ndaki \u00e7ocuk ve gen\u00e7lerle, engelli bireyleri spor bran\u015flar\u0131yla tan\u0131\u015ft\u0131rmak, onlar\u0131 k\u00f6t\u00fc al\u0131\u015fkanl\u0131klardan korumak, ayn\u0131 zamanda da yetenekli olan \u00e7ocuk ve gen\u00e7lerin de tespit edilerek ba\u015far\u0131l\u0131 birer sporcu yeti\u015ftirilmesini ama\u00e7l\u0131yor.<\/span><\/p>\n<p><span style=\"font-size: 14px; font-family: arial, helvetica, sans-serif;\">Sayg\u0131 duru\u015fu ve \u0130stiklal Mar\u015f\u0131\u2019n\u0131n okunmas\u0131yla ba\u015flayan program\u0131n a\u00e7\u0131l\u0131\u015f konu\u015fmas\u0131n\u0131 yapan Gen\u00e7lik ve Spor \u0130l M\u00fcd\u00fcr\u00fc Adem \u00d6zalp, 20 il\u00e7ede 37 bran\u015fta \u00fccretsiz olarak kurslar\u0131n ba\u015flad\u0131\u011f\u0131n\u0131 s\u00f6yledi. \u00d6zalp, \u201cYaza Hareketli Giriyoruz slogan\u0131yla yapt\u0131\u011f\u0131m\u0131z spor okullar\u0131m\u0131z 49 tesiste 14 portatif havuzumuzda, 5-18 ya\u015f grubu \u00e7ocuk ve gen\u00e7lerimize spor yapt\u0131rman\u0131n heyecan\u0131 ve gururunu ya\u015f\u0131yoruz. \u00c7ocuklar\u0131m\u0131z ve gen\u00e7lerimizin yaz tatilini spor ile ge\u00e7irmelerini, zamanlar\u0131n\u0131 do\u011fru de\u011ferlendirmelerini, sporu hayatlar\u0131n\u0131n bir par\u00e7as\u0131 haline getirmelerini, sa\u011fl\u0131kl\u0131 bir ya\u015fam s\u00fcrmelerini, fiziksel ve zihinsel geli\u015fimleri ile sosyal ili\u015fkilerine katk\u0131 sa\u011flamak, yeteneklerini ortaya \u00e7\u0131karmak amac\u0131yla spor okullar\u0131m\u0131z\u0131 ba\u015flat\u0131yoruz.\u201d diye konu\u015ftu.<\/span><\/p>\n<p><strong><span style=\"font-size: 14px; font-family: arial, helvetica, sans-serif;\">Spor Geni\u015f Bir Kesime Yay\u0131l\u0131yor<\/span><\/strong><\/p>\n<p><span style=\"font-size: 14px; font-family: arial, helvetica, sans-serif;\">Yaz Spor Okulu \u00f6\u011frencilerinin seremoni ge\u00e7i\u015finin de ger\u00e7ekle\u015fti\u011fi programda konu\u015fan Vali \u015e\u0131ldak, \u2018Yaz Spor Okullar\u0131\u2019n\u0131n hayata ge\u00e7irilmesinde eme\u011fi ge\u00e7enlere te\u015fekk\u00fcr etti. \u015e\u0131ldak, \u201cYaz aylar\u0131na girdi\u011fimiz bu d\u00f6nemde spor okullar\u0131m\u0131z\u0131n a\u00e7\u0131l\u0131\u015f t\u00f6reniyle yaza \u00e7ok hareketli giriyoruz. Bal\u0131kesir pek \u00e7ok alanda oldu\u011fu gibi spor alan\u0131nda da ad\u0131ndan s\u00f6z ettiren, ba\u015far\u0131lar\u0131na yenilerinin eklemesiyle s\u00fcrekli geli\u015fme g\u00f6steren bir vilayet. Bu ba\u015far\u0131 kendili\u011finden geli\u015fmiyor, olu\u015fmuyor. Bunun pek \u00e7ok sebebi var. Bu sebeplerin en ba\u015f\u0131nda da kurumlar\u0131m\u0131z\u0131n deste\u011fi geliyor. Bu deste\u011fi, bu organizasyonda da g\u00f6r\u00fcyoruz. Spor bu y\u0131l en ba\u015fta B\u00fcy\u00fck\u015fehir Belediyemizin kat\u0131l\u0131m\u0131, \u0130l Milli E\u011fitim M\u00fcd\u00fcrl\u00fc\u011f\u00fcm\u00fcz, Aile ve Sosyal Hizmetler \u0130l M\u00fcd\u00fcrl\u00fc\u011f\u00fcm\u00fcz ve \u0130l M\u00fcft\u00fcl\u00fc\u011f\u00fcm\u00fcz\u00fcn de i\u015ftirakiyle toplumumuzun \u00e7ok daha geni\u015f kesimlerine yay\u0131lacak, daha g\u00fczel bir faaliyet haline gelecek. Katk\u0131 sa\u011flayan herkese te\u015fekk\u00fcr ediyorum. B\u00fcy\u00fck\u015fehir Belediyemizin \u00f6ncelikle spor alan\u0131nda; sadece yaz spor okullar\u0131n\u0131n desteklenmesi de\u011fil sporcu yeti\u015ftirmesi ve altyap\u0131 olu\u015fturulmas\u0131 anlam\u0131nda son derece b\u00fcy\u00fck katk\u0131lar\u0131 var. Bunlar\u0131 takdir ediyor, kendilerine te\u015fekk\u00fcr ediyoruz. B\u00fcy\u00fck\u015fehir Belediye Ba\u015fkan\u0131m\u0131z il\u00e7e belediye ba\u015fkanlar\u0131yla birlikte bir b\u00fct\u00fcn olarak spora b\u00fcy\u00fck katk\u0131lar sa\u011fl\u0131yorlar. Gen\u00e7lik ve Spor \u0130l M\u00fcd\u00fcrl\u00fc\u011f\u00fcm\u00fcze; il m\u00fcd\u00fcr\u00fcm\u00fcz ba\u015fta olmak \u00fczere b\u00fct\u00fcn kadrosuna, il\u00e7e belediyelerimize, kaymakamlar\u0131m\u0131za yaz spor okullar\u0131na verdikleri desteklerden dolay\u0131 te\u015fekk\u00fcr ediyoruz. Burada g\u00f6rev alacak olan antren\u00f6rlere, hocalara \u015fimdiden ba\u015far\u0131lar diliyorum. \u00c7ocuklar\u0131n\u0131 sporla bulu\u015fturan, sporu tercih eden, sa\u011fl\u0131kl\u0131 bir hayat ve toplum i\u00e7in \u2018spor\u2019 diyen b\u00fct\u00fcn velilerimizi de kutluyorum.\u201d \u015feklinde ifade etti.\u00a0<\/span><\/p>\n<p><span style=\"font-size: 14px; font-family: arial, helvetica, sans-serif;\">Konu\u015fmalar\u0131n ard\u0131ndan sporcular\u0131n \u00e7e\u015fitli bran\u015flarda yapt\u0131\u011f\u0131 g\u00f6steriler ilgiyle izlendi. Programda Yaz Spor Okullar\u0131na kat\u0131lan \u00e7ocuk ve gen\u00e7lere \u015fort, ti\u015f\u00f6rt ve antrenman filesi da\u011f\u0131t\u0131m\u0131 ger\u00e7ekle\u015ftirildi.\u00a0<\/span><\/p>\n<p><span style=\"font-size: 14px; font-family: arial, helvetica, sans-serif;\">Yaz Spor Okullar\u0131n\u0131n a\u00e7\u0131l\u0131\u015f t\u00f6renine Vali Hasan \u015e\u0131ldak\u2019\u0131n yan\u0131 s\u0131ra B\u00fcy\u00fck\u015fehir Belediye Ba\u015fkan\u0131 Y\u00fccel Y\u0131lmaz, Alt\u0131eyl\u00fcl Kaymakam\u0131 Turgay Hakan Bilgin, Karesi Kaymakam\u0131 Metin Arslanba\u015f, \u0130l Emniyet M\u00fcd\u00fcr\u00fc Hasan Onar, \u0130l Jandarma Komutan\u0131 J. Kd. Alb. Ali Y\u0131ld\u0131z, Alt\u0131eyl\u00fcl Belediye Ba\u015fkan\u0131 Hasan Avc\u0131, Karesi Belediye Ba\u015fkan\u0131 Din\u00e7er Orkan, Gen\u00e7lik ve Spor \u0130l M\u00fcd\u00fcr\u00fc Adem \u00d6zalp, sporcular, antren\u00f6rler ve veliler kat\u0131ld\u0131.<\/span><\/p>\n<p>&nbsp;<\/p>\n","protected":false},"excerpt":{"rendered":"<p>Bal\u0131kesir Valili\u011fi \u00f6nc\u00fcl\u00fc\u011f\u00fcnde B\u00fcy\u00fck\u015fehir Belediyesi, Gen\u00e7lik ve Spor \u0130l M\u00fcd\u00fcrl\u00fc\u011f\u00fc, \u0130l Milli E\u011fitim M\u00fcd\u00fcrl\u00fc\u011f\u00fc, Aile ve Sosyal Hizmetler \u0130l M\u00fcd\u00fcrl\u00fc\u011f\u00fc<\/p>\n","protected":false},"author":3,"featured_media":12292,"comment_status":"open","ping_status":"open","sticky":false,"template":"","format":"standard","meta":{"colormag_page_container_layout":"default_layout","colormag_page_sidebar_layout":"default_layout","footnotes":""},"categories":[1,5,8,9],"tags":[],"class_list":["post-12290","post","type-post","status-publish","format-standard","has-post-thumbnail","hentry","category-genel","category-gundem","category-siyaset","category-spor"],"_links":{"self":[{"href":"https:\/\/marmarayerelhizmet.com\/index.php\/wp-json\/wp\/v2\/posts\/12290","targetHints":{"allow":["GET"]}}],"collection":[{"href":"https:\/\/marmarayerelhizmet.com\/index.php\/wp-json\/wp\/v2\/posts"}],"about":[{"href":"https:\/\/marmarayerelhizmet.com\/index.php\/wp-json\/wp\/v2\/types\/post"}],"author":[{"embeddable":true,"href":"https:\/\/marmarayerelhizmet.com\/index.php\/wp-json\/wp\/v2\/users\/3"}],"replies":[{"embeddable":true,"href":"https:\/\/marmarayerelhizmet.com\/index.php\/wp-json\/wp\/v2\/comments?post=12290"}],"version-history":[{"count":0,"href":"https:\/\/marmarayerelhizmet.com\/index.php\/wp-json\/wp\/v2\/posts\/12290\/revisions"}],"wp:featuredmedia":[{"embeddable":true,"href":"https:\/\/marmarayerelhizmet.com\/index.php\/wp-json\/wp\/v2\/media\/12292"}],"wp:attachment":[{"href":"https:\/\/marmarayerelhizmet.com\/index.php\/wp-json\/wp\/v2\/media?parent=12290"}],"wp:term":[{"taxonomy":"category","embeddable":true,"href":"https:\/\/marmarayerelhizmet.com\/index.php\/wp-json\/wp\/v2\/categories?post=12290"},{"taxonomy":"post_tag","embeddable":true,"href":"https:\/\/marmarayerelhizmet.com\/index.php\/wp-json\/wp\/v2\/tags?post=12290"}],"curies":[{"name":"wp","href":"https:\/\/api.w.org\/{rel}","templated":true}]}}