{"id":12286,"date":"2023-07-14T16:35:36","date_gmt":"2023-07-14T13:35:36","guid":{"rendered":"https:\/\/marmarayerelhizmet.com\/?p=12286"},"modified":"2023-07-14T16:35:36","modified_gmt":"2023-07-14T13:35:36","slug":"vali-sildak-balikesirlilere-seslendi","status":"publish","type":"post","link":"https:\/\/marmarayerelhizmet.com\/index.php\/2023\/07\/14\/vali-sildak-balikesirlilere-seslendi\/","title":{"rendered":"Vali \u015e\u0131ldak Bal\u0131kesirlilere Seslendi"},"content":{"rendered":"<p><strong><span style=\"font-family: arial, helvetica, sans-serif; font-size: 14px;\">Vali Hasan \u015e\u0131ldak, 15 Temmuz Demokrasi ve Milli Birlik G\u00fcn\u00fcnde vatanda\u015flar\u0131 tek y\u00fcrek olmaya \u00e7a\u011f\u0131rd\u0131. <\/span><\/strong><\/p>\n<p><span style=\"font-family: arial, helvetica, sans-serif; font-size: 14px;\">Vali \u015e\u0131ldak sosyal medya hesaplar\u0131ndan yapt\u0131\u011f\u0131 payla\u015f\u0131mla vatanda\u015flar\u0131 birlik ve beraberli\u011fin peki\u015fece\u011fi Demokrasi N\u00f6beti&#8217;ne davet etti. \u015e\u0131ldak, Bal\u0131kesirlilere 15 Temmuz ak\u015fam\u0131 Valilik Binas\u0131 \u00f6n\u00fcnde bulunan Milli \u0130dare Meydan\u0131n\u0131 al bayraklar\u0131yla doldurarak co\u015fkuya ortak olmalar\u0131 \u00e7a\u011fr\u0131s\u0131nda bulundu.<\/span><\/p>\n<p><span style=\"font-family: arial, helvetica, sans-serif; font-size: 14px;\">15 Temmuz hain darbe giri\u015fiminin y\u0131ld\u00f6n\u00fcm\u00fcnde Kuva-yi Milliye \u015eehri Bal\u0131kesir ad\u0131na yak\u0131\u015f\u0131r \u015fekilde Milli \u0130rade Meydan\u0131nda bulu\u015facak. Aziz milletimiz ve kahraman g\u00fcvenlik g\u00fc\u00e7lerimizin 7 y\u0131l \u00f6nce yap\u0131lan darbe giri\u015fimi kar\u015f\u0131s\u0131nda g\u00f6sterdi\u011fi kararl\u0131 duru\u015funun y\u0131ld\u00f6n\u00fcm\u00fcnde \u00e7e\u015fitli etkinlikler ger\u00e7ekle\u015ftirilecek.<\/span><\/p>\n","protected":false},"excerpt":{"rendered":"<p>Vali Hasan \u015e\u0131ldak, 15 Temmuz Demokrasi ve Milli Birlik G\u00fcn\u00fcnde vatanda\u015flar\u0131 tek y\u00fcrek olmaya \u00e7a\u011f\u0131rd\u0131. Vali \u015e\u0131ldak sosyal medya hesaplar\u0131ndan<\/p>\n","protected":false},"author":3,"featured_media":12288,"comment_status":"open","ping_status":"open","sticky":false,"template":"","format":"standard","meta":{"colormag_page_container_layout":"default_layout","colormag_page_sidebar_layout":"default_layout","footnotes":""},"categories":[1,5,8],"tags":[],"class_list":["post-12286","post","type-post","status-publish","format-standard","has-post-thumbnail","hentry","category-genel","category-gundem","category-siyaset"],"_links":{"self":[{"href":"https:\/\/marmarayerelhizmet.com\/index.php\/wp-json\/wp\/v2\/posts\/12286","targetHints":{"allow":["GET"]}}],"collection":[{"href":"https:\/\/marmarayerelhizmet.com\/index.php\/wp-json\/wp\/v2\/posts"}],"about":[{"href":"https:\/\/marmarayerelhizmet.com\/index.php\/wp-json\/wp\/v2\/types\/post"}],"author":[{"embeddable":true,"href":"https:\/\/marmarayerelhizmet.com\/index.php\/wp-json\/wp\/v2\/users\/3"}],"replies":[{"embeddable":true,"href":"https:\/\/marmarayerelhizmet.com\/index.php\/wp-json\/wp\/v2\/comments?post=12286"}],"version-history":[{"count":0,"href":"https:\/\/marmarayerelhizmet.com\/index.php\/wp-json\/wp\/v2\/posts\/12286\/revisions"}],"wp:featuredmedia":[{"embeddable":true,"href":"https:\/\/marmarayerelhizmet.com\/index.php\/wp-json\/wp\/v2\/media\/12288"}],"wp:attachment":[{"href":"https:\/\/marmarayerelhizmet.com\/index.php\/wp-json\/wp\/v2\/media?parent=12286"}],"wp:term":[{"taxonomy":"category","embeddable":true,"href":"https:\/\/marmarayerelhizmet.com\/index.php\/wp-json\/wp\/v2\/categories?post=12286"},{"taxonomy":"post_tag","embeddable":true,"href":"https:\/\/marmarayerelhizmet.com\/index.php\/wp-json\/wp\/v2\/tags?post=12286"}],"curies":[{"name":"wp","href":"https:\/\/api.w.org\/{rel}","templated":true}]}}