{"id":12282,"date":"2023-07-14T16:31:39","date_gmt":"2023-07-14T13:31:39","guid":{"rendered":"https:\/\/marmarayerelhizmet.com\/?p=12282"},"modified":"2023-07-14T16:31:39","modified_gmt":"2023-07-14T13:31:39","slug":"baunde-15-temmuz-sergisi","status":"publish","type":"post","link":"https:\/\/marmarayerelhizmet.com\/index.php\/2023\/07\/14\/baunde-15-temmuz-sergisi\/","title":{"rendered":"BA\u00dcN&#8217;de 15 Temmuz Sergisi"},"content":{"rendered":"<p><strong><span style=\"font-family: arial, helvetica, sans-serif;\">Bal\u0131kesir \u00dcniversitesi&#8217;nde 15 Temmuz Demokrasi ve Milli Birlik G\u00fcn\u00fc etkinlikleri kapsam\u0131nda, \u201c15 Temmuz Dirili\u015f Destan\u0131 Foto\u011fraf Sergisi\u201d a\u00e7\u0131ld\u0131. Rekt\u00f6rl\u00fck binas\u0131nda ve \u00c7a\u011f\u0131\u015f Yerle\u015fkesi Merkez Yemekhanede ger\u00e7ekle\u015ftirilen sergide, millet\u00e7e birlik ve beraberlik i\u00e7erisinde bertaraf edilen 15 Temmuz hain darbe giri\u015fimine dair foto\u011fraflar sergileniyor.<\/span><\/strong><\/p>\n<p><span style=\"font-family: arial, helvetica, sans-serif;\">Rekt\u00f6rl\u00fck giri\u015finde ger\u00e7ekle\u015fen sergi a\u00e7\u0131l\u0131\u015f\u0131na, Bal\u0131kesir \u00dcniversitesi Rekt\u00f6r\u00fc Prof. Dr. Y\u00fccel O\u011furlu, Bal\u0131kesir B\u00fcy\u00fck\u015fehir Belediyesi Ba\u015fkan Vekili Mehmet Birol \u015eahin, Rekt\u00f6r Yard\u0131mc\u0131lar\u0131 Prof. Dr. Cevdet Avc\u0131kurt, Prof. Dr. Murat Do\u011fdubay, Genel Sekreter Yemliha Yanar, Genel Sekreter Yard\u0131mc\u0131lar\u0131 \u0130smail Durak, Enes Bilgon, Rekt\u00f6rl\u00fck Bas\u0131n ve Halkla \u0130li\u015fkiler M\u00fcd\u00fcrl\u00fc\u011f\u00fcnde g\u00f6revli 15 Temmuz Gazisi Murat Ceylan ile akademik ve idari personel kat\u0131ld\u0131.<\/span><\/p>\n<p><span style=\"font-family: arial, helvetica, sans-serif;\">Sergi a\u00e7\u0131l\u0131\u015f\u0131nda bir konu\u015fma ger\u00e7ekle\u015ftiren Bal\u0131kesir \u00dcniversitesi Rekt\u00f6r\u00fc Prof. Dr. Y\u00fccel O\u011furlu; \u201cDarbe giri\u015fimine kar\u015f\u0131 Aziz milletimiz can\u0131 pahas\u0131na soka\u011fa d\u00f6k\u00fclerek darbe giri\u015fimini engelledi. 15 Temmuz; herhangi bir grubun, milletin iradesinin \u00fczerine \u00e7\u0131karak, \u2018ben milletten \u00fcst\u00fcn\u00fcm, g\u00fc\u00e7l\u00fcy\u00fcm\u2019 diyenlere de direnmemiz gerekti\u011fini de g\u00f6steriyor. 15 Temmuz, kendi milletimize, devletimize her daim sahip \u00e7\u0131kmam\u0131z gerekti\u011fini bizlere hat\u0131rlat\u0131yor. 15 Temmuz \u00fclke tarihi a\u00e7\u0131s\u0131ndan \u00f6nemli bir derstir. Benzeri kalk\u0131\u015fmalara bu millet yine izin vermeyecektir. Bu vesileyle aziz \u015fehitlerimizi rahmetle ve minnetle an\u0131yor, aralar\u0131nda personelimizin de oldu\u011fu gazilerimize de \u015f\u00fckranlar\u0131m\u0131 sunuyorum\u201d dedi.<\/span><\/p>\n<p><span style=\"font-family: arial, helvetica, sans-serif;\">B\u00fcy\u00fck\u015fehir Belediye Ba\u015fkan Vekili Mehmet Birol \u015eahin de yapt\u0131\u011f\u0131 konu\u015fmada 15 Temmuz\u2019da; devletin ve milletin birlik i\u00e7inde hareket ederek, darbe giri\u015fimini bertaraf etti\u011fini belirtirken, tarih boyunca ya\u015fanan benzer \u00f6rneklerde oldu\u011fu gibi millet olarak bundan sonra da T\u00fcrk \u0130slam gelene\u011fine ve demokrasi gelene\u011fine sahip \u00e7\u0131kman\u0131n \u00f6nemli oldu\u011funun alt\u0131n\u0131 \u00e7izdi. \u015eahin, aziz \u015fehitlerimiz ile gazilerimizi rahmet ve \u015f\u00fckran ile anarak s\u00f6zlerini tamamlad\u0131.<\/span><\/p>\n<p><span style=\"font-family: arial, helvetica, sans-serif;\">Program\u0131n ard\u0131ndan Rekt\u00f6r O\u011furlu, kat\u0131l\u0131mlar\u0131 dolay\u0131s\u0131yla Ba\u015fkan Vekili Mehmet Birol \u015eahin\u2019e te\u015fekk\u00fcr etti. Rekt\u00f6r O\u011furlu sonras\u0131nda \u00c7a\u011f\u0131\u015f Yerle\u015fkesi Merkez Yemekhanede yer alan sergiyi de ziyaret etti.<\/span><\/p>\n<p>&nbsp;<\/p>\n","protected":false},"excerpt":{"rendered":"<p>Bal\u0131kesir \u00dcniversitesi&#8217;nde 15 Temmuz Demokrasi ve Milli Birlik G\u00fcn\u00fc etkinlikleri kapsam\u0131nda, \u201c15 Temmuz Dirili\u015f Destan\u0131 Foto\u011fraf Sergisi\u201d a\u00e7\u0131ld\u0131. Rekt\u00f6rl\u00fck binas\u0131nda<\/p>\n","protected":false},"author":3,"featured_media":12284,"comment_status":"open","ping_status":"open","sticky":false,"template":"","format":"standard","meta":{"colormag_page_container_layout":"default_layout","colormag_page_sidebar_layout":"default_layout","footnotes":""},"categories":[45,1,5,6],"tags":[],"class_list":["post-12282","post","type-post","status-publish","format-standard","has-post-thumbnail","hentry","category-egitim","category-genel","category-gundem","category-kultur-sanat"],"_links":{"self":[{"href":"https:\/\/marmarayerelhizmet.com\/index.php\/wp-json\/wp\/v2\/posts\/12282","targetHints":{"allow":["GET"]}}],"collection":[{"href":"https:\/\/marmarayerelhizmet.com\/index.php\/wp-json\/wp\/v2\/posts"}],"about":[{"href":"https:\/\/marmarayerelhizmet.com\/index.php\/wp-json\/wp\/v2\/types\/post"}],"author":[{"embeddable":true,"href":"https:\/\/marmarayerelhizmet.com\/index.php\/wp-json\/wp\/v2\/users\/3"}],"replies":[{"embeddable":true,"href":"https:\/\/marmarayerelhizmet.com\/index.php\/wp-json\/wp\/v2\/comments?post=12282"}],"version-history":[{"count":0,"href":"https:\/\/marmarayerelhizmet.com\/index.php\/wp-json\/wp\/v2\/posts\/12282\/revisions"}],"wp:featuredmedia":[{"embeddable":true,"href":"https:\/\/marmarayerelhizmet.com\/index.php\/wp-json\/wp\/v2\/media\/12284"}],"wp:attachment":[{"href":"https:\/\/marmarayerelhizmet.com\/index.php\/wp-json\/wp\/v2\/media?parent=12282"}],"wp:term":[{"taxonomy":"category","embeddable":true,"href":"https:\/\/marmarayerelhizmet.com\/index.php\/wp-json\/wp\/v2\/categories?post=12282"},{"taxonomy":"post_tag","embeddable":true,"href":"https:\/\/marmarayerelhizmet.com\/index.php\/wp-json\/wp\/v2\/tags?post=12282"}],"curies":[{"name":"wp","href":"https:\/\/api.w.org\/{rel}","templated":true}]}}