{"id":12274,"date":"2023-07-14T16:23:58","date_gmt":"2023-07-14T13:23:58","guid":{"rendered":"https:\/\/marmarayerelhizmet.com\/?p=12274"},"modified":"2023-07-14T16:23:58","modified_gmt":"2023-07-14T13:23:58","slug":"vatandaslar-uskudarda-denize-girdi","status":"publish","type":"post","link":"https:\/\/marmarayerelhizmet.com\/index.php\/2023\/07\/14\/vatandaslar-uskudarda-denize-girdi\/","title":{"rendered":"Vatanda\u015flar \u00dcsk\u00fcdar&#8217;da Denize Girdi"},"content":{"rendered":"<p><strong><span style=\"font-family: arial, helvetica, sans-serif; font-size: 14px;\">\u0130stanbul&#8217;da hava s\u0131cakl\u0131klar\u0131n\u0131n y\u00fckselmesiyle birlikte vatanda\u015flar \u0130stanbul sahillerine ak\u0131n etti. Termometreler 34 dereceyi g\u00f6sterirken, \u00dcsk\u00fcdar sahiline gelenler serinlemek i\u00e7in solu\u011fu denizde ald\u0131.<br \/>\n<\/span><\/strong><br \/>\n<span style=\"font-family: arial, helvetica, sans-serif; font-size: 14px;\">Son g\u00fcnlerde hava s\u0131cakl\u0131klar\u0131n\u0131n artmas\u0131yla birlikte \u0130stanbullular serinlemek i\u00e7in sahillere ak\u0131n etti. S\u0131caktan bunal\u0131p solu\u011fu \u00dcsk\u00fcdar sahilinde alan baz\u0131 vatanda\u015flar denize girerek serinledi. Y\u00fczerek serinleyen vatanda\u015flar sahilleri doldururken, \u0130stanbul&#8217;da termometreler 34 dereceyi g\u00f6sterdi.<\/span><\/p>\n<p><strong><span style=\"font-family: arial, helvetica, sans-serif; font-size: 14px;\">AKOM&#8217;dan \u00e7\u00f6l s\u0131caklar\u0131 uyar\u0131s\u0131<\/span><\/strong><br \/>\n<span style=\"font-family: arial, helvetica, sans-serif; font-size: 14px;\">\u0130stanbul B\u00fcy\u00fck\u015fehir Belediyesi Afet Koordinasyon Merkezi&#8217;nden (AKOM) s\u0131caklar hakk\u0131nda a\u00e7\u0131klama yap\u0131ld\u0131. A\u00e7\u0131klamada, &#8220;\u00c7\u00f6l s\u0131caklar\u0131n\u0131 bat\u0131 kesimlere ta\u015f\u0131mas\u0131yla 13-14 Temmuz tarihlerinde g\u00fcn boyunca s\u0131cakl\u0131klar\u0131n mevsim normallerinin 6-8\u00b0C \u00fczerine y\u00fckselece\u011fi, b\u00f6lgesel olarak yeni s\u0131cakl\u0131k rekorlar\u0131n\u0131n \u00f6l\u00e7\u00fclebilece\u011fi tahmin ediliyor. Artan s\u0131cakl\u0131klar ve d\u00fc\u015f\u00fck seyreden nem oranlar\u0131n\u0131n, \u00e7al\u0131 ve orman yang\u0131n\u0131 riskini de y\u00fckseltti\u011fini dikkate alan \u0130BB ekipleri, 2 g\u00fcn boyunca n\u00f6bet sistemiyle teyakkuzda olacak&#8221; denildi.<\/span><\/p>\n<p><strong><span style=\"font-family: arial, helvetica, sans-serif; font-size: 14px;\">&#8220;3 g\u00fcnd\u00fcr bunal\u0131yoruz, burada y\u00fczd\u00fck&#8221;<\/span><\/strong><br \/>\n<span style=\"font-family: arial, helvetica, sans-serif; font-size: 14px;\">S\u0131caklardan dolay\u0131 \u00dcsk\u00fcdar&#8217;da y\u00fczmeye geldi\u011fini belirten Burak Saydam, &#8220;Bug\u00fcn hava 37-38 derece. \u0130\u015fe gitmeden \u00f6nce serinlemek istedik, \u015fimdi burada yar\u0131m saat kadar y\u00fczece\u011fiz sonra du\u015fumuzu al\u0131p i\u015fe gidece\u011fiz. 3 g\u00fcnd\u00fcr bunal\u0131yoruz, d\u00fcn de burada y\u00fczd\u00fck. Kar\u015f\u0131ya kadar gidecektik, gidemedik geri d\u00f6nd\u00fck&#8221; dedi.<\/span><\/p>\n<p><strong><span style=\"font-family: arial, helvetica, sans-serif; font-size: 14px;\">&#8220;S\u0131caktan uyuyamad\u0131m, \u00dcsk\u00fcdar\u2019a geldim&#8221;<\/span><\/strong><br \/>\n<span style=\"font-family: arial, helvetica, sans-serif; font-size: 14px;\">S\u0131caktan uyuyamad\u0131\u011f\u0131n\u0131 ve y\u00fczerek serinledi\u011fini ifade eden Emre Aras, &#8220;Motora bindim direkt \u00dcsk\u00fcdar&#8217;a gelip denize girdim. Su serin ve buran\u0131n suyunu hi\u00e7bir yere de\u011fi\u015fmem. Bo\u011faz\u0131n serin, ak\u0131nt\u0131l\u0131, g\u00fczel suyu. Herkese tavsiye ederim&#8221; \u015feklinde konu\u015ftu.<\/span><\/p>\n","protected":false},"excerpt":{"rendered":"<p>\u0130stanbul&#8217;da hava s\u0131cakl\u0131klar\u0131n\u0131n y\u00fckselmesiyle birlikte vatanda\u015flar \u0130stanbul sahillerine ak\u0131n etti. Termometreler 34 dereceyi g\u00f6sterirken, \u00dcsk\u00fcdar sahiline gelenler serinlemek i\u00e7in solu\u011fu<\/p>\n","protected":false},"author":3,"featured_media":12276,"comment_status":"open","ping_status":"open","sticky":false,"template":"","format":"standard","meta":{"colormag_page_container_layout":"default_layout","colormag_page_sidebar_layout":"default_layout","footnotes":""},"categories":[1,5],"tags":[],"class_list":["post-12274","post","type-post","status-publish","format-standard","has-post-thumbnail","hentry","category-genel","category-gundem"],"_links":{"self":[{"href":"https:\/\/marmarayerelhizmet.com\/index.php\/wp-json\/wp\/v2\/posts\/12274","targetHints":{"allow":["GET"]}}],"collection":[{"href":"https:\/\/marmarayerelhizmet.com\/index.php\/wp-json\/wp\/v2\/posts"}],"about":[{"href":"https:\/\/marmarayerelhizmet.com\/index.php\/wp-json\/wp\/v2\/types\/post"}],"author":[{"embeddable":true,"href":"https:\/\/marmarayerelhizmet.com\/index.php\/wp-json\/wp\/v2\/users\/3"}],"replies":[{"embeddable":true,"href":"https:\/\/marmarayerelhizmet.com\/index.php\/wp-json\/wp\/v2\/comments?post=12274"}],"version-history":[{"count":0,"href":"https:\/\/marmarayerelhizmet.com\/index.php\/wp-json\/wp\/v2\/posts\/12274\/revisions"}],"wp:featuredmedia":[{"embeddable":true,"href":"https:\/\/marmarayerelhizmet.com\/index.php\/wp-json\/wp\/v2\/media\/12276"}],"wp:attachment":[{"href":"https:\/\/marmarayerelhizmet.com\/index.php\/wp-json\/wp\/v2\/media?parent=12274"}],"wp:term":[{"taxonomy":"category","embeddable":true,"href":"https:\/\/marmarayerelhizmet.com\/index.php\/wp-json\/wp\/v2\/categories?post=12274"},{"taxonomy":"post_tag","embeddable":true,"href":"https:\/\/marmarayerelhizmet.com\/index.php\/wp-json\/wp\/v2\/tags?post=12274"}],"curies":[{"name":"wp","href":"https:\/\/api.w.org\/{rel}","templated":true}]}}