{"id":12270,"date":"2023-07-14T16:22:20","date_gmt":"2023-07-14T13:22:20","guid":{"rendered":"https:\/\/marmarayerelhizmet.com\/?p=12270"},"modified":"2023-07-14T16:22:20","modified_gmt":"2023-07-14T13:22:20","slug":"otomobil-motosiklete-carpti","status":"publish","type":"post","link":"https:\/\/marmarayerelhizmet.com\/index.php\/2023\/07\/14\/otomobil-motosiklete-carpti\/","title":{"rendered":"Otomobil Motosiklete \u00c7arpt\u0131"},"content":{"rendered":"<p><strong><span style=\"font-family: arial, helvetica, sans-serif; font-size: 14px;\">Tekirda\u011f&#8217;da otomobilin motosiklete \u00e7arpt\u0131\u011f\u0131 kazada motosiklette bulunan iki ki\u015fi a\u011f\u0131r yaraland\u0131.<br \/>\n<\/span><\/strong><br \/>\n<span style=\"font-family: arial, helvetica, sans-serif; font-size: 14px;\">Kaza, Saray il\u00e7esi \u00e7evre yolu \u00fczerinde meydana geldi. Al\u0131nan bilgilere g\u00f6re, K\u0131rklareli&#8217;nin Vize il\u00e7esi istikametinden \u00c7erkezk\u00f6y istikametine seyreden Belma \u00c7. idaresindeki 59 ADB 433 plakal\u0131 motosiklete, \u00c7ayla kav\u015fa\u011f\u0131 \u00fczerinde, iddiaya g\u00f6re \u0131\u015f\u0131k ihlali sebebiyle \u00c7ayla istikametine seyreden Ahmet K. idaresindeki 59 RC 986 plakal\u0131 otomobil \u00e7arpt\u0131. Meydana gelen kazada, \u00e7arpman\u0131n etkisiyle motosiklet yakla\u015f\u0131k 20 metre savrulurken, motosiklet s\u00fcr\u00fcc\u00fcs\u00fc Belma \u00c7. ve arkada\u015f\u0131 G\u00fclzira \u0130. yaraland\u0131. \u00c7evredekilerin ihbar\u0131 \u00fczerine kaza yerine sevk edilen sa\u011fl\u0131k ekipleri taraf\u0131ndan yap\u0131lan ilk m\u00fcdahalenin ard\u0131ndan yaral\u0131lar Saray Devlet Hastanesine kald\u0131r\u0131ld\u0131.<\/span><br \/>\n<span style=\"font-family: arial, helvetica, sans-serif; font-size: 14px;\">Kazayla ilgili inceleme ba\u015flat\u0131ld\u0131.<\/span><\/p>\n","protected":false},"excerpt":{"rendered":"<p>Tekirda\u011f&#8217;da otomobilin motosiklete \u00e7arpt\u0131\u011f\u0131 kazada motosiklette bulunan iki ki\u015fi a\u011f\u0131r yaraland\u0131. Kaza, Saray il\u00e7esi \u00e7evre yolu \u00fczerinde meydana geldi. Al\u0131nan<\/p>\n","protected":false},"author":3,"featured_media":12272,"comment_status":"open","ping_status":"open","sticky":false,"template":"","format":"standard","meta":{"colormag_page_container_layout":"default_layout","colormag_page_sidebar_layout":"default_layout","footnotes":""},"categories":[1,5],"tags":[],"class_list":["post-12270","post","type-post","status-publish","format-standard","has-post-thumbnail","hentry","category-genel","category-gundem"],"_links":{"self":[{"href":"https:\/\/marmarayerelhizmet.com\/index.php\/wp-json\/wp\/v2\/posts\/12270","targetHints":{"allow":["GET"]}}],"collection":[{"href":"https:\/\/marmarayerelhizmet.com\/index.php\/wp-json\/wp\/v2\/posts"}],"about":[{"href":"https:\/\/marmarayerelhizmet.com\/index.php\/wp-json\/wp\/v2\/types\/post"}],"author":[{"embeddable":true,"href":"https:\/\/marmarayerelhizmet.com\/index.php\/wp-json\/wp\/v2\/users\/3"}],"replies":[{"embeddable":true,"href":"https:\/\/marmarayerelhizmet.com\/index.php\/wp-json\/wp\/v2\/comments?post=12270"}],"version-history":[{"count":0,"href":"https:\/\/marmarayerelhizmet.com\/index.php\/wp-json\/wp\/v2\/posts\/12270\/revisions"}],"wp:featuredmedia":[{"embeddable":true,"href":"https:\/\/marmarayerelhizmet.com\/index.php\/wp-json\/wp\/v2\/media\/12272"}],"wp:attachment":[{"href":"https:\/\/marmarayerelhizmet.com\/index.php\/wp-json\/wp\/v2\/media?parent=12270"}],"wp:term":[{"taxonomy":"category","embeddable":true,"href":"https:\/\/marmarayerelhizmet.com\/index.php\/wp-json\/wp\/v2\/categories?post=12270"},{"taxonomy":"post_tag","embeddable":true,"href":"https:\/\/marmarayerelhizmet.com\/index.php\/wp-json\/wp\/v2\/tags?post=12270"}],"curies":[{"name":"wp","href":"https:\/\/api.w.org\/{rel}","templated":true}]}}