{"id":12266,"date":"2023-07-14T12:10:21","date_gmt":"2023-07-14T09:10:21","guid":{"rendered":"https:\/\/marmarayerelhizmet.com\/?p=12266"},"modified":"2023-07-14T12:10:21","modified_gmt":"2023-07-14T09:10:21","slug":"sanatatil-yaz-okulunda-ders-zili-caldi","status":"publish","type":"post","link":"https:\/\/marmarayerelhizmet.com\/index.php\/2023\/07\/14\/sanatatil-yaz-okulunda-ders-zili-caldi\/","title":{"rendered":"&#8216;SanaTatil Yaz Okulu&#8217;nda Ders Zili \u00c7ald\u0131"},"content":{"rendered":"<p><strong><span style=\"font-family: arial, helvetica, sans-serif; font-size: 14px;\">Esenler Sanat Evi (ESEV) taraf\u0131ndan hayata ge\u00e7irilen \u201cSanaTatil Yaz Okulu\u201dnda ders zili \u00e7ald\u0131. Esenler\u2019in \u00e7ocuklar\u0131, yaz tatilini 30\u2019dan fazla bran\u015fta uzman e\u011fitmenler e\u015fli\u011finde verilecek e\u011fitimlerle dolu dolu ge\u00e7irecek.<br \/>\n<\/span><\/strong><br \/>\n<span style=\"font-family: arial, helvetica, sans-serif; font-size: 14px;\">A\u00e7\u0131ld\u0131\u011f\u0131 y\u0131ldan itibaren 45 binden fazla ki\u015fiyi sanatla bulu\u015fturan Esenler Sanat Evi (ESEV) m\u00fczikten tiyatroya, edebiyattan halk oyunlar\u0131na kadar bir\u00e7ok alanda e\u011fitimlerini s\u00fcrd\u00fcr\u00fcyor. \u201cSanaTatil Yaz Okulu\u201d projesiyle Esenlerli \u00e7ocuklar\u0131n bu yaz tatilini verimli ve e\u011flenceli ge\u00e7irmeleri hedefleniyor. Okullar\u0131n kapanmas\u0131yla birlikte tatil d\u00f6nemine giren 8-12 ve 13-16 ya\u015f aral\u0131\u011f\u0131ndaki \u00e7ocuklara, sanat\u0131n farkl\u0131 dallar\u0131nda kendini geli\u015ftirmek i\u00e7in uzman e\u011fitimci kadrosuyla e\u011fitimlerin verildi\u011fi SanaTatil Yaz Okulu, iki d\u00f6nemden olu\u015fuyor. \u0130lk ders zilinin 3 Temmuz\u2019da \u00e7ald\u0131\u011f\u0131 okul, 30 Temmuz\u2019a kadar devam edecek. \u0130lk d\u00f6nemin ard\u0131ndan 31 Temmuz- 27 A\u011fustos tarihleri aras\u0131nda ise ikinci d\u00f6nem ger\u00e7ekle\u015fecek. Sanat, de\u011ferler e\u011fitimi, ilim, spor gibi alanlarda e\u011fitimlerin verilece\u011fi yaz okulunda e\u011fitim d\u00f6nemi boyunca ayr\u0131ca \u00e7e\u015fitli workshoplar ve geziler de d\u00fczenlenecek.<\/span><\/p>\n<p><strong><span style=\"font-family: arial, helvetica, sans-serif; font-size: 14px;\">\u0130lmi ve de\u011ferler e\u011fitimi de veriliyor<\/span><\/strong><br \/>\n<span style=\"font-family: arial, helvetica, sans-serif; font-size: 14px;\">12 y\u0131ld\u0131r e\u011fitimlerine devam eden Esenler Sanat Evi (ESEV)\u2019nde 60 farkl\u0131 bran\u015fta e\u011fitim verildi\u011fine dikkat \u00e7eken ESEV Koordinat\u00f6r\u00fc Kader Peker, \u201cBu y\u0131l ilk defa hem yaz sanat etkinlikleri hem de \u201cSanaTatil Yaz Okulu\u201d projemiz var. Haftan\u0131n be\u015f g\u00fcn\u00fc sabah\u00e7\u0131 ve \u00f6\u011flenci olarak iki grubumuz var. G\u00fcnl\u00fck 4 saat e\u011fitim al\u0131yorlar. Geleneksel ve el sanatlar\u0131ndan m\u00fczi\u011fe, sahne sanatlar\u0131ndan de\u011ferler e\u011fitimine kadar bir\u00e7ok farkl\u0131 bran\u015fla birlikte workshoplar ve gezi etkinliklerimizle \u00e7ocuklar yaz tatilini dolu dolu ge\u00e7iriyor. De\u011ferler e\u011fitiminin yan\u0131 s\u0131ra ilmi e\u011fitimlerimiz de var. De\u011ferler e\u011fitimiyle birlikte \u00f6\u011frenciler \u2018Kainat\u0131 Ke\u015ffediyorum\u2019 ile hem kendini sorguluyor hem de \u2018Evrenin neresindeyim?\u2019, \u2018Ne i\u00e7in var\u0131m?\u2019 sorular\u0131na yan\u0131t ar\u0131yorlar. \u2018Adab-\u0131 Mua\u015feret\u2019 dersiyle de g\u00f6rg\u00fc kurallar\u0131n\u0131 \u00f6\u011frenerek toplum i\u00e7inde nas\u0131l davran\u0131lmas\u0131 gerekti\u011fini \u00f6\u011freniyorlar. Bunlar\u0131n yan\u0131 s\u0131ra bir de se\u00e7meli Kuran-\u0131 Kerim dersi de ile dileyen \u00f6\u011frenciler y\u00fcce kitab\u0131m\u0131z\u0131 \u00f6\u011frenme olana\u011f\u0131 sa\u011flan\u0131yor\u201d ifadelerini kulland\u0131.<\/span><\/p>\n<p><strong><span style=\"font-family: arial, helvetica, sans-serif; font-size: 14px;\">\u201cMezuniyet t\u00f6reni d\u00fczenleyece\u011fiz\u201d<\/span><\/strong><br \/>\n<span style=\"font-family: arial, helvetica, sans-serif; font-size: 14px;\">K\u0131sa s\u00fcrede farkl\u0131 alanlarda yetkinlik kazanan \u00e7ocuklar\u0131n e\u011fitimleri hakk\u0131nda Peker, \u201cBu kadar dersin aras\u0131nda \u00e7ocuklar\u0131 e\u011flendirdi\u011fimiz alanlar da oluyor. Tiyatro, sinema gibi etkinlikler de d\u00fczenliyoruz. Yak\u0131n zamanda bir bo\u011faz turu etkinli\u011fimiz var. Yaz okuluna kat\u0131lan \u00f6\u011frenciler velileriyle birlikte hem e\u011flenip hem de rehber e\u015fli\u011finde bir bo\u011faz turu yapm\u0131\u015f olacaklar. Normal \u015fartlarda aylarca s\u00fcren e\u011fitimi biz bir ayda verece\u011fiz. Biraz ko\u015fturmal\u0131 ama e\u011flenceli ge\u00e7iyor. \u0130ki d\u00f6nem planlad\u0131\u011f\u0131m\u0131z bu e\u011fitim d\u00f6neminin sonunda e\u011fitimlerini tamamlayan \u00f6\u011frencilere Eyl\u00fcl ay\u0131nda mezuniyet planl\u0131yoruz. E\u011fitim d\u00f6nemi boyunca yapt\u0131klar\u0131 eserleri de sergileyecekleri sergimizle de bu mezuniyet program\u0131na renk katmay\u0131 hedefliyoruz\u201d \u015feklinde konu\u015ftu.<\/span><\/p>\n<p><strong><span style=\"font-family: arial, helvetica, sans-serif; font-size: 14px;\">\u00c7ocuklar tatili verimli ge\u00e7iriyor<\/span><\/strong><br \/>\n<span style=\"font-family: arial, helvetica, sans-serif; font-size: 14px;\">ESEV\u2019de resim e\u011fitmenli\u011fi yapan usta \u00f6\u011fretici Gamze Kaya, \u201cYaz okulundaki resim derslerimiz e\u011flenceli ge\u00e7iyor. \u00c7ocuklar\u0131n en az\u0131ndan bu yaz tatilini verimli ge\u00e7irerek bilgisayar ve telefonlardan biraz uzakla\u015faca\u011f\u0131 bir tatil hedefliyoruz. Buraya gelen \u00f6\u011frenciler farkl\u0131 bran\u015flarda ald\u0131klar\u0131 derslerle kendilerini ke\u015ffetmeleri ve y\u00f6n \u00e7izmelerine yard\u0131mc\u0131 oluyor. \u00c7ocuklar kendilerini bu ya\u015flarda iyi tan\u0131yam\u0131yorlar. Buradaki farkl\u0131 bran\u015flarla hangi alana yatk\u0131n olduklar\u0131n\u0131 ke\u015ffediyorlar asl\u0131nda. Bu a\u00e7\u0131dan yaz okulu \u00f6\u011frenciler i\u00e7in b\u00fcy\u00fck bir avantaj oluyor\u201d ifadelerini kulland\u0131.<\/span><\/p>\n<p><strong><span style=\"font-family: arial, helvetica, sans-serif; font-size: 14px;\">\u201c\u0130lgimi ve yeteneklerimi ke\u015ffediyorum\u201d<\/span><\/strong><br \/>\n<span style=\"font-family: arial, helvetica, sans-serif; font-size: 14px;\">Yaz okulunda e\u011fitim alan \u00f6\u011frencilerden 8 ya\u015f\u0131ndaki Duru Hira Sezgin ise, \u201cOkul kapand\u0131ktan sonra yaz tatilimi verimli bir \u015fekilde de\u011ferlendirmek ve ayn\u0131 zamanda yeni arkada\u015flar edinmek i\u00e7in bu yaz okuluna kay\u0131t yapt\u0131rm\u0131\u015ft\u0131m. \u0130ki haftad\u0131r geliyorum. Buras\u0131 bana \u00e7ok \u015fey katt\u0131. Burada farkl\u0131 alanlarda derslere girerek kendi ilgimin ve yetene\u011fimin hangi alanda oldu\u011funu ke\u015ffediyorum. Hem de yeni arkada\u015flar edinerek sosyalle\u015fiyorum. Benim i\u00e7in \u00e7ok e\u011flenceli ge\u00e7iyor\u201d dedi.<\/span><\/p>\n","protected":false},"excerpt":{"rendered":"<p>Esenler Sanat Evi (ESEV) taraf\u0131ndan hayata ge\u00e7irilen \u201cSanaTatil Yaz Okulu\u201dnda ders zili \u00e7ald\u0131. Esenler\u2019in \u00e7ocuklar\u0131, yaz tatilini 30\u2019dan fazla bran\u015fta<\/p>\n","protected":false},"author":3,"featured_media":12268,"comment_status":"open","ping_status":"open","sticky":false,"template":"","format":"standard","meta":{"colormag_page_container_layout":"default_layout","colormag_page_sidebar_layout":"default_layout","footnotes":""},"categories":[45,1,5,6],"tags":[],"class_list":["post-12266","post","type-post","status-publish","format-standard","has-post-thumbnail","hentry","category-egitim","category-genel","category-gundem","category-kultur-sanat"],"_links":{"self":[{"href":"https:\/\/marmarayerelhizmet.com\/index.php\/wp-json\/wp\/v2\/posts\/12266","targetHints":{"allow":["GET"]}}],"collection":[{"href":"https:\/\/marmarayerelhizmet.com\/index.php\/wp-json\/wp\/v2\/posts"}],"about":[{"href":"https:\/\/marmarayerelhizmet.com\/index.php\/wp-json\/wp\/v2\/types\/post"}],"author":[{"embeddable":true,"href":"https:\/\/marmarayerelhizmet.com\/index.php\/wp-json\/wp\/v2\/users\/3"}],"replies":[{"embeddable":true,"href":"https:\/\/marmarayerelhizmet.com\/index.php\/wp-json\/wp\/v2\/comments?post=12266"}],"version-history":[{"count":0,"href":"https:\/\/marmarayerelhizmet.com\/index.php\/wp-json\/wp\/v2\/posts\/12266\/revisions"}],"wp:featuredmedia":[{"embeddable":true,"href":"https:\/\/marmarayerelhizmet.com\/index.php\/wp-json\/wp\/v2\/media\/12268"}],"wp:attachment":[{"href":"https:\/\/marmarayerelhizmet.com\/index.php\/wp-json\/wp\/v2\/media?parent=12266"}],"wp:term":[{"taxonomy":"category","embeddable":true,"href":"https:\/\/marmarayerelhizmet.com\/index.php\/wp-json\/wp\/v2\/categories?post=12266"},{"taxonomy":"post_tag","embeddable":true,"href":"https:\/\/marmarayerelhizmet.com\/index.php\/wp-json\/wp\/v2\/tags?post=12266"}],"curies":[{"name":"wp","href":"https:\/\/api.w.org\/{rel}","templated":true}]}}