{"id":12258,"date":"2023-07-14T12:05:55","date_gmt":"2023-07-14T09:05:55","guid":{"rendered":"https:\/\/marmarayerelhizmet.com\/?p=12258"},"modified":"2023-07-14T12:05:55","modified_gmt":"2023-07-14T09:05:55","slug":"uzum-hosafli-canakkale-menusu-yanlis","status":"publish","type":"post","link":"https:\/\/marmarayerelhizmet.com\/index.php\/2023\/07\/14\/uzum-hosafli-canakkale-menusu-yanlis\/","title":{"rendered":"&#8216;\u00dcz\u00fcm Ho\u015fafl\u0131 \u00c7anakkale Men\u00fcs\u00fc&#8217; Yanl\u0131\u015f"},"content":{"rendered":"<p><strong><span style=\"font-family: arial, helvetica, sans-serif; font-size: 14px;\">\u00c7anakkale Onsekiz Mart \u00dcniversitesi (\u00c7OM\u00dc) Atat\u00fcrk ve \u00c7anakkale Sava\u015flar\u0131n\u0131 Ara\u015ft\u0131rma Merkezi (A\u00c7ASAM) M\u00fcd\u00fcr Yard\u0131mc\u0131s\u0131 \u00d6\u011fretim G\u00f6revlisi \u0130smail Sabah, ar\u015fiv belgelerindeki ara\u015ft\u0131rmas\u0131nda, \u00c7anakkale Sava\u015flar\u0131 s\u0131ras\u0131nda askerlerin beslenmesiyle ilgili, \u00e7e\u015fitli zamanlarda sosyal medyada payla\u015f\u0131lan \u00fcz\u00fcm ho\u015fafl\u0131 \u00c7anakkale men\u00fcs\u00fcn\u00fcn yanl\u0131\u015f oldu\u011funu s\u00f6yledi. Harp ceridelerini inceledi\u011finde askerlerin, etli nohut, zeytinya\u011fl\u0131 bakla gibi sa\u011fl\u0131kl\u0131 bir yiyeceklerle beslendi\u011fini ifade eden Sabah, \u201cHer sene t\u00f6renlerde g\u00f6rd\u00fc\u011f\u00fcm\u00fcz o \u00fcz\u00fcm ho\u015fafl\u0131 \u00c7anakkale men\u00fcs\u00fcn\u00fcn ger\u00e7ek olmad\u0131\u011f\u0131n\u0131, o d\u00f6nemde kay\u0131t tutan askerler zaten bize belgeleriyle anlatm\u0131\u015f durumdad\u0131r\u201d dedi.<br \/>\n<\/span><\/strong><br \/>\n<span style=\"font-family: arial, helvetica, sans-serif; font-size: 14px;\">\u00c7anakkale Sava\u015flar\u0131\u2019n\u0131n ya\u015fand\u0131\u011f\u0131, Tarihi Gelibolu Yar\u0131madas\u0131\u2019nda Kahraman Mehmet\u00e7ik 108 y\u0131l \u00f6nce d\u00fcnyan\u0131n en g\u00fc\u00e7l\u00fc donanmalar\u0131na ge\u00e7it vermeyerek &#8216;\u00c7anakkale Ge\u00e7ilmez Destan\u0131&#8217; yazd\u0131. \u00c7anakkale Sava\u015flar\u0131 \u00fczerinden 108 y\u0131l ge\u00e7mesine ra\u011fmen o d\u00f6neme ait harp ceridelerinde yeni bilgiler ortaya \u00e7\u0131kmaya devam ediyor. \u00c7OM\u00dc A\u00c7ASAM M\u00fcd\u00fcr Yard\u0131mc\u0131s\u0131 \u00d6\u011fretim G\u00f6revlisi \u0130smail Sabah, \u00c7anakkale Sava\u015flar\u0131 \u00fczerinde son 2 y\u0131ld\u0131r yapt\u0131\u011f\u0131 ar\u015fiv \u00e7al\u0131\u015fmas\u0131nda \u00e7ok say\u0131da Osmanl\u0131ca yaz\u0131lm\u0131\u015f harp ceridesini inceledi. Sabah, \u00e7al\u0131\u015fmalar\u0131nda, \u00c7anakkale Sava\u015flar\u0131&#8217;nda g\u00f6rev alan askerlerin beslenmesiyle ilgili, sosyal medyada dola\u015fan \u00fcz\u00fcm ho\u015fafl\u0131 &#8216;\u00c7anakkale Men\u00fcs\u00fc&#8217; ad\u0131 alt\u0131nda payla\u015f\u0131lan listenin yanl\u0131\u015f oldu\u011funu inceledi\u011fi belgelerle ortaya \u00e7\u0131kard\u0131.<\/span><br \/>\n<span style=\"font-family: arial, helvetica, sans-serif; font-size: 14px;\">\u00c7anakkale Sava\u015flar\u0131 s\u0131ras\u0131nda askerlerin beslendi\u011fi \u00fcz\u00fcm ho\u015fafl\u0131 \u00c7anakkale men\u00fcs\u00fcn\u00fcn ger\u00e7ek olmad\u0131\u011f\u0131n\u0131 belirten \u00d6\u011fretim G\u00f6revlisi \u0130smail Sabah, &#8220;\u00c7anakkale Sava\u015flar\u0131&#8217;n\u0131n yak\u0131n tarihin en \u00f6nemli olaylar\u0131 aras\u0131nda yer almaktad\u0131r. Ve bizim i\u00e7in \u00c7anakkale&#8217;yi anlatan birinci kaynaklarda ar\u015fiv vesikalar\u0131d\u0131r. Yani o d\u00f6nemde burada sava\u015fan askerler ve subaylar taraf\u0131ndan tutulmu\u015f kay\u0131tlard\u0131r. Biz bunlara bakt\u0131\u011f\u0131m\u0131z zaman asl\u0131nda askerin beslenmesi noktas\u0131nda \u00e7ok fazla \u00f6zen g\u00f6sterildi\u011fini s\u00f6yleyebiliriz. Harp ceridelerine bakt\u0131\u011f\u0131m\u0131z zaman askerimizin, etinden, kavurmas\u0131na, fasulyesinden, baklas\u0131na kadar asl\u0131nda \u00e7ok \u00e7e\u015fitli beslendi\u011fini bu belgeler sayesinde g\u00f6rmekteyiz. Kald\u0131 ki, 8.5 ay s\u00fcren bir muharebe boyunca siz askeri sadece \u00fcz\u00fcm ho\u015faf\u0131yla beslemeye kalkarsan\u0131z, askerin siperde dayanabilme g\u00fcc\u00fcn\u00fc de bir anlamda asl\u0131nda yok edersiniz. 1915 y\u0131l\u0131nda yani \u00c7anakkale\u2019de bu sava\u015flar ger\u00e7ekle\u015firken, hedef \u0130stanbul, yani bir anlamda devletin varl\u0131\u011f\u0131 oldu\u011fu i\u00e7in o d\u00f6nemde devleti idare edenler \u00c7anakkale\u2019ye en b\u00fcy\u00fck hassasiyeti g\u00f6stermi\u015flerdir diyebiliriz. 5\u2019inci Ordu Komutanl\u0131\u011f\u0131 nezdinde kurulan menzil te\u015fkilat\u0131 vas\u0131tas\u0131yla gerek Trakya\u2019dan, gerek Anadolu\u2019dan menzil kollar\u0131 vas\u0131tas\u0131yla erza\u011f\u0131n biz \u00c7anakkale\u2019ye ta\u015f\u0131nd\u0131\u011f\u0131n\u0131 bilmekteyiz. Dolay\u0131s\u0131yla \u00f6yle her sene t\u00f6renlerde g\u00f6rd\u00fc\u011f\u00fcm\u00fcz o \u00fcz\u00fcm ho\u015fafl\u0131 \u00c7anakkale men\u00fcs\u00fcn\u00fcn ger\u00e7ek olmad\u0131\u011f\u0131n\u0131, o d\u00f6nemde kay\u0131t tutan askerler zaten bize belgeleriyle anlatm\u0131\u015f durumdad\u0131r&#8221; dedi.<\/span><br \/>\n<span style=\"font-family: arial, helvetica, sans-serif; font-size: 14px;\">Harp ceridelerinde askerlerin sa\u011fl\u0131kl\u0131 bir yiyeceklerle beslendi\u011fini kaydeden Sabah, s\u00f6zlerine \u015f\u00f6yle devam etti:<\/span><br \/>\n<span style=\"font-family: arial, helvetica, sans-serif; font-size: 14px;\">&#8220;Men\u00fclerde kavurma, baz\u0131 g\u00fcnler askerlere bal\u0131k verildi\u011fini g\u00f6r\u00fcyoruz. Nohutundan, pirincine, \u00e7orbas\u0131na, zeytin, ekmek gibi \u00e7ok \u00e7e\u015fitli beslendi\u011fini s\u00f6yleyebiliriz. Hatta \u015funu da s\u00f6ylemek laz\u0131m, ar\u015fiv belgelerine bakt\u0131\u011f\u0131m\u0131zda o d\u00f6nemde tabur doktorlar\u0131 taraf\u0131ndan biz askerin g\u00fcnl\u00fck yedi\u011fi yeme\u011fin kalorisinin dahi hesapland\u0131\u011f\u0131n\u0131, bunlar\u0131 kay\u0131t alt\u0131na al\u0131nd\u0131\u011f\u0131n\u0131, bunlarla ilgili taburlar olu\u015fturuldu\u011funu ve bunlar\u0131n \u00fcst makamlara g\u00f6nderildi\u011fini \u00e7ok rahat g\u00f6r\u00fcyoruz. Yani bu kadar \u00f6zen verildi\u011fini, belgeler bize s\u00f6yl\u00fcyor.&#8221;<\/span><\/p>\n","protected":false},"excerpt":{"rendered":"<p>\u00c7anakkale Onsekiz Mart \u00dcniversitesi (\u00c7OM\u00dc) Atat\u00fcrk ve \u00c7anakkale Sava\u015flar\u0131n\u0131 Ara\u015ft\u0131rma Merkezi (A\u00c7ASAM) M\u00fcd\u00fcr Yard\u0131mc\u0131s\u0131 \u00d6\u011fretim G\u00f6revlisi \u0130smail Sabah, ar\u015fiv belgelerindeki<\/p>\n","protected":false},"author":3,"featured_media":12260,"comment_status":"open","ping_status":"open","sticky":false,"template":"","format":"standard","meta":{"colormag_page_container_layout":"default_layout","colormag_page_sidebar_layout":"default_layout","footnotes":""},"categories":[1,5],"tags":[],"class_list":["post-12258","post","type-post","status-publish","format-standard","has-post-thumbnail","hentry","category-genel","category-gundem"],"_links":{"self":[{"href":"https:\/\/marmarayerelhizmet.com\/index.php\/wp-json\/wp\/v2\/posts\/12258","targetHints":{"allow":["GET"]}}],"collection":[{"href":"https:\/\/marmarayerelhizmet.com\/index.php\/wp-json\/wp\/v2\/posts"}],"about":[{"href":"https:\/\/marmarayerelhizmet.com\/index.php\/wp-json\/wp\/v2\/types\/post"}],"author":[{"embeddable":true,"href":"https:\/\/marmarayerelhizmet.com\/index.php\/wp-json\/wp\/v2\/users\/3"}],"replies":[{"embeddable":true,"href":"https:\/\/marmarayerelhizmet.com\/index.php\/wp-json\/wp\/v2\/comments?post=12258"}],"version-history":[{"count":0,"href":"https:\/\/marmarayerelhizmet.com\/index.php\/wp-json\/wp\/v2\/posts\/12258\/revisions"}],"wp:featuredmedia":[{"embeddable":true,"href":"https:\/\/marmarayerelhizmet.com\/index.php\/wp-json\/wp\/v2\/media\/12260"}],"wp:attachment":[{"href":"https:\/\/marmarayerelhizmet.com\/index.php\/wp-json\/wp\/v2\/media?parent=12258"}],"wp:term":[{"taxonomy":"category","embeddable":true,"href":"https:\/\/marmarayerelhizmet.com\/index.php\/wp-json\/wp\/v2\/categories?post=12258"},{"taxonomy":"post_tag","embeddable":true,"href":"https:\/\/marmarayerelhizmet.com\/index.php\/wp-json\/wp\/v2\/tags?post=12258"}],"curies":[{"name":"wp","href":"https:\/\/api.w.org\/{rel}","templated":true}]}}