{"id":12254,"date":"2023-07-14T12:04:17","date_gmt":"2023-07-14T09:04:17","guid":{"rendered":"https:\/\/marmarayerelhizmet.com\/?p=12254"},"modified":"2023-07-14T12:04:17","modified_gmt":"2023-07-14T09:04:17","slug":"sildaktan-15-temmuz-gazisine-ziyaret","status":"publish","type":"post","link":"https:\/\/marmarayerelhizmet.com\/index.php\/2023\/07\/14\/sildaktan-15-temmuz-gazisine-ziyaret\/","title":{"rendered":"\u015e\u0131ldak&#8217;tan 15 Temmuz Gazisine Ziyaret"},"content":{"rendered":"<p><strong><span style=\"font-family: arial, helvetica, sans-serif; font-size: 14px;\">Vali Hasan \u015e\u0131ldak 15 Temmuz Demokrasi ve Milli Birlik G\u00fcn\u00fc etkinlikleri kapsam\u0131nda Gazi Volkan Esen ve ailesini evlerinde ziyaret etti.<\/span><\/strong><\/p>\n<p><span style=\"font-family: arial, helvetica, sans-serif; font-size: 14px;\">Hain darbe giri\u015fiminde \u0130stanbul&#8217;da yaralanarak gazi olan Volkan Esen, Vali Hasan \u015e\u0131ldak\u2019a nazik ziyareti i\u00e7in te\u015fekk\u00fcr etti. Gazi Esen&#8217;e 15 Temmuz darbe giri\u015fimine kar\u015f\u0131 verdi\u011fi m\u00fccadele dolay\u0131s\u0131yla te\u015fekk\u00fcrlerini ileten Vali \u015e\u0131ldak, 15 Temmuzda \u015fehit d\u00fc\u015fen karde\u015fi G\u00f6khan Esen ba\u015fta olmak \u00fczere \u015fehit olanlara Allah&#8217;tan rahmet diledi.<\/span><\/p>\n","protected":false},"excerpt":{"rendered":"<p>Vali Hasan \u015e\u0131ldak 15 Temmuz Demokrasi ve Milli Birlik G\u00fcn\u00fc etkinlikleri kapsam\u0131nda Gazi Volkan Esen ve ailesini evlerinde ziyaret etti.<\/p>\n","protected":false},"author":3,"featured_media":12256,"comment_status":"open","ping_status":"open","sticky":false,"template":"","format":"standard","meta":{"colormag_page_container_layout":"default_layout","colormag_page_sidebar_layout":"default_layout","footnotes":""},"categories":[1,5],"tags":[],"class_list":["post-12254","post","type-post","status-publish","format-standard","has-post-thumbnail","hentry","category-genel","category-gundem"],"_links":{"self":[{"href":"https:\/\/marmarayerelhizmet.com\/index.php\/wp-json\/wp\/v2\/posts\/12254","targetHints":{"allow":["GET"]}}],"collection":[{"href":"https:\/\/marmarayerelhizmet.com\/index.php\/wp-json\/wp\/v2\/posts"}],"about":[{"href":"https:\/\/marmarayerelhizmet.com\/index.php\/wp-json\/wp\/v2\/types\/post"}],"author":[{"embeddable":true,"href":"https:\/\/marmarayerelhizmet.com\/index.php\/wp-json\/wp\/v2\/users\/3"}],"replies":[{"embeddable":true,"href":"https:\/\/marmarayerelhizmet.com\/index.php\/wp-json\/wp\/v2\/comments?post=12254"}],"version-history":[{"count":0,"href":"https:\/\/marmarayerelhizmet.com\/index.php\/wp-json\/wp\/v2\/posts\/12254\/revisions"}],"wp:featuredmedia":[{"embeddable":true,"href":"https:\/\/marmarayerelhizmet.com\/index.php\/wp-json\/wp\/v2\/media\/12256"}],"wp:attachment":[{"href":"https:\/\/marmarayerelhizmet.com\/index.php\/wp-json\/wp\/v2\/media?parent=12254"}],"wp:term":[{"taxonomy":"category","embeddable":true,"href":"https:\/\/marmarayerelhizmet.com\/index.php\/wp-json\/wp\/v2\/categories?post=12254"},{"taxonomy":"post_tag","embeddable":true,"href":"https:\/\/marmarayerelhizmet.com\/index.php\/wp-json\/wp\/v2\/tags?post=12254"}],"curies":[{"name":"wp","href":"https:\/\/api.w.org\/{rel}","templated":true}]}}