{"id":12250,"date":"2023-07-14T01:44:17","date_gmt":"2023-07-13T22:44:17","guid":{"rendered":"https:\/\/marmarayerelhizmet.com\/?p=12250"},"modified":"2023-07-14T01:44:17","modified_gmt":"2023-07-13T22:44:17","slug":"15-temmuz-kahramanlari-anilacak","status":"publish","type":"post","link":"https:\/\/marmarayerelhizmet.com\/index.php\/2023\/07\/14\/15-temmuz-kahramanlari-anilacak\/","title":{"rendered":"15 Temmuz Kahramanlar\u0131 An\u0131lacak"},"content":{"rendered":"<p><strong><span style=\"font-family: arial, helvetica, sans-serif; font-size: 14px;\">Beyo\u011flu Belediyesi, 15 Temmuz Demokrasi ve Milli Birlik G\u00fcn\u00fc&#8217;n\u00fcn 7. y\u0131l d\u00f6n\u00fcm\u00fcnde \u015fehitleri d\u00fczenlenecek \u00e7e\u015fitli etkinliklerle anacak.<br \/>\n<\/span><\/strong><br \/>\n<span style=\"font-family: arial, helvetica, sans-serif; font-size: 14px;\">15 Temmuz Demokrasi ve Milli Birlik G\u00fcn\u00fc&#8217;n\u00fcn 7. y\u0131l d\u00f6n\u00fcm\u00fcnde \u00fclke genelinde anma etkinlikleri d\u00fczenlenecek. &#8220;T\u00fcrkiye Y\u00fczy\u0131l\u0131n\u0131n Kahramanlar\u0131&#8221; temas\u0131yla ger\u00e7ekle\u015ftirilecek ekinliklerin \u0130stanbul&#8217;daki en \u00f6nemli merkezlerinden birisi ise Beyo\u011flu olacak. Beyo\u011flu Belediyesi, g\u00fcn boyu d\u00fczenleyece\u011fi \u00e7e\u015fitli etkinliklerle 15 Temmuz \u015fehitlerini anacak. 14 Temmuz Cuma g\u00fcn\u00fc ger\u00e7ekle\u015ftirilecek etkinlikler \u00e7er\u00e7evesinde &#8220;T\u00fcrkiye Y\u00fczy\u0131l\u0131n\u0131n Kahramanlar\u0131 15 Temmuz Dergi Kapaklar\u0131&#8221; sergisi, Taksim Camii\u2019nde 15 Temmuz \u015fehitleri mevlit program\u0131, &#8220;T\u00fcrkiye Y\u00fczy\u0131l\u0131n\u0131n Kahramanlar\u0131 3&#215;3 Basketbol Turnuvas\u0131&#8221; ve Galata Kulesi&#8217;nde 15 Temmuz video mapping g\u00f6sterisi ger\u00e7ekle\u015ftirilecek.<\/span><br \/>\n<span style=\"font-family: arial, helvetica, sans-serif; font-size: 14px;\">15 Temmuz gecesi ve sonras\u0131nda \u201ch\u00fcr tefekk\u00fcr\u00fcn kaleleri\u201d olan dergilerin kapaklar\u0131na ve sayfalar\u0131na ta\u015f\u0131nan materyaller, \u201cT\u00fcrkiye Y\u00fczy\u0131l\u0131n\u0131n Kahramanlar\u0131 15 Temmuz Dergi Kapaklar\u0131&#8221; sergisinde vatanda\u015flarla bulu\u015facak. D\u00fcnya Dergiler Birli\u011fi ile Beyo\u011flu Belediyesi i\u015fbirli\u011finde haz\u0131rlanan serginin a\u00e7\u0131l\u0131\u015f\u0131, 14 Temmuz Cuma g\u00fcn\u00fc saat 11.30\u2019da Beyo\u011flu Belediyesi \u0130stiklal Sanat Galerisi\u2019nde ger\u00e7ekle\u015ftirilecek.<\/span><br \/>\n<span style=\"font-family: arial, helvetica, sans-serif; font-size: 14px;\">15 Temmuz iehitleri i\u00e7in 14 Temmuz Cuma g\u00fcn\u00fc Taksim Camii\u2019nde mevlit program\u0131 d\u00fczenlenecek. Cuma namaz\u0131na m\u00fcteakiben ger\u00e7ekle\u015ftirilecek programda 15 Temmuz \u015fehitleri i\u00e7in Kur&#8217;an-\u0131 Kerim okunarak, dualar edilecek. Program\u0131n ard\u0131ndan Taksim Camii bah\u00e7esine kurulan stantlarda \u015fehitlerin hayr\u0131na kat\u0131l\u0131mc\u0131lara ikramlarda bulunulacak.<\/span><br \/>\n<span style=\"font-family: arial, helvetica, sans-serif; font-size: 14px;\">Beyo\u011flu Belediyesi ve Beyo\u011flu Gen\u00e7lik ve Spor M\u00fcd\u00fcrl\u00fc\u011f\u00fc i\u015fbirli\u011finde \u201cT\u00fcrkiye Y\u00fczy\u0131l\u0131n\u0131n Kahramanlar\u0131 3&#215;3 Basketbol Turnuvas\u0131\u201d d\u00fczenlenecek. 14 Temmuz Cuma g\u00fcn\u00fc saat 17.00&#8217;de Beyo\u011flu Belediyesi \u00c7\u0131ksal\u0131n Park\u0131 Basketbol Sahas\u0131&#8217;nda ger\u00e7ekle\u015fecek turnuvada gen\u00e7ler, 15 Temmuz \u015fehitlerinin an\u0131s\u0131na k\u0131yas\u0131ya m\u00fccadele edecek. Turnuvada \u015fampiyonlu\u011fa ula\u015facak olan tak\u0131m\u0131n gen\u00e7 sporcular\u0131na Vialand Tema Park \u00f6d\u00fcl\u00fc verilecek.<\/span><\/p>\n<p><strong><span style=\"font-family: arial, helvetica, sans-serif; font-size: 14px;\">15 Temmuz \u015fehitlerinin foto\u011fraflar\u0131 Galata Kulesi\u2019ne yans\u0131t\u0131lacak<\/span><\/strong><br \/>\n<span style=\"font-family: arial, helvetica, sans-serif; font-size: 14px;\">15 Temmuz Demokrasi ve Milli Birlik G\u00fcn\u00fc m\u00fcnasebetiyle Galata Kulesi&#8217;nde de 15 Temmuz video mapping g\u00f6sterisi ger\u00e7ekle\u015ftirilecek. 14 Temmuz Cuma ak\u015fam\u0131 saat 20.30\u2019da ba\u015flayacak \u0131\u015f\u0131kl\u0131 g\u00f6steride, tarihi Galata Kulesi&#8217;ne T\u00fcrk bayra\u011f\u0131, 15 Temmuz gecesi ya\u015fanan olaylara ili\u015fkin videolar ve 15 Temmuz \u015fehitlerinin foto\u011fraflar\u0131 yans\u0131t\u0131lacak.<\/span><\/p>\n","protected":false},"excerpt":{"rendered":"<p>Beyo\u011flu Belediyesi, 15 Temmuz Demokrasi ve Milli Birlik G\u00fcn\u00fc&#8217;n\u00fcn 7. y\u0131l d\u00f6n\u00fcm\u00fcnde \u015fehitleri d\u00fczenlenecek \u00e7e\u015fitli etkinliklerle anacak. 15 Temmuz Demokrasi<\/p>\n","protected":false},"author":3,"featured_media":12252,"comment_status":"open","ping_status":"open","sticky":false,"template":"","format":"standard","meta":{"colormag_page_container_layout":"default_layout","colormag_page_sidebar_layout":"default_layout","footnotes":""},"categories":[1,5,8],"tags":[],"class_list":["post-12250","post","type-post","status-publish","format-standard","has-post-thumbnail","hentry","category-genel","category-gundem","category-siyaset"],"_links":{"self":[{"href":"https:\/\/marmarayerelhizmet.com\/index.php\/wp-json\/wp\/v2\/posts\/12250","targetHints":{"allow":["GET"]}}],"collection":[{"href":"https:\/\/marmarayerelhizmet.com\/index.php\/wp-json\/wp\/v2\/posts"}],"about":[{"href":"https:\/\/marmarayerelhizmet.com\/index.php\/wp-json\/wp\/v2\/types\/post"}],"author":[{"embeddable":true,"href":"https:\/\/marmarayerelhizmet.com\/index.php\/wp-json\/wp\/v2\/users\/3"}],"replies":[{"embeddable":true,"href":"https:\/\/marmarayerelhizmet.com\/index.php\/wp-json\/wp\/v2\/comments?post=12250"}],"version-history":[{"count":0,"href":"https:\/\/marmarayerelhizmet.com\/index.php\/wp-json\/wp\/v2\/posts\/12250\/revisions"}],"wp:featuredmedia":[{"embeddable":true,"href":"https:\/\/marmarayerelhizmet.com\/index.php\/wp-json\/wp\/v2\/media\/12252"}],"wp:attachment":[{"href":"https:\/\/marmarayerelhizmet.com\/index.php\/wp-json\/wp\/v2\/media?parent=12250"}],"wp:term":[{"taxonomy":"category","embeddable":true,"href":"https:\/\/marmarayerelhizmet.com\/index.php\/wp-json\/wp\/v2\/categories?post=12250"},{"taxonomy":"post_tag","embeddable":true,"href":"https:\/\/marmarayerelhizmet.com\/index.php\/wp-json\/wp\/v2\/tags?post=12250"}],"curies":[{"name":"wp","href":"https:\/\/api.w.org\/{rel}","templated":true}]}}