{"id":12246,"date":"2023-07-14T01:18:36","date_gmt":"2023-07-13T22:18:36","guid":{"rendered":"https:\/\/marmarayerelhizmet.com\/?p=12246"},"modified":"2023-07-14T01:18:36","modified_gmt":"2023-07-13T22:18:36","slug":"15-temmuz-ozel-sergisi-acildi","status":"publish","type":"post","link":"https:\/\/marmarayerelhizmet.com\/index.php\/2023\/07\/14\/15-temmuz-ozel-sergisi-acildi\/","title":{"rendered":"15 Temmuz \u00d6zel Sergisi A\u00e7\u0131ld\u0131"},"content":{"rendered":"<p><strong><span style=\"font-family: arial, helvetica, sans-serif; font-size: 14px;\">\u0130GA \u0130stanbul Havaliman\u0131\u2019nda, 15 Temmuz Demokrasi ve Milli Birlik G\u00fcn\u00fc\u2019n\u00fcn 7. y\u0131l d\u00f6n\u00fcm\u00fcnde \u201cT\u00fcrkiye Y\u00fczy\u0131l\u0131n\u0131n Kahramanlar\u0131\u201d isimli 15 Temmuz temal\u0131 foto\u011fraf sergisi a\u00e7\u0131ld\u0131.<br \/>\n<\/span><\/strong><br \/>\n<span style=\"font-family: arial, helvetica, sans-serif; font-size: 14px;\">15 Temmuz Demokrasi ve Milli Birlik G\u00fcn\u00fc\u2019n\u00fcn 7. y\u0131l d\u00f6n\u00fcm\u00fc t\u00fcm yurtta oldu\u011fu gibi, \u0130stanbul Havaliman\u0131\u2019nda da an\u0131lacak. Bu kapsamda havaliman\u0131nda bulunan d\u0131\u015f hatlar terminali giden yolcu kat\u0131nda 15 Temmuz\u2019a dair foto\u011fraflar\u0131n yer ald\u0131\u011f\u0131 \u201cT\u00fcrkiye Y\u00fczy\u0131l\u0131n\u0131n Kahramanlar\u0131\u201d sergisi a\u00e7\u0131ld\u0131. A\u00e7\u0131l\u0131\u015f t\u00f6renine \u0130GA \u0130stanbul Havaliman\u0131 CEO&#8217;su Kadri Samsunlu, 15 Temmuz Derne\u011fi Ba\u015fkan\u0131 \u0130smail Hakk\u0131 Turun\u00e7 ve \u0130GA \u00e7al\u0131\u015fanlar\u0131 kat\u0131ld\u0131. Sergide, hayat\u0131n\u0131 kaybeden \u015fehitlerin an\u0131s\u0131na 252 adet 15 Temmuz logolu an\u0131t \u00e7ubu\u011fu ve foto\u011fraflar yer ald\u0131.<\/span><br \/>\n<span style=\"font-family: arial, helvetica, sans-serif; font-size: 14px;\">Serginin a\u00e7\u0131l\u0131\u015f t\u00f6reninde konu\u015fan \u0130GA \u0130stanbul Havaliman\u0131 CEO\u2019su Kadri Samsunlu, \u201cBurada bizim amac\u0131m\u0131z esas\u0131nda tek. 15 Temmuz&#8217;u unutmamak ve unutturmamak. Bize fikir veren 15 Temmuz Derne\u011fi\u2019ne de te\u015fekk\u00fcr ediyorum. S\u0131k\u0131nt\u0131l\u0131, sorunlu ve sonunun ne zaman gelece\u011fini bilmeyece\u011fimiz belirsizlik d\u00f6nemine girecektik. Allah\u2019\u0131m\u0131za \u015f\u00fckrediyoruz Cumhurba\u015fkan\u0131m\u0131z\u0131n liderli\u011finde \u00fclke olarak o geceyi a\u015ft\u0131k ve bug\u00fcn \u00e7ok daha g\u00fc\u00e7l\u00fc bir umutla \u00f6n\u00fcm\u00fcze bak\u0131yoruz. \u015eehitlerimizi rahmetle, gazilerimizi minnetle an\u0131yorum&#8221; diye konu\u015ftu.<\/span><\/p>\n<p><strong><span style=\"font-family: arial, helvetica, sans-serif; font-size: 14px;\">\u201c\u015eehitlerimizin hi\u00e7birisi ki\u015fisel bir beklenti i\u00e7in sokaklara ve meydanlara \u00e7\u0131kmad\u0131lar\u201d<\/span><\/strong><br \/>\n<span style=\"font-family: arial, helvetica, sans-serif; font-size: 14px;\">T\u00f6rende s\u00f6z alan 15 Temmuz Derne\u011fi Ba\u015fkan\u0131 \u0130smail Hakk\u0131 Turun\u00e7 ise, \u201c\u015eehitlerimizin hi\u00e7birisi ki\u015fisel bir beklenti i\u00e7in sokaklara ve meydanlara \u00e7\u0131kmad\u0131lar, tanklar\u0131n \u00f6n\u00fcne yatmad\u0131lar. Kendilerine uzat\u0131lan silahlar\u0131n \u00f6n\u00fcne g\u00f6\u011f\u00fcslerini a\u00e7mad\u0131lar. \u00dclkemiz \u00f6zg\u00fcr ve ba\u011f\u0131ms\u0131z olsun, bizden sonraki nesiller ve ku\u015faklar bu topraklarda \u00f6zg\u00fcrce ya\u015fas\u0131nlar, gerekirse biz can\u0131m\u0131z\u0131 seve seve veririz anlay\u0131\u015f\u0131yla sokaklara \u00e7\u0131kt\u0131lar\u201d diye konu\u015ftu.<\/span><br \/>\n<span style=\"font-family: arial, helvetica, sans-serif; font-size: 14px;\">Konu\u015fmalar\u0131n\u0131n ard\u0131ndan \u0130smail Hakk\u0131 Turun\u00e7, Kadri Samsunlu ve beraberindekiler sergi alan\u0131n\u0131 gezerek hat\u0131ra foto\u011fraf\u0131 \u00e7ektirdi. Serginin 20 Temmuz Per\u015fembe g\u00fcn\u00fcne kadar ziyaret edilebilece\u011fi \u00f6\u011frenildi.<\/span><\/p>\n<p><strong><span style=\"font-family: arial, helvetica, sans-serif; font-size: 14px;\">\u0130stanbul Havaliman\u0131 Kulesi 15 Temmuz\u2019da T\u00fcrk bayra\u011f\u0131 renklerine b\u00fcr\u00fcnecek<\/span><\/strong><br \/>\n<span style=\"font-family: arial, helvetica, sans-serif; font-size: 14px;\">\u00d6te yandan T\u00fcrk milletinin 15 Temmuz zaferinin 7. y\u0131l\u0131ndaki anma etkinlikleri kapsam\u0131nda \u0130GA \u0130stanbul Havaliman\u0131 Hava Trafik Kontrol Kulesi, 15 Temmuz Demokrasi ve Milli Birlik G\u00fcn\u00fc&#8217;nde k\u0131rm\u0131z\u0131-beyaz \u0131\u015f\u0131kland\u0131rma ile ayd\u0131nlat\u0131larak T\u00fcrk bayra\u011f\u0131 renklerine b\u00fcr\u00fcnecek.<\/span><\/p>\n","protected":false},"excerpt":{"rendered":"<p>\u0130GA \u0130stanbul Havaliman\u0131\u2019nda, 15 Temmuz Demokrasi ve Milli Birlik G\u00fcn\u00fc\u2019n\u00fcn 7. y\u0131l d\u00f6n\u00fcm\u00fcnde \u201cT\u00fcrkiye Y\u00fczy\u0131l\u0131n\u0131n Kahramanlar\u0131\u201d isimli 15 Temmuz temal\u0131<\/p>\n","protected":false},"author":3,"featured_media":12248,"comment_status":"open","ping_status":"open","sticky":false,"template":"","format":"standard","meta":{"colormag_page_container_layout":"default_layout","colormag_page_sidebar_layout":"default_layout","footnotes":""},"categories":[1,5,6],"tags":[],"class_list":["post-12246","post","type-post","status-publish","format-standard","has-post-thumbnail","hentry","category-genel","category-gundem","category-kultur-sanat"],"_links":{"self":[{"href":"https:\/\/marmarayerelhizmet.com\/index.php\/wp-json\/wp\/v2\/posts\/12246","targetHints":{"allow":["GET"]}}],"collection":[{"href":"https:\/\/marmarayerelhizmet.com\/index.php\/wp-json\/wp\/v2\/posts"}],"about":[{"href":"https:\/\/marmarayerelhizmet.com\/index.php\/wp-json\/wp\/v2\/types\/post"}],"author":[{"embeddable":true,"href":"https:\/\/marmarayerelhizmet.com\/index.php\/wp-json\/wp\/v2\/users\/3"}],"replies":[{"embeddable":true,"href":"https:\/\/marmarayerelhizmet.com\/index.php\/wp-json\/wp\/v2\/comments?post=12246"}],"version-history":[{"count":0,"href":"https:\/\/marmarayerelhizmet.com\/index.php\/wp-json\/wp\/v2\/posts\/12246\/revisions"}],"wp:featuredmedia":[{"embeddable":true,"href":"https:\/\/marmarayerelhizmet.com\/index.php\/wp-json\/wp\/v2\/media\/12248"}],"wp:attachment":[{"href":"https:\/\/marmarayerelhizmet.com\/index.php\/wp-json\/wp\/v2\/media?parent=12246"}],"wp:term":[{"taxonomy":"category","embeddable":true,"href":"https:\/\/marmarayerelhizmet.com\/index.php\/wp-json\/wp\/v2\/categories?post=12246"},{"taxonomy":"post_tag","embeddable":true,"href":"https:\/\/marmarayerelhizmet.com\/index.php\/wp-json\/wp\/v2\/tags?post=12246"}],"curies":[{"name":"wp","href":"https:\/\/api.w.org\/{rel}","templated":true}]}}