{"id":12230,"date":"2023-07-13T15:54:20","date_gmt":"2023-07-13T12:54:20","guid":{"rendered":"https:\/\/marmarayerelhizmet.com\/?p=12230"},"modified":"2023-07-13T15:54:20","modified_gmt":"2023-07-13T12:54:20","slug":"altieylu-yeni-hizmet-binalarina-tasindi","status":"publish","type":"post","link":"https:\/\/marmarayerelhizmet.com\/index.php\/2023\/07\/13\/altieylu-yeni-hizmet-binalarina-tasindi\/","title":{"rendered":"Alt\u0131eyl\u00fc Yeni Hizmet Binalar\u0131na Ta\u015f\u0131nd\u0131"},"content":{"rendered":"<p><strong><span style=\"font-family: arial, helvetica, sans-serif; font-size: 14px;\">Alt\u0131eyl\u00fcl Belediyesi birimleri yeni hizmet binalar\u0131na ta\u015f\u0131nd\u0131. Alt\u0131eyl\u00fcl Belediyesi birimleri \u00e7ar\u015f\u0131 merkezde bulunan Alt\u0131eyl\u00fcl Belediyesi binas\u0131n\u0131 bo\u015faltarak vatanda\u015flara daha iyi hizmet verebilmek i\u00e7in belediye birimleri yeni yerlerinde vatanda\u015flara hizmet verecek.<br \/>\n<\/span><\/strong><br \/>\n<strong><span style=\"font-family: arial, helvetica, sans-serif; font-size: 14px;\">&#8220;Birimlerimizi kendi hizmet binalar\u0131m\u0131za ta\u015f\u0131d\u0131k&#8221;<\/span><\/strong><br \/>\n<span style=\"font-family: arial, helvetica, sans-serif; font-size: 14px;\">Ba\u015fkan Hasan Avc\u0131, &#8220;Birimlerimizi kendi hizmet binalar\u0131m\u0131za ta\u015f\u0131d\u0131k. Yeni binam\u0131z yap\u0131lana kadar birimlerimiz; Hasan Can K\u00fclt\u00fcr Merkezi, Sultan Abd\u00fclhamid Han Geli\u015fim Merkezi, Gazi Mustafa Kemal Atat\u00fcrk Ya\u015fam Kompleksi, Sultan Alpaslan K\u00fclt\u00fcr Evi, Pa\u015fak\u00f6y&#8217;de bulunan depomuz, \u00c7\u0131narl\u0131dere Mezarl\u0131\u011f\u0131m\u0131z ve Pamuk\u00e7u Hizmet binam\u0131zda hizmet vermeye devam edecekler. Yeni belediye hizmet binam\u0131z bu y\u0131l ihalesini yap\u0131p temelini atarak projemizi hayata ge\u00e7irmeyi planl\u0131yoruz. Bilindi\u011fi gibi Bal\u0131kesir \u00dcniversitesi Mimarl\u0131k Fak\u00fcltesi taraf\u0131ndan projesi \u00e7izildi ve \u015fuanda ihaleye haz\u0131r durumda. \u0130n\u015fallah bundan \u00f6nce oldu\u011fu gibi bundan sonra da en g\u00fczel hizmetleri Alt\u0131eyl\u00fcl\u00fcm\u00fczle bulu\u015fturmaya devam edece\u011fiz&#8221; diye konu\u015ftu.<\/span><\/p>\n","protected":false},"excerpt":{"rendered":"<p>Alt\u0131eyl\u00fcl Belediyesi birimleri yeni hizmet binalar\u0131na ta\u015f\u0131nd\u0131. Alt\u0131eyl\u00fcl Belediyesi birimleri \u00e7ar\u015f\u0131 merkezde bulunan Alt\u0131eyl\u00fcl Belediyesi binas\u0131n\u0131 bo\u015faltarak vatanda\u015flara daha iyi<\/p>\n","protected":false},"author":3,"featured_media":12232,"comment_status":"open","ping_status":"open","sticky":false,"template":"","format":"standard","meta":{"colormag_page_container_layout":"default_layout","colormag_page_sidebar_layout":"default_layout","footnotes":""},"categories":[1,5,8],"tags":[],"class_list":["post-12230","post","type-post","status-publish","format-standard","has-post-thumbnail","hentry","category-genel","category-gundem","category-siyaset"],"_links":{"self":[{"href":"https:\/\/marmarayerelhizmet.com\/index.php\/wp-json\/wp\/v2\/posts\/12230","targetHints":{"allow":["GET"]}}],"collection":[{"href":"https:\/\/marmarayerelhizmet.com\/index.php\/wp-json\/wp\/v2\/posts"}],"about":[{"href":"https:\/\/marmarayerelhizmet.com\/index.php\/wp-json\/wp\/v2\/types\/post"}],"author":[{"embeddable":true,"href":"https:\/\/marmarayerelhizmet.com\/index.php\/wp-json\/wp\/v2\/users\/3"}],"replies":[{"embeddable":true,"href":"https:\/\/marmarayerelhizmet.com\/index.php\/wp-json\/wp\/v2\/comments?post=12230"}],"version-history":[{"count":0,"href":"https:\/\/marmarayerelhizmet.com\/index.php\/wp-json\/wp\/v2\/posts\/12230\/revisions"}],"wp:featuredmedia":[{"embeddable":true,"href":"https:\/\/marmarayerelhizmet.com\/index.php\/wp-json\/wp\/v2\/media\/12232"}],"wp:attachment":[{"href":"https:\/\/marmarayerelhizmet.com\/index.php\/wp-json\/wp\/v2\/media?parent=12230"}],"wp:term":[{"taxonomy":"category","embeddable":true,"href":"https:\/\/marmarayerelhizmet.com\/index.php\/wp-json\/wp\/v2\/categories?post=12230"},{"taxonomy":"post_tag","embeddable":true,"href":"https:\/\/marmarayerelhizmet.com\/index.php\/wp-json\/wp\/v2\/tags?post=12230"}],"curies":[{"name":"wp","href":"https:\/\/api.w.org\/{rel}","templated":true}]}}