{"id":12226,"date":"2023-07-13T15:50:54","date_gmt":"2023-07-13T12:50:54","guid":{"rendered":"https:\/\/marmarayerelhizmet.com\/?p=12226"},"modified":"2023-07-13T15:50:54","modified_gmt":"2023-07-13T12:50:54","slug":"erdogandan-nato-zirvesi-sonrasi-aciklamalar","status":"publish","type":"post","link":"https:\/\/marmarayerelhizmet.com\/index.php\/2023\/07\/13\/erdogandan-nato-zirvesi-sonrasi-aciklamalar\/","title":{"rendered":"Erdo\u011fan\u2019dan NATO Zirvesi Sonras\u0131 A\u00e7\u0131klamalar"},"content":{"rendered":"<p><strong><span style=\"font-family: arial, helvetica, sans-serif; font-size: 14px;\">Cumhurba\u015fkan\u0131 Recep Tayyip Erdo\u011fan, \u0130sve\u00e7&#8217;in NATO&#8217;ya kat\u0131lmas\u0131na ili\u015fkin, \u201c\u0130sve\u00e7&#8217;in kat\u0131l\u0131m protokollerini onaylayacak merci T\u00fcrkiye B\u00fcy\u00fck Millet Meclisi&#8217;dir. \u015eu an i\u015fleyen bir s\u00fcre\u00e7 vard\u0131r. Meclisimiz at\u0131lan ad\u0131mlar\u0131 takip edecek, \u00fclkemizin \u00e7\u0131karlar\u0131 do\u011frultusunda en do\u011fru karar\u0131 verecektir&#8221; dedi.<br \/>\n<\/span><\/strong><br \/>\n<span style=\"font-family: arial, helvetica, sans-serif; font-size: 14px;\">Cumhurba\u015fkan\u0131 Recep Tayyip Erdo\u011fan, Litvanya\u2019n\u0131n ba\u015fkenti Vilnius\u2019ta d\u00fczenlenen NATO Devlet ve H\u00fck\u00fcmet Ba\u015fkanlar\u0131 Zirvesi sonras\u0131 u\u00e7akta gazetecilerin sorular\u0131n\u0131 cevaplad\u0131. Cumhurba\u015fkan\u0131 Erdo\u011fan, Vilnius\u2019ta d\u00fczenlenen NATO Devlet ve H\u00fck\u00fcmet Ba\u015fkanlar\u0131 Zirvesi&#8217;nde T\u00fcrkiye\u2019nin \u00e7abalar\u0131 sonucunda ittifak tarihinde ilk defa Ter\u00f6rizmle M\u00fccadele \u00d6zel Koordinat\u00f6r\u00fc atanmas\u0131 karar\u0131 al\u0131nd\u0131\u011f\u0131n\u0131 belirterek, \u201cUkrayna&#8217;da devam eden sava\u015f\u0131n etkilerinin b\u00f6lgemizde ve k\u00fcresel \u00f6l\u00e7ekte hissedildi\u011fi bir d\u00f6nemde ger\u00e7ekle\u015ftirdi\u011fimiz zirvemizin hay\u0131rlara vesile olmas\u0131n\u0131 temenni ediyorum. Vilnius, NATO&#8217;nun birlik ve insicam\u0131n\u0131n sergilenmesi, ittifak dayan\u0131\u015fmas\u0131n\u0131n peki\u015ftirilmesi i\u00e7in \u00f6nemli bir merhaleyi te\u015fkil etti. NATO&#8217;nun Avrupa Antik B\u00f6lgesi&#8217;nde savunma ve g\u00fcvenlik konular\u0131 bak\u0131m\u0131ndan asli isti\u015fare forumu oldu\u011funu bir kez daha teyit ettik. M\u00fcttefikler aras\u0131ndaki yapt\u0131r\u0131m ve k\u0131s\u0131tlamalar\u0131n kald\u0131r\u0131lmas\u0131 vaadini de i\u00e7erecek \u015fekilde yenilenen savunma yat\u0131r\u0131mlar\u0131, \u00f6zellikle bu t\u00fcr taahh\u00fctlerin kabul\u00fc mahiyetindedir. Yine \u00e7abalar\u0131m\u0131z sonucunda ittifak tarihinde ilk defa Ter\u00f6rizmle M\u00fccadele \u00d6zel Koordinat\u00f6r\u00fc atanmas\u0131 karar\u0131 ilan edildi\u201d ifadelerini kulland\u0131.<\/span><br \/>\n<span style=\"font-family: arial, helvetica, sans-serif; font-size: 14px;\">\u0130sve\u00e7\u2019in NATO \u00fcyeli\u011fi konusunun zirve ba\u011flam\u0131nda \u00f6ne \u00e7\u0131kar\u0131lan hususlardan biri oldu\u011funu belirten Erdo\u011fan, \u015fu ifadeleri kulland\u0131:<\/span><br \/>\n<span style=\"font-family: arial, helvetica, sans-serif; font-size: 14px;\">&#8220;Bu konudaki ilkeli duru\u015fumuz ba\u015f\u0131ndan beri bellidir. Politikam\u0131z\u0131 burada da devam ettirdik. Zirve hitam\u0131nda yapt\u0131\u011f\u0131m\u0131z bas\u0131n toplant\u0131s\u0131nda meseleyi enine boyuna de\u011ferlendirdik. Kendilerine ifade etti\u011fimiz gibi \u0130sve\u00e7&#8217;in kat\u0131l\u0131m protokollerini onaylayacak merci T\u00fcrkiye B\u00fcy\u00fck Millet Meclisi&#8217;dir. \u015eu an i\u015fleyen bir s\u00fcre\u00e7 vard\u0131r. Meclisimiz at\u0131lan ad\u0131mlar\u0131 takip edecek, \u00fclkemizin \u00e7\u0131karlar\u0131 do\u011frultusunda en do\u011fru karar\u0131 verecektir.\u201c<\/span><\/p>\n<p><strong><span style=\"font-family: arial, helvetica, sans-serif; font-size: 14px;\">&#8220;G\u00fcmr\u00fck Birli\u011fi&#8217;nin g\u00fcncellenmesi m\u00fczakerelerini h\u0131zland\u0131raca\u011f\u0131z. Vize serbestisinde de mesafe alaca\u011f\u0131m\u0131za inan\u0131yorum&#8221;<\/span><\/strong><br \/>\n<span style=\"font-family: arial, helvetica, sans-serif; font-size: 14px;\">NATO zirvesi kapsam\u0131nda bir\u00e7ok devlet ve h\u00fck\u00fcmet ba\u015fkan\u0131 ile g\u00f6r\u00fc\u015fme ger\u00e7ekle\u015ftirdi\u011fini ifade eden Cumhurba\u015fkan\u0131 Erdo\u011fan, \u201cLiderlerle g\u00f6r\u00fc\u015fmelerimizde hem ikili meseleleri hem de NATO ba\u011flam\u0131nda i\u015f birli\u011fimizi ele ald\u0131k. Avrupa Birli\u011fi \u00fcyelik s\u00fcrecimizin yeniden canland\u0131r\u0131lmas\u0131 noktas\u0131nda olumlu bir kanaat h\u00e2kim. T\u00fcrk ekonomisine \u00e7arpan etki yapacak G\u00fcmr\u00fck Birli\u011fi&#8217;nin g\u00fcncellenmesi m\u00fczakerelerini de h\u0131zland\u0131raca\u011f\u0131z. Vize serbestisinde de mesafe alaca\u011f\u0131m\u0131za inan\u0131yorum. T\u00fcrkiye&#8217;nin savunma kabiliyetini g\u00fc\u00e7lendirecek projelerle ilgili s\u00fcre\u00e7ler de ivme kazanacakt\u0131r. Muhataplar\u0131m\u0131zla olan g\u00f6r\u00fc\u015fmelerimizde kendilerine \u0130leti\u015fim Ba\u015fkanl\u0131\u011f\u0131m\u0131z\u0131n haz\u0131rlad\u0131\u011f\u0131 d\u00f6rt vizyon eseri takdim ettim. \u0130nsani Yard\u0131mda T\u00fcrkiye Modeli, T\u00fcrkiye&#8217;nin NATO&#8217;ya Katk\u0131lar\u0131, T\u00fcrkiye&#8217;nin Ter\u00f6rizmle M\u00fccadelesi ve Lider Diplomasi ba\u015fl\u0131kl\u0131 bu eserlerle tarihe not d\u00fc\u015ft\u00fck. Zirvemizin ve yapt\u0131\u011f\u0131m\u0131z g\u00f6r\u00fc\u015fmelerin \u00fclkemiz, milletimiz ve g\u00fcvenli\u011fimiz i\u00e7in hay\u0131rlara vesile olmas\u0131n\u0131 diliyorum\u201d ifadelerine yer verdi.<\/span><br \/>\n<span style=\"font-family: arial, helvetica, sans-serif; font-size: 14px;\">Bir gazetecinin &#8220;NATO zirvesi marj\u0131nda ABD Ba\u015fkan\u0131 Joe Biden ile yapt\u0131\u011f\u0131n\u0131z g\u00f6r\u00fc\u015fmeye ilgili bilgi vermeniz m\u00fcmk\u00fcn m\u00fc? F-16 tedarik ve modernizasyonuyla ilgili geli\u015fme beklemeli miyiz? Bundan sonraki T\u00fcrk-Amerikan ili\u015fkilerine dair beklentileriniz nelerdir?&#8221; sorusu \u00fczerine Erdo\u011fan, \u015fu cevab\u0131 verdi:<\/span><br \/>\n<span style=\"font-family: arial, helvetica, sans-serif; font-size: 14px;\">\u201cT\u00fcrkiye ile ABD, malum NATO m\u00fcttefiki, stratejik ortakl\u0131\u011fa sahip iki \u00f6nemli \u00fclkedir. 2021 y\u0131l\u0131nda Say\u0131n Biden ile kurulmas\u0131n\u0131 kararla\u015ft\u0131rd\u0131\u011f\u0131m\u0131z stratejik mekanizma kapsam\u0131nda kurumlar\u0131m\u0131z g\u00f6r\u00fc\u015fmelerini s\u00fcrd\u00fcrmekte. Mekanizmayla aram\u0131zdaki diyalog kanallar\u0131na yeni bir dinamizm kazand\u0131rd\u0131k. Zirve kapsam\u0131ndaki g\u00f6r\u00fc\u015fmemiz de \u00e7ok \u00e7ok verimli ge\u00e7ti. Yakla\u015f\u0131k 1 saat 15 dakika bir g\u00f6r\u00fc\u015fme oldu. F-16\u2019lar\u0131n sat\u0131\u015f\u0131yla ilgili Biden ve y\u00f6netimi asl\u0131nda \u00fclkemiz lehine bir tutum sergiliyor. \u015eu anda gerek kendisi gerek D\u0131\u015fi\u015fleri Bakan\u0131, \u2018Biz bu i\u015fin \u00fczerindeyiz, takip\u00e7isiyiz\u2019 dediler. Tabii bizden de D\u0131\u015fi\u015fleri Bakan\u0131m\u0131z Hakan Bey, ayn\u0131 \u015fekilde \u0130brahim Bey her ikisi de muhataplar\u0131yla g\u00f6r\u00fc\u015fmek suretiyle bu s\u00fcrecin, hatta Ya\u015far Pa\u015fam\u0131z da muhatab\u0131yla g\u00f6r\u00fc\u015fmek suretiyle bu s\u00fcrecin lehe d\u00f6n\u00fc\u015ft\u00fcr\u00fclmesini in\u015fallah temin edecekler.\u201d<\/span><br \/>\n<span style=\"font-family: arial, helvetica, sans-serif; font-size: 14px;\">&#8220;T\u00fcrkiye&#8217;nin Avrupa Birli\u011fi ile ili\u015fkilerinde yeni bir s\u00fcre\u00e7, yeni bir a\u00e7\u0131l\u0131m ihtimaline kar\u015f\u0131 ve beklenen vize kolayl\u0131\u011f\u0131, vize serbestli\u011fi ve G\u00fcmr\u00fck Birli\u011fi \u00e7er\u00e7evesinde g\u00fcncellemeler, m\u00fczakerelerin devam\u0131na y\u00f6nelik ilk ad\u0131mlar nas\u0131l at\u0131lacak? Nas\u0131l bir takvim var \u00f6n\u00fcm\u00fczde?&#8221; sorusuna Erdo\u011fan, \u201cDan\u0131\u015fman\u0131n \u00c7a\u011fatay Bey\u2019i Br\u00fcksel\u2019e g\u00f6nderdik. Yar\u0131n orada bu konularla ilgili g\u00f6r\u00fc\u015fmeleri yapacaklar. Gerek G\u00fcmr\u00fck Birli\u011fi konusu gerekse vize serbestisi konular\u0131n\u0131 g\u00f6r\u00fc\u015fecek. Bunlar\u0131n T\u00fcrkiye lehine olaca\u011f\u0131na inan\u0131yorum. Bug\u00fcn Ursula von der Leyen de bununla ilgili bize olumlu baz\u0131 \u015feyler de s\u00f6yledi. Dan\u0131\u015fman\u0131m \u00c7a\u011fatay Bey de oradan olumlu geli\u015fmelerle d\u00f6necektir diye d\u00fc\u015f\u00fcn\u00fcyorum. \u00c7\u00fcnk\u00fc son Devlet ve H\u00fck\u00fcmet Ba\u015fkanlar\u0131 Zirvesinde, y\u00fcksek temsilci ve komisyondan T\u00fcrkiye-Avrupa Birli\u011fi ili\u015fkileri hakk\u0131nda rapor haz\u0131rlamas\u0131n\u0131n istenmesi isabetli bir ad\u0131m olmu\u015ftur. Raporun olumlu ve ileriye d\u00f6n\u00fck bi\u00e7imde haz\u0131rlanmas\u0131n\u0131 bekliyorum. \u00d6te yandan T\u00fcrkiye olarak verdi\u011fimiz s\u00f6zlerin her zaman arkas\u0131nda durduk, duruyoruz. Kazan-kazan ilkesiyle y\u00fcr\u00fct\u00fclen m\u00fczakerelerin somut sonu\u00e7lar\u0131n\u0131 en k\u0131sa zamanda g\u00f6rmek istiyoruz. Verilen s\u00f6zlere dair somut ad\u0131mlar \u00f6ncelikle ter\u00f6r \u00f6rg\u00fctlerinin faaliyetlerinin s\u00f6z konusu \u00fclkelerde sonland\u0131r\u0131lmas\u0131, ter\u00f6ristlerin iadesi. Avrupa Birli\u011finden g\u00f6rece\u011fimiz olumlu \u00e7al\u0131\u015fmalar neticesinde biz de verdi\u011fimiz s\u00f6zleri hayata ge\u00e7irmek i\u00e7in \u00e7al\u0131\u015fmalara ba\u015flar\u0131z. Ge\u00e7en y\u0131l \u00fczerinde mutab\u0131k kal\u0131nan konular hayata ge\u00e7medi\u011fi i\u00e7in s\u00fcre\u00e7 bug\u00fcne geldi. Bundan sonra da verilen s\u00f6zlerin hayata ge\u00e7irilmesine g\u00f6re biz de harekete ge\u00e7eriz. Netli\u011fimizi, bu konuda tavizsiz oldu\u011fumuzu muhataplar\u0131m\u0131za anlatt\u0131k\u201d cevab\u0131n\u0131 verdi.<\/span><\/p>\n<p><strong><span style=\"font-family: arial, helvetica, sans-serif; font-size: 14px;\">&#8220;B\u00fct\u00fcn parti genel ba\u015fkanlar\u0131n\u0131n cumhurba\u015fkan\u0131 yard\u0131mc\u0131s\u0131 olaca\u011f\u0131 bir sistem bizi nereye g\u00f6t\u00fcr\u00fcrd\u00fc? Felakete g\u00f6t\u00fcr\u00fcrd\u00fc&#8221;<\/span><\/strong><br \/>\n<span style=\"font-family: arial, helvetica, sans-serif; font-size: 14px;\">Bir gazetecinin &#8220;AK Parti sizin liderli\u011finizde son 20 y\u0131lda 17 se\u00e7im kazand\u0131. \u201814 May\u0131s ve 28 May\u0131s se\u00e7imleri uzun y\u0131llar konu\u015fulmaya, \u00fcniversitelerde ders olarak okutulmaya devam edecektir. &#8216;Millet olarak nas\u0131l bir badire atlatt\u0131\u011f\u0131m\u0131z, nas\u0131l bir u\u00e7urumdan d\u00f6nd\u00fc\u011f\u00fcm\u00fcz zamanla anla\u015f\u0131lacakt\u0131r&#8217; dediniz. Milletin iradesiyle ortaya \u00e7\u0131kan bu son tabloda hangi riskleri a\u015ft\u0131 T\u00fcrkiye? Gelecekle ilgili f\u0131rsatlar nelerdir? \u015feklindeki sorusu \u00fczerine Erdo\u011fan, \u201cBuradaki en \u00f6nemli risk, ge\u00e7mi\u015fte biliyorsunuz biz T\u00fcrkiye&#8217;de alt\u0131 ayl\u0131k h\u00fck\u00fcmetler g\u00f6rd\u00fck. Bir y\u0131l\u0131 doldurmayan h\u00fck\u00fcmetler g\u00f6rd\u00fck. Burada istikrar olur mu? Olmaz. Nitekim bu istikrars\u0131zl\u0131\u011f\u0131n neticesinde de T\u00fcrkiye her y\u00f6nden adeta bir \u00e7\u00f6k\u00fcnt\u00fcyle ba\u015f ba\u015fa oldu. Bizim d\u00f6nemimizde bu t\u00fcr \u015feyleri ya\u015fam\u0131yoruz. Karar almaksa her t\u00fcr karar\u0131 s\u00fcratle, rahatl\u0131kla al\u0131yoruz. Yani burada savunma sanayiinden tutun e\u011fitime, ula\u015f\u0131ma, altyap\u0131 ve \u00fcstyap\u0131daki ald\u0131\u011f\u0131 mesafe Cumhuriyet tarihinde yok. B\u00f6l\u00fcnm\u00fc\u015f yol dedi\u011fin zaman 6 bin 100 kilometre b\u00f6l\u00fcnm\u00fc\u015f yol yap\u0131lm\u0131\u015f, \u015fimdi sadece bizim bu d\u00f6nemde 28-29 bin kilometreye ula\u015ft\u0131. E\u011fer bu bir koalisyon h\u00fck\u00fcmeti olsayd\u0131, biz bu yollar\u0131, k\u00f6pr\u00fcleri yapabilir miydik? \u015eurada Yavuz Sultan Selim K\u00f6pr\u00fcs\u00fc&#8217;n\u00fc yapt\u0131k, Yavuz Sultan Selim K\u00f6pr\u00fcs\u00fc&#8217;n\u00fcn ortas\u0131ndan da in\u015fallah rayl\u0131 sistemi yapaca\u011f\u0131z. \u015eu anda onun haz\u0131rl\u0131klar\u0131 i\u00e7erisindeyiz. Rayl\u0131 sistem onun \u00fczerinden ge\u00e7ti\u011fi zaman ki yakla\u015f\u0131k 110 kilometrelik bir sistem bu. Bu T\u00fcrkiye\u2019de de\u011fil, d\u00fcnyada ayr\u0131 bir hava olu\u015fturacak. Ayn\u0131 \u015fekilde \u015fu anda \u00c7anakkale K\u00f6pr\u00fcs\u00fc, d\u00fcnyada ilk \u00fc\u00e7\u00fcn i\u00e7erisinde, b\u00f6yle bir k\u00f6pr\u00fc. Bunlarla biz iftihar ediyoruz. \u0130stanbul-\u0130zmir aras\u0131n\u0131 7,5 saatten 3 saat 15 dakikaya d\u00fc\u015f\u00fcrmek, bunlar rastgele olaylar de\u011fil. \u0130\u015fte b\u00fct\u00fcn bunlar \u015fu andaki h\u00fck\u00fcmet etme yap\u0131s\u0131n\u0131n bize kazan\u0131mlar\u0131d\u0131r. Yani b\u00fct\u00fcn parti genel ba\u015fkanlar\u0131n\u0131n cumhurba\u015fkan\u0131 yard\u0131mc\u0131s\u0131 olaca\u011f\u0131 bir sistem bizi nereye g\u00f6t\u00fcr\u00fcrd\u00fc? Felakete g\u00f6t\u00fcr\u00fcrd\u00fc. Yani duvarlara \u00e7arpa \u00e7arpa giden bir ara\u00e7 d\u00fc\u015f\u00fcn\u00fcn, ondan bir \u015fey olur mu? Olmaz. Pert olur. Ama maalesef bunlar pert ara\u00e7 kullanmaya al\u0131\u015fm\u0131\u015flar. \u015eu an itibariyle yo\u011fun bir \u015fekilde in\u015fallah yat\u0131r\u0131mlar\u0131m\u0131z\u0131 devam ettirece\u011fiz. Yat\u0131r\u0131m, istihdam, \u00fcretim, ihracat ve cari fazla yoluyla in\u015fallah b\u00fcy\u00fcmeyi sa\u011flayaca\u011f\u0131z. Bu anca \u015fu andaki yap\u0131yla olur. Bunlar\u0131n mant\u0131\u011f\u0131yla olmaz. Ne oldu, hesap uzman\u0131 \u00e7ok ba\u015far\u0131l\u0131yd\u0131, iyi hesap yap\u0131yordu? Ama gelin g\u00f6r\u00fcn ki hesap, kitap tutmad\u0131. 38 tane milletvekilli\u011fini beraber se\u00e7ime girdi\u011fi ve toplam\u0131 y\u00fczde 1\u2019i bile bulmayan ortaklar\u0131na da\u011f\u0131tt\u0131. Kendisi de zafiyete d\u00fc\u015ft\u00fc. \u015eimdi \u2018kalay\u0131m m\u0131 kalmay\u0131m m\u0131\u2019 devaml\u0131 bunun hesab\u0131 yap\u0131l\u0131yor. Ve \u00f6n\u00fcm\u00fczdeki haftalarda, aylarda kal\u0131r m\u0131 kalmaz m\u0131 bu g\u00f6r\u00fclecek. Ama bu bizim i\u015fimiz de\u011fil. Bizim i\u015fimiz farkl\u0131. 3 g\u00fcnd\u00fcr buraday\u0131z. NATO zirvesinde toplant\u0131lar\u0131m\u0131z\u0131 yap\u0131yoruz. Ve b\u00fct\u00fcn liderlerin T\u00fcrkiye\u2019ye bak\u0131\u015f\u0131 \u00e7ok farkl\u0131. D\u00fcnya liderleri bize bu g\u00f6zle bakarken, T\u00fcrkiye\u2019nin ter\u00f6rizmle m\u00fccadelesi NATO taraf\u0131ndan kabul g\u00f6r\u00fcrken, bizim muhalefetimiz ne yaz\u0131k ki ter\u00f6ristlerle yol y\u00fcr\u00fcmeye \u00e7al\u0131\u015ft\u0131. Feraset sahibi milletimiz ter\u00f6ristlerle kol kola yol y\u00fcr\u00fcnmeyece\u011fini, ortakl\u0131klar kurulmayaca\u011f\u0131n\u0131 anlatt\u0131. Umut ediyorum ki muhalefet bu dersi alm\u0131\u015ft\u0131r. \u00dclkemiz i\u00e7in en b\u00fcy\u00fck risklerden birini de ter\u00f6r \u00f6rg\u00fctleriyle bir araya gelen siyasi partiler olu\u015fturdu. Bu \u00fclke, 2023 se\u00e7imlerinde ter\u00f6r \u00f6rg\u00fctlerinin g\u00fcd\u00fcm\u00fcne giren, onlar\u0131n \u00e7izdi\u011fi yol haritas\u0131n\u0131 kullanan siyasileri g\u00f6rd\u00fc. Ter\u00f6r \u00f6rg\u00fctlerine verdikleri s\u00f6zleri hayata ge\u00e7irmek i\u00e7in \u00e7\u0131rp\u0131nan siyasiler g\u00f6rd\u00fck. Ekonomide ya\u015fanan s\u0131k\u0131nt\u0131lar \u00f6ne \u00e7\u0131kart\u0131larak, ter\u00f6r \u00f6rg\u00fctlerine alan a\u00e7\u0131lmak istendi. \u00dclkemize \u2018T\u00fcrkiye Y\u00fczy\u0131l\u0131\u2019 vizyonunu \u00e7izdik. Bu vizyonumuz do\u011frultusunda \u00e7al\u0131\u015fmalar\u0131m\u0131z\u0131 aral\u0131ks\u0131z s\u00fcrd\u00fcr\u00fcyoruz. T\u00fcrkiye\u2019nin \u00f6n\u00fcnde \u00e7ok b\u00fcy\u00fck f\u0131rsatlar var. Be\u015fer\u00ee sermayemizi \u00f6ne \u00e7\u0131kartarak, bu f\u0131rsatlar\u0131 \u00fclkemiz lehine, vatanda\u015flar\u0131m\u0131z\u0131n refah\u0131na kullanaca\u011f\u0131z. 21 y\u0131lda her alanda sa\u011flam temellere oturan altyap\u0131y\u0131 in\u015fa ettik. \u015eimdi bu altyap\u0131 \u00fczerine kurdu\u011fumuz yap\u0131yla T\u00fcrkiye Y\u00fczy\u0131l\u0131n\u0131 hayata ge\u00e7irece\u011fiz\u201d a\u00e7\u0131klamalar\u0131nda bulundu.<\/span><\/p>\n<p><strong><span style=\"font-family: arial, helvetica, sans-serif; font-size: 14px;\">&#8220;Vatanda\u015flar\u0131m\u0131z m\u00fcsterih olsun, enflasyonu yine tek haneye indirece\u011fiz&#8221;<\/span><\/strong><br \/>\n<span style=\"font-family: arial, helvetica, sans-serif; font-size: 14px;\">Bir gazetecinin &#8220;Genel yakla\u015f\u0131m\u0131n\u0131zda yat\u0131r\u0131m, \u00fcretim, istihdam, ihracat, do\u011fal olarak b\u00fcy\u00fcme ve cari fazla ana ba\u015fl\u0131klar. Gerek ekonomi y\u00f6netiminde gerekse Merkez Bankas\u0131 y\u00f6netimindeki yenilemeyle birlikte \u00f6nceki d\u00f6nemi de\u011ferlendirip, farkl\u0131la\u015fan, mali s\u0131k\u0131la\u015ft\u0131rma diyebilece\u011fimiz karar s\u00fcreci, kamu maliyesini g\u00fc\u00e7lendirecek ek gelir \u00f6nlemleri devreye girdi. Bu hamleleri siz \u00f6zellikle enflasyonun tek haneye d\u00fc\u015f\u00fcr\u00fclmesi noktas\u0131nda nas\u0131l bir takvim \u00f6ng\u00f6r\u00fcyorsunuz? Bu arada \u00f6n\u00fcm\u00fczdeki hafta bir K\u00f6rfez ziyaretiniz olacak. K\u00f6rfezden T\u00fcrkiye&#8217;ye farkl\u0131 yol ve y\u00f6ntemlerle kaynak giri\u015fimleri oldu ge\u00e7mi\u015fte. Daha kapsaml\u0131, daha s\u00fcrd\u00fcr\u00fclebilir bir \u00e7er\u00e7eve anla\u015fmas\u0131yla bu s\u00fcreci destekleyecek farkl\u0131 ve yeni bir d\u00f6nemin kap\u0131s\u0131 aralanabilir mi?\u201d sorusuna Cumhurba\u015fkan\u0131 Erdo\u011fan \u015fu cevab\u0131 verdi:<\/span><br \/>\n<span style=\"font-family: arial, helvetica, sans-serif; font-size: 14px;\">\u201cBu ziyarette umutlar\u0131m\u0131z var. Arkada\u015flar\u0131m\u0131 \u00f6nceden g\u00f6nderdim. Suudi Arabistan, Katar, Birle\u015fik Arap Emirlikleri buralar\u0131 dola\u015ft\u0131lar. Biz de bir heyetle gidece\u011fiz. Suudi Arabistan, Katar, Birle\u015fik Arap Emirlikleri&#8217;ni dola\u015farak onlarla aram\u0131zdaki her t\u00fcrl\u00fc ili\u015fkileri daha da g\u00fc\u00e7lendirelim istiyoruz. Hatta bug\u00fcn Muhammed bin Zayed arad\u0131. Merak ediyorlar. Ne oldu, nas\u0131l gitti falan. Dedik ki \u2018Nas\u0131l olsa \u00e7ar\u015famba g\u00fcn\u00fc sizdeyiz. Orada etrafl\u0131ca bunlar\u0131 g\u00f6r\u00fc\u015f\u00fcr\u00fcz.\u2019 Katar&#8217;dan oraya gidece\u011fiz, Suudi Arabistan\u2019a, Katar\u2019a ge\u00e7ece\u011fiz ve umutluyum. \u00d6n ziyaretlerde arkada\u015flar\u0131m\u0131z belli bilgilendirmeleri yapt\u0131lar. Yapaca\u011f\u0131m\u0131z ziyarette de T\u00fcrkiye&#8217;ye verecekleri destekleri bizzat g\u00f6rme, ya\u015fama imk\u00e2n\u0131m\u0131z olacak. Daha \u00f6nce yapt\u0131\u011f\u0131m g\u00f6r\u00fc\u015fmelerde kendileri s\u00f6yledi. \u2018T\u00fcrkiye&#8217;ye ciddi yat\u0131r\u0131mlar yapmaya biz haz\u0131r\u0131z.\u2019 Bunu bu ziyaretle birlikte de in\u015fallah noktalam\u0131\u015f olaca\u011f\u0131z. Bu yat\u0131r\u0131mlar belki bizde olacak, belki Suudi Arabistan\u2019da, Katar\u2019da, Birle\u015fik Arap Emirlikleri\u2019nde olacak.\u201c<\/span><br \/>\n<span style=\"font-family: arial, helvetica, sans-serif; font-size: 14px;\">Yeni d\u00f6nemde de ehil kadrolar\u0131n elinde oldu\u011funun vurgusunu yapan Cumhurba\u015fkan\u0131 Erdo\u011fan, \u201cBu \u00fclkede enflasyonu tek haneye daha \u00f6nce kim indirdi? AK Parti kadrolar\u0131. Vatanda\u015flar\u0131m\u0131z m\u00fcsterih olsun, enflasyonu yine tek haneye indirece\u011fiz. Ekonomiyi g\u00fc\u00e7lendirecek, T\u00fcrkiye\u2019yi b\u00fcy\u00fctecek ad\u0131mlar\u0131 att\u0131k, at\u0131yoruz. Yap\u0131lan \u00e7al\u0131\u015fmalar\u0131n, g\u00f6reve getirilen ekibin olumlu yans\u0131malar\u0131n\u0131 da almaya ba\u015flad\u0131k. 26 May\u0131s\u2019ta 98.5 milyar dolar olan Merkez Bankas\u0131 rezervleri, 30 Haziran\u2019da 108.6 milyar dolar seviyesine \u00e7\u0131kt\u0131. Bu 1 ayl\u0131k d\u00f6nemde net rezervler ise 14.2 milyar dolar iyile\u015fme g\u00f6sterdi. Bu rakamlar ekonomi, finans, ticaret \u00e7evrelerine de g\u00fcven ve cesaret veriyor. Ekonomi program\u0131m\u0131z\u0131, belirledi\u011fimiz hedeflerimiz do\u011frultusunda tavizsiz uygulayaca\u011f\u0131z. Uluslararas\u0131 rezerv birikimini art\u0131rmak i\u00e7in rasyonel politikalar\u0131 hayata ge\u00e7iriyor, uluslararas\u0131 yat\u0131r\u0131mlar\u0131 \u00fclkeye \u00e7ekmek i\u00e7in \u00e7al\u0131\u015f\u0131yoruz. T\u00fcrkiye\u2019nin b\u00fcy\u00fcmesi, vatanda\u015f\u0131m\u0131z\u0131n refah\u0131 i\u00e7in gereken ad\u0131mlar\u0131 atmaktan geri durmayaca\u011f\u0131z. Gerekli t\u00fcm altyap\u0131, \u00fcstyap\u0131 \u00e7al\u0131\u015fmalar\u0131n\u0131 yapt\u0131ktan sonra d\u00fc\u015fme e\u011filimindeki enflasyon da kendi seyrinde tek haneye d\u00fc\u015fecektir. \u0130nan\u0131yorum ki tek haneli enflasyon rakamlar\u0131n\u0131 k\u0131sa zamanda g\u00f6rece\u011fiz\u201d dedi.<\/span><\/p>\n<p><strong><span style=\"font-family: arial, helvetica, sans-serif; font-size: 14px;\">&#8220;Yang\u0131nlarla ilgili daha yeni 100 milyonluk bir yat\u0131r\u0131m yapt\u0131k&#8221;<\/span><\/strong><br \/>\n<span style=\"font-family: arial, helvetica, sans-serif; font-size: 14px;\">Afet Bakanl\u0131\u011f\u0131 kurulmas\u0131na ili\u015fkin soru \u00fczerine Cumhurba\u015fkan\u0131 Erdo\u011fan, \u201cKaradeniz ba\u015fta olmak \u00fczere T\u00fcrkiye\u2019nin \u00e7e\u015fitli b\u00f6lgelerinde yo\u011fun ya\u011f\u0131\u015ftan kaynakl\u0131 sel, heyelan olaylar\u0131 ya\u015fand\u0131. Bu afetlerden etkilenen t\u00fcm vatanda\u015flar\u0131ma ge\u00e7mi\u015f olsun dileklerimi iletiyorum. \u0130lgili bakanlar\u0131m\u0131z hemen afet b\u00f6lgelerine ge\u00e7erek, \u00e7al\u0131\u015fmalar\u0131 koordine etti. Can ve mal kay\u0131plar\u0131n\u0131 en aza indirmek i\u00e7in ne gerekiyorsa yap\u0131ld\u0131, yap\u0131l\u0131yor. \u015eu anda Afet Bakanl\u0131\u011f\u0131&#8217;n\u0131n yapaca\u011f\u0131 i\u015fi AFAD yap\u0131yor zaten. B\u00fct\u00fcn donan\u0131mlar\u0131yla, her \u015feyiyle AFAD\u2019\u0131n T\u00fcrkiye genelinde her yerde, her noktada belirli haz\u0131rl\u0131klar\u0131 var. Bizim AFAD\u2019la oturmu\u015f bir kurumumuz var ve bu kurumumuzla beraber de bu i\u015fleri y\u00fcr\u00fct\u00fcyoruz. Mesela yang\u0131nlarla ilgili daha yeni 100 milyonluk bir yat\u0131r\u0131m yapt\u0131k. Helikopterler ald\u0131k, u\u00e7aklar ald\u0131k vesaire. \u015eimdi bunu daha da takviye edece\u011fiz. \u0130n\u015fallah Say\u0131n Putin ile bir araya geldi\u011fimizde onlar\u0131n amfibik u\u00e7aklar\u0131 var, onlardan belki birka\u00e7 tane almay\u0131 d\u00fc\u015f\u00fcn\u00fcyoruz. \u00c7\u00fcnk\u00fc yang\u0131n s\u00f6nd\u00fcrmede \u00e7ok etkin bu u\u00e7aklar. Denize dal\u0131yor, oradan suyunu al\u0131yor ve ondan sonra bak\u0131yorsun hemen birka\u00e7 dakika i\u00e7erisinde yang\u0131n mahalline ula\u015f\u0131p oraya suyu d\u00f6k\u00fcyor. Bunlar tabii bizim i\u00e7in \u00e7ok \u00e7ok \u00f6nemli. Yani bunlardan iki, \u00fc\u00e7 tane takviye yaparsak, mevcut \u015fu andaki filomuzdan \u00e7ok daha etkin olacak\u201d ifadelerini kulland\u0131.<\/span><\/p>\n<p><strong><span style=\"font-family: arial, helvetica, sans-serif; font-size: 14px;\">&#8220;Yap\u0131lan \u00e7al\u0131\u015fmalarla k\u0131sa zamanda d\u00fczensiz g\u00f6\u00e7menler konusunda g\u00f6zle g\u00f6r\u00fcn\u00fcr de\u011fi\u015fiklikleri vatanda\u015f\u0131m\u0131z hissedecek&#8221;<\/span><\/strong><br \/>\n<span style=\"font-family: arial, helvetica, sans-serif; font-size: 14px;\">&#8220;T\u00fcrkiye, d\u00fczensiz g\u00f6\u00e7menler konusunda farkl\u0131 bir d\u00f6neme mi giriyor?&#8221; sorusuna Cumhurba\u015fkan\u0131 Erdo\u011fan, \u201cD\u00fczensiz g\u00f6\u00e7le m\u00fccadele hi\u00e7bir zaman sekteye u\u011framad\u0131, u\u011frayamaz. Bunun detay\u0131 dedi\u011fimiz zaman uygulamada bir\u00e7ok ad\u0131mlar at\u0131lacak. Bunlar kah polisiyedir, kah o s\u0131n\u0131rlardaki uygulamalar\u0131m\u0131zd\u0131r. T\u00fcrkiye&#8217;ye bu g\u00f6\u00e7men giri\u015flerinin engellenmesi ve yakalananlar\u0131n s\u0131\u011f\u0131nma evleri veya g\u00f6\u00e7men evlerine al\u0131nmas\u0131 \u00f6nemli. At\u0131lacak ad\u0131mlarla da bu i\u015fi daha da s\u0131n\u0131rlamak ve yerinden \u00f6zellikle Suriye&#8217;nin kuzeyinden olacak g\u00f6\u00e7leri yerinde engellemek \u00f6nemli. \u015eu anda buna y\u00f6nelik \u00e7al\u0131\u015fmalar\u0131m\u0131z var. Ka\u00e7ak g\u00f6\u00e7menler yakalan\u0131r yakalanmaz hemen Geri G\u00f6nderme Merkezlerine g\u00f6nderilerek, orada gerekli olanlar yap\u0131l\u0131yor. Bunlar \u00fclkelerine g\u00f6nderiliyor ve bununla beraber halk\u0131m\u0131zdaki endi\u015fe, korku, bunlar\u0131 da gidermi\u015f oluyoruz. Yap\u0131lan \u00e7al\u0131\u015fmalarla k\u0131sa zamanda d\u00fczensiz g\u00f6\u00e7menler konusunda g\u00f6zle g\u00f6r\u00fcn\u00fcr de\u011fi\u015fiklikleri vatanda\u015f\u0131m\u0131z hissedecek. G\u00fcvenlik g\u00fc\u00e7lerimiz, \u00f6nlemleri ve \u00e7al\u0131\u015fmalar\u0131n\u0131 vatanda\u015flar\u0131m\u0131z\u0131n rahat\u0131 ve huzuru i\u00e7in s\u0131k\u0131la\u015ft\u0131rd\u0131. Ancak \u00e7al\u0131\u015fmalar da hi\u00e7bir insan\u0131n onuruna ayk\u0131r\u0131 \u015fekilde yap\u0131lmayacak. Medeniyetimizin, de\u011ferlerimizin gerektirdi\u011fi ad\u0131mlar\u0131 ataca\u011f\u0131z. G\u00f6\u00e7men ka\u00e7ak\u00e7\u0131lar\u0131na da g\u00f6z a\u00e7t\u0131rm\u0131yoruz. Jandarma, emniyet ve ilgili g\u00fcvenlik g\u00fc\u00e7lerimiz ka\u00e7ak\u00e7\u0131l\u0131k organizat\u00f6rl\u00fc\u011f\u00fc yapan ki\u015filere kar\u015f\u0131 ba\u015far\u0131l\u0131 operasyonlar ger\u00e7ekle\u015ftiriyor. Ge\u00e7ti\u011fimiz aylarda Van-\u0130ran s\u0131n\u0131r hatt\u0131nda g\u00f6\u00e7men ka\u00e7ak\u00e7\u0131l\u0131\u011f\u0131 su\u00e7unu organize olarak i\u015fleyen su\u00e7 \u00f6rg\u00fctlerine y\u00f6nelik e\u015f zamanl\u0131 operasyonlar d\u00fczenlendi. Bu operasyonlarda 300\u2019e yak\u0131n g\u00f6\u00e7men ka\u00e7ak\u00e7\u0131l\u0131\u011f\u0131 organizat\u00f6r\u00fc yakalan\u0131rken, bunlardan 168&#8217;i tutukland\u0131. D\u00fczensiz g\u00f6\u00e7menlerle, \u00fclkemize s\u0131\u011f\u0131nm\u0131\u015f, misafir etti\u011fimiz m\u00fcltecileri de birbirine kar\u0131\u015ft\u0131rmamal\u0131y\u0131z. M\u00fcltecilerin onurlu, g\u00f6n\u00fcll\u00fc ve g\u00fcvenli \u015fekilde \u00fclkelerine d\u00f6nmeleri i\u00e7in \u00e7al\u0131\u015fmalar\u0131m\u0131z\u0131 s\u00fcrd\u00fcr\u00fcyoruz\u201d diye konu\u015ftu.<\/span><\/p>\n<p><strong><span style=\"font-family: arial, helvetica, sans-serif; font-size: 14px;\">&#8220;Do\u011fal gaz, bunun yan\u0131nda petrolden gelirin belli bir b\u00f6l\u00fcm\u00fcn\u00fc Aile ve Gen\u00e7lik Bankas\u0131 kapsam\u0131na aktaraca\u011f\u0131z&#8221;<\/span><\/strong><br \/>\n<span style=\"font-family: arial, helvetica, sans-serif; font-size: 14px;\">Bir gazetecinin dul maa\u015f\u0131n\u0131n gelen zamlara ra\u011fmen d\u00fc\u015f\u00fck kald\u0131\u011f\u0131 s\u00f6zleri \u00fczerine Cumhurba\u015fkan\u0131 Erdo\u011fan, \u201cT\u00fcrkiye\u2019de aileye ve kad\u0131na Cumhuriyet tarihinde en fazla de\u011fer ve sosyal yard\u0131m AK Parti h\u00fck\u00fcmetleri d\u00f6neminde verilmi\u015ftir. T\u00fcrkiye Y\u00fczy\u0131l\u0131 vizyonumuz \u00e7er\u00e7evesinde hi\u00e7bir vatanda\u015f\u0131m\u0131z\u0131n ma\u011fduriyet ya\u015famas\u0131na izin vermeyece\u011fiz, topyek\u00fbn bir kalk\u0131nmay\u0131 hedefledik ve hedefimize ula\u015faca\u011f\u0131z. Bundan kimsenin \u015f\u00fcphesi olmas\u0131n. Sosyal hizmet modellerimizle d\u00fc\u015f\u00fck gelirli bireyleri ve aileleri ihtiya\u00e7lar\u0131 do\u011frultusunda hep destekledik, hep destekleyece\u011fiz. Bunun ad\u0131mlar\u0131 at\u0131yoruz. Aile ve Gen\u00e7lik Bankam\u0131z da bunun en somut ad\u0131m\u0131 olacak. T\u00fcrkiye Aile Destek Program\u0131 kapsam\u0131ndaki \u00f6demelerimiz de ba\u015flad\u0131. Bir y\u0131l daha s\u00fcrecek bu program\u0131m\u0131z\u0131n ba\u015flang\u0131c\u0131ndan bu yana yakla\u015f\u0131k 4 milyon haneye sa\u011flanan destek tutar\u0131 40 milyar liray\u0131 buldu. Fakat sosyal hizmet modelleri kapsam\u0131ndaki ya\u015fl\u0131 ayl\u0131\u011f\u0131n\u0131 1997 liradan 2 bin 348 liraya, y\u00fczde 40-69 aras\u0131 engelli oran\u0131na sahip olan vatanda\u015flar\u0131n ayl\u0131\u011f\u0131n\u0131n bin 594 liradan bin874 liraya, y\u00fczde 70 ve \u00fczeri engelli raporu bulunan vatanda\u015flar\u0131n ayl\u0131\u011f\u0131n\u0131 2 bin 392 liradan 2 bin 811 liraya y\u00fckselttik. \u015eimdi yeni bir ad\u0131m at\u0131yoruz. O da Aile ve Gen\u00e7lik Bankas\u0131n\u0131 kurmak. Bizim do\u011fal gaz, bunun yan\u0131nda petrolden gelirin belli bir b\u00f6l\u00fcm\u00fcn\u00fc biz bu Aile ve Gen\u00e7lik Bankas\u0131 kapsam\u0131na aktaraca\u011f\u0131z. Oradan da bu t\u00fcr han\u0131mlara ve gen\u00e7lere bunu tahsis edece\u011fiz. Bu i\u015fin en g\u00fczel \u00f6rne\u011fi veren \u00fclke de Norve\u00e7&#8217;tir. Norve\u00e7 bu i\u015fi ba\u015far\u0131yla s\u00fcrd\u00fcr\u00fcyor. Onun b\u00fct\u00fcn petrol gelirlerinin belli bir k\u0131sm\u0131 rezerv olarak tamamen gen\u00e7lere ayr\u0131l\u0131r. Gelecek ku\u015faklara ayr\u0131l\u0131r. \u015eimdi bunun bir benzerini de in\u015fallah Aile ve Gen\u00e7lik Bankas\u0131yla \u00fclkemizde yapaca\u011f\u0131z. Dezavantajl\u0131 durumdaki bireylerin \u00e7e\u015fitli hizmet ve sosyal yard\u0131m modellerinden yararlanmas\u0131 i\u00e7in Aile ve Sosyal Politikalar Bakanl\u0131\u011f\u0131m\u0131z\u0131n \u00e7al\u0131\u015fmalar\u0131 devam ediyor\u201d dedi.<\/span><\/p>\n","protected":false},"excerpt":{"rendered":"<p>Cumhurba\u015fkan\u0131 Recep Tayyip Erdo\u011fan, \u0130sve\u00e7&#8217;in NATO&#8217;ya kat\u0131lmas\u0131na ili\u015fkin, \u201c\u0130sve\u00e7&#8217;in kat\u0131l\u0131m protokollerini onaylayacak merci T\u00fcrkiye B\u00fcy\u00fck Millet Meclisi&#8217;dir. \u015eu an i\u015fleyen<\/p>\n","protected":false},"author":3,"featured_media":12228,"comment_status":"open","ping_status":"open","sticky":false,"template":"","format":"standard","meta":{"colormag_page_container_layout":"default_layout","colormag_page_sidebar_layout":"default_layout","footnotes":""},"categories":[1,5,8],"tags":[],"class_list":["post-12226","post","type-post","status-publish","format-standard","has-post-thumbnail","hentry","category-genel","category-gundem","category-siyaset"],"_links":{"self":[{"href":"https:\/\/marmarayerelhizmet.com\/index.php\/wp-json\/wp\/v2\/posts\/12226","targetHints":{"allow":["GET"]}}],"collection":[{"href":"https:\/\/marmarayerelhizmet.com\/index.php\/wp-json\/wp\/v2\/posts"}],"about":[{"href":"https:\/\/marmarayerelhizmet.com\/index.php\/wp-json\/wp\/v2\/types\/post"}],"author":[{"embeddable":true,"href":"https:\/\/marmarayerelhizmet.com\/index.php\/wp-json\/wp\/v2\/users\/3"}],"replies":[{"embeddable":true,"href":"https:\/\/marmarayerelhizmet.com\/index.php\/wp-json\/wp\/v2\/comments?post=12226"}],"version-history":[{"count":0,"href":"https:\/\/marmarayerelhizmet.com\/index.php\/wp-json\/wp\/v2\/posts\/12226\/revisions"}],"wp:featuredmedia":[{"embeddable":true,"href":"https:\/\/marmarayerelhizmet.com\/index.php\/wp-json\/wp\/v2\/media\/12228"}],"wp:attachment":[{"href":"https:\/\/marmarayerelhizmet.com\/index.php\/wp-json\/wp\/v2\/media?parent=12226"}],"wp:term":[{"taxonomy":"category","embeddable":true,"href":"https:\/\/marmarayerelhizmet.com\/index.php\/wp-json\/wp\/v2\/categories?post=12226"},{"taxonomy":"post_tag","embeddable":true,"href":"https:\/\/marmarayerelhizmet.com\/index.php\/wp-json\/wp\/v2\/tags?post=12226"}],"curies":[{"name":"wp","href":"https:\/\/api.w.org\/{rel}","templated":true}]}}