{"id":12217,"date":"2023-07-13T02:02:41","date_gmt":"2023-07-12T23:02:41","guid":{"rendered":"https:\/\/marmarayerelhizmet.com\/?p=12217"},"modified":"2023-07-13T13:03:21","modified_gmt":"2023-07-13T10:03:21","slug":"freni-patladi-3-araca-carpti","status":"publish","type":"post","link":"https:\/\/marmarayerelhizmet.com\/index.php\/2023\/07\/13\/freni-patladi-3-araca-carpti\/","title":{"rendered":"Freni Patlad\u0131 3 Araca \u00c7arpt\u0131"},"content":{"rendered":"<p><strong><span style=\"font-family: arial, helvetica, sans-serif; font-size: 14px;\">\u00c7anakkale\u2019nin Ayvac\u0131k il\u00e7esinde freni patlayan kamyon 2 otomobil ile 1 yolcu otob\u00fcs\u00fcne \u00e7arpt\u0131. Meydana gelen zincirleme trafik kazas\u0131nda 1 ki\u015fi hayat\u0131n\u0131 kaybetti, 2\u2019si a\u011f\u0131r 5 ki\u015fi yaraland\u0131.<br \/>\n<\/span><\/strong><br \/>\n<span style=\"font-family: arial, helvetica, sans-serif; font-size: 14px;\">Kaza, saat 21.00 s\u0131ralar\u0131nda \u00c7anakkale-\u0130zmir Karayolu \u00fczerinde Ayvac\u0131k il\u00e7esine ba\u011fl\u0131 K\u00fc\u00e7\u00fckkuyu beldesi giri\u015finde meydana geldi. \u00c7anakkale&#8217;den \u0130zmir\u2019e seyir halinde olan \u015fof\u00f6r\u00fcn kimli\u011fi ve plakas\u0131 \u00f6\u011frenilemeyen domates y\u00fckl\u00fc kamyonun iddiaya g\u00f6re freni patlad\u0131. Kontrolden \u00e7\u0131kan kamyon \u00f6n\u00fcnde seyir halinde olan 35 TIS 39 plakal\u0131 otomobile ard\u0131ndan 35 EKS 068 plakal\u0131 yolcu otob\u00fcs\u00fc ile 06 CKE 758 plakal\u0131 otomobile \u00e7arpt\u0131ktan sonra devrildi. Kamyon kasas\u0131ndaki domatesler yola savruldu. Ortal\u0131\u011f\u0131n sava\u015f alan\u0131na d\u00f6nd\u00fc\u011f\u00fc kazada, di\u011fer s\u00fcr\u00fcc\u00fcler durumu, polis, jandarma, itfaiye ve sa\u011fl\u0131k ekiplerine bildirdi.<\/span><br \/>\n<span style=\"font-family: arial, helvetica, sans-serif; font-size: 14px;\">Kazada 35 TIS 39 plakal\u0131 otomobilde bulunan 1 ki\u015fi hayat\u0131n\u0131 kaybetti, 5 ki\u015fi de yaraland\u0131. Yaral\u0131lar sa\u011fl\u0131k ekiplerinin olay yerindeki ilk m\u00fcdahalesinin ard\u0131ndan Bal\u0131kesir\u2019in Edremit il\u00e7esindeki hastanelere sevk edildi. Yaral\u0131lardan 2\u2019sinin sa\u011fl\u0131k durumunun a\u011f\u0131r oldu\u011fu \u00f6\u011frenildi.<\/span><br \/>\n<span style=\"font-family: arial, helvetica, sans-serif; font-size: 14px;\">\u00c7anakkale-\u0130zmir karayolunun \u0130zmir istikameti kaza nedeniyle ara\u00e7 trafi\u011fine kapat\u0131l\u0131rken, jandarma kazayla ilgili inceleme ba\u015flatt\u0131.<\/span><\/p>\n","protected":false},"excerpt":{"rendered":"<p>\u00c7anakkale\u2019nin Ayvac\u0131k il\u00e7esinde freni patlayan kamyon 2 otomobil ile 1 yolcu otob\u00fcs\u00fcne \u00e7arpt\u0131. Meydana gelen zincirleme trafik kazas\u0131nda 1 ki\u015fi<\/p>\n","protected":false},"author":3,"featured_media":12219,"comment_status":"open","ping_status":"open","sticky":false,"template":"","format":"standard","meta":{"colormag_page_container_layout":"default_layout","colormag_page_sidebar_layout":"default_layout","footnotes":""},"categories":[1,5],"tags":[],"class_list":["post-12217","post","type-post","status-publish","format-standard","has-post-thumbnail","hentry","category-genel","category-gundem"],"_links":{"self":[{"href":"https:\/\/marmarayerelhizmet.com\/index.php\/wp-json\/wp\/v2\/posts\/12217","targetHints":{"allow":["GET"]}}],"collection":[{"href":"https:\/\/marmarayerelhizmet.com\/index.php\/wp-json\/wp\/v2\/posts"}],"about":[{"href":"https:\/\/marmarayerelhizmet.com\/index.php\/wp-json\/wp\/v2\/types\/post"}],"author":[{"embeddable":true,"href":"https:\/\/marmarayerelhizmet.com\/index.php\/wp-json\/wp\/v2\/users\/3"}],"replies":[{"embeddable":true,"href":"https:\/\/marmarayerelhizmet.com\/index.php\/wp-json\/wp\/v2\/comments?post=12217"}],"version-history":[{"count":0,"href":"https:\/\/marmarayerelhizmet.com\/index.php\/wp-json\/wp\/v2\/posts\/12217\/revisions"}],"wp:featuredmedia":[{"embeddable":true,"href":"https:\/\/marmarayerelhizmet.com\/index.php\/wp-json\/wp\/v2\/media\/12219"}],"wp:attachment":[{"href":"https:\/\/marmarayerelhizmet.com\/index.php\/wp-json\/wp\/v2\/media?parent=12217"}],"wp:term":[{"taxonomy":"category","embeddable":true,"href":"https:\/\/marmarayerelhizmet.com\/index.php\/wp-json\/wp\/v2\/categories?post=12217"},{"taxonomy":"post_tag","embeddable":true,"href":"https:\/\/marmarayerelhizmet.com\/index.php\/wp-json\/wp\/v2\/tags?post=12217"}],"curies":[{"name":"wp","href":"https:\/\/api.w.org\/{rel}","templated":true}]}}