{"id":12209,"date":"2023-07-13T13:00:58","date_gmt":"2023-07-13T10:00:58","guid":{"rendered":"https:\/\/marmarayerelhizmet.com\/?p=12209"},"modified":"2023-07-13T13:00:58","modified_gmt":"2023-07-13T10:00:58","slug":"kereste-fabrikasinda-patlama","status":"publish","type":"post","link":"https:\/\/marmarayerelhizmet.com\/index.php\/2023\/07\/13\/kereste-fabrikasinda-patlama\/","title":{"rendered":"Kereste Fabrikas\u0131nda Patlama"},"content":{"rendered":"<p><strong><span style=\"font-family: arial, helvetica, sans-serif; font-size: 14px;\">Sakarya\u2019n\u0131n Adapazar\u0131 il\u00e7esinde bulunan kereste fabrikas\u0131nda buhar kazan\u0131 adeta bomba gibi patlad\u0131. \u0130\u015f\u00e7ilerin \u00f6l\u00fcmden d\u00f6nd\u00fc\u011f\u00fc anlar g\u00fcvenlik kameras\u0131nca saniye saniye kaydedildi.<br \/>\n<\/span><\/strong><br \/>\n<span style=\"font-family: arial, helvetica, sans-serif; font-size: 14px;\">Yang\u0131n, d\u00fcn ak\u015fam saat 19.50 s\u0131ralar\u0131nda Adapazar\u0131 il\u00e7esinde bulunan Keresteciler Sanayi Sitesi i\u00e7erisindeki bir kerese fabrikas\u0131nda meydana gelmi\u015fti. Edinilen bilgiye g\u00f6re, tala\u015f makinesine buhar aktaran kazanda patlama meydana geldi. Patlama neticesinde fabrikan\u0131n bir b\u00f6l\u00fcm\u00fcnde yang\u0131n meydana geldi. Durumun haber verilmesi \u00fczerine b\u00f6lgeye \u00e7ok say\u0131da itfaiye, sa\u011fl\u0131k ve polis ekipleri sevk edildi. B\u00f6lgeye ula\u015fan itfaiye ekiplerince yang\u0131n kontrol alt\u0131na al\u0131narak s\u00f6nd\u00fcr\u00fcld\u00fc.<\/span><\/p>\n<p><strong><span style=\"font-family: arial, helvetica, sans-serif; font-size: 14px;\">Patlama an\u0131 kamerada<\/span><\/strong><br \/>\n<span style=\"font-family: arial, helvetica, sans-serif; font-size: 14px;\">\u00d6te yandan, meydana gelen patlama an\u0131 ise g\u00fcvenlik kameras\u0131nca saniye saniye kaydedildi. G\u00f6r\u00fcnt\u00fclerde, 5 i\u015f\u00e7inin \u00e7al\u0131\u015ft\u0131\u011f\u0131 b\u00f6lgede buhar kazan\u0131n\u0131n adeta bomba gibi patlad\u0131\u011f\u0131 ve alevlerin y\u00fckseldi\u011fi anlar yer ald\u0131. Patlaman\u0131n etkisi ile i\u015f\u00e7ilerin can havliyle b\u00f6lgeden ka\u00e7\u0131\u015ft\u0131\u011f\u0131 anlar da g\u00f6r\u00fcnt\u00fclerde yer ald\u0131.<\/span><\/p>\n<p><strong><span style=\"font-family: arial, helvetica, sans-serif; font-size: 14px;\">Alevlerin i\u00e7inde kalan i\u015f\u00e7iler hastanelik oldu<\/span><\/strong><br \/>\n<span style=\"font-family: arial, helvetica, sans-serif; font-size: 14px;\">Patlaman\u0131n etkisi ile y\u00fckselen alevlerin aras\u0131nda kalan 3 i\u015f\u00e7inin ise v\u00fccutlar\u0131n\u0131n \u00e7e\u015fitli yerlerinde yan\u0131klar olu\u015ftu. B\u00f6lgede ilk m\u00fcdahalesi yap\u0131lan i\u015f\u00e7iler hastaneye kald\u0131r\u0131l\u0131rken, konuya ili\u015fkin inceleme ba\u015flat\u0131ld\u0131.<\/span><\/p>\n","protected":false},"excerpt":{"rendered":"<p>Sakarya\u2019n\u0131n Adapazar\u0131 il\u00e7esinde bulunan kereste fabrikas\u0131nda buhar kazan\u0131 adeta bomba gibi patlad\u0131. \u0130\u015f\u00e7ilerin \u00f6l\u00fcmden d\u00f6nd\u00fc\u011f\u00fc anlar g\u00fcvenlik kameras\u0131nca saniye saniye<\/p>\n","protected":false},"author":3,"featured_media":12211,"comment_status":"open","ping_status":"open","sticky":false,"template":"","format":"standard","meta":{"colormag_page_container_layout":"default_layout","colormag_page_sidebar_layout":"default_layout","footnotes":""},"categories":[1,5],"tags":[],"class_list":["post-12209","post","type-post","status-publish","format-standard","has-post-thumbnail","hentry","category-genel","category-gundem"],"_links":{"self":[{"href":"https:\/\/marmarayerelhizmet.com\/index.php\/wp-json\/wp\/v2\/posts\/12209","targetHints":{"allow":["GET"]}}],"collection":[{"href":"https:\/\/marmarayerelhizmet.com\/index.php\/wp-json\/wp\/v2\/posts"}],"about":[{"href":"https:\/\/marmarayerelhizmet.com\/index.php\/wp-json\/wp\/v2\/types\/post"}],"author":[{"embeddable":true,"href":"https:\/\/marmarayerelhizmet.com\/index.php\/wp-json\/wp\/v2\/users\/3"}],"replies":[{"embeddable":true,"href":"https:\/\/marmarayerelhizmet.com\/index.php\/wp-json\/wp\/v2\/comments?post=12209"}],"version-history":[{"count":0,"href":"https:\/\/marmarayerelhizmet.com\/index.php\/wp-json\/wp\/v2\/posts\/12209\/revisions"}],"wp:featuredmedia":[{"embeddable":true,"href":"https:\/\/marmarayerelhizmet.com\/index.php\/wp-json\/wp\/v2\/media\/12211"}],"wp:attachment":[{"href":"https:\/\/marmarayerelhizmet.com\/index.php\/wp-json\/wp\/v2\/media?parent=12209"}],"wp:term":[{"taxonomy":"category","embeddable":true,"href":"https:\/\/marmarayerelhizmet.com\/index.php\/wp-json\/wp\/v2\/categories?post=12209"},{"taxonomy":"post_tag","embeddable":true,"href":"https:\/\/marmarayerelhizmet.com\/index.php\/wp-json\/wp\/v2\/tags?post=12209"}],"curies":[{"name":"wp","href":"https:\/\/api.w.org\/{rel}","templated":true}]}}