{"id":12193,"date":"2023-07-13T12:54:23","date_gmt":"2023-07-13T09:54:23","guid":{"rendered":"https:\/\/marmarayerelhizmet.com\/?p=12193"},"modified":"2023-07-13T12:54:23","modified_gmt":"2023-07-13T09:54:23","slug":"12193","status":"publish","type":"post","link":"https:\/\/marmarayerelhizmet.com\/index.php\/2023\/07\/13\/12193\/","title":{"rendered":""},"content":{"rendered":"<p><strong><span style=\"font-family: arial, helvetica, sans-serif; font-size: 14px;\">S\u00fcleymanpa\u015fa Belediyesi taraf\u0131ndan, Tekirda\u011f sahillerindeki Kumba\u011f ve Barbaros mahallelerinde in\u015fa edilen sosyal tesis projelerinde \u00e7al\u0131\u015fmalar\u0131 h\u0131z kesmeden devam ediyor. Ba\u015fkan H\u00fcseyin Uzunlar, her iki projeyi de yerinde inceleyerek son durumu de\u011ferlendirdi.<br \/>\n<\/span><\/strong><br \/>\n<span style=\"font-family: arial, helvetica, sans-serif; font-size: 14px;\">S\u00fcleymanpa\u015fa Belediyesi, \u00f6zellikle k\u0131rsal mahallelerde yat\u0131r\u0131m ata\u011f\u0131n\u0131 h\u0131z kesmeden s\u00fcrd\u00fcr\u00fcyor. Ferhadanl\u0131 Mahallesi\u2019nde yap\u0131m\u0131 son a\u015famaya gelen sosyal tesislerle birlikte, S\u00fcleymanpa\u015fa\u2019n\u0131n turistik potansiyeli en y\u00fcksek mahalleleri olan Kumba\u011f ve Barbaros Sosyal Tesisleri de hizmete girmek i\u00e7in g\u00fcn saymaya ba\u015flad\u0131.<\/span><\/p>\n<p><strong><span style=\"font-family: arial, helvetica, sans-serif; font-size: 14px;\">Kumba\u011f sosyal tesisleri sona yakla\u015ft\u0131<\/span><\/strong><br \/>\n<span style=\"font-family: arial, helvetica, sans-serif; font-size: 14px;\">Mahalle sakinlerine \u00e7ok say\u0131da farkl\u0131 hizmetin sunulabilece\u011fi, toplant\u0131lar, e\u011fitimler ve sosyal etkinliklere ev sahipli\u011fi yapacak olan Kumba\u011f Sosyal Tesisleri projesinde kaba in\u015faat son a\u015famaya geldi. S\u00fcleymanpa\u015fa Belediye Ba\u015fkan\u0131 H\u00fcseyin Uzunlar, projede gelinen durumu yerinde de\u011ferlendirmek \u00fczere Kumba\u011f\u2019a ziyarette bulundu. Uzunlar, ilgili personelden bilgi alarak \u00e7al\u0131\u015fmalar\u0131n h\u0131zland\u0131r\u0131lmas\u0131 i\u00e7in talimatlar\u0131n\u0131 verdi.<\/span><br \/>\n<span style=\"font-family: arial, helvetica, sans-serif; font-size: 14px;\">Kumba\u011f Sosyal Tesisleri projesi ile ilgili a\u00e7\u0131klamada bulunan Ba\u015fkan Uzunlar, \u201cKumba\u011f\u2019da, mahallemizin sosyal ya\u015fam\u0131n\u0131 zenginle\u015ftirmek ve hem\u015ferilerimizin bir araya gelme imk\u00e2nlar\u0131n\u0131 art\u0131rmak \u00fczere in\u015fa etti\u011fimiz Sosyal Tesis projemizde h\u0131zla sona yakla\u015f\u0131yoruz. Devam eden \u00e7al\u0131\u015fmalar\u0131 yerinde g\u00f6zlemlemek \u00fczere ziyaret etti\u011fimiz projede, g\u00f6rev alan ekiplerimize kolayl\u0131klar diledik. \u00c7ok yak\u0131nda yap\u0131m\u0131n\u0131 tamamlayarak vatanda\u015flar\u0131m\u0131z\u0131n istifadesine sunaca\u011f\u0131m\u0131z Sosyal Tesis projemiz, Kumba\u011f Mahallemizin sosyal dokusuna yeni bir soluk getirecek ve siz de\u011ferli mahalle sakinlerimizin keyifli zamanlar ge\u00e7irebilece\u011fi bir mek\u00e2n olacak\u201d diye konu\u015ftu.<\/span><\/p>\n<p><strong><span style=\"font-family: arial, helvetica, sans-serif; font-size: 14px;\">Barbaros yeni bir ya\u015fam alan\u0131na kavu\u015facak<\/span><\/strong><br \/>\n<span style=\"font-family: arial, helvetica, sans-serif; font-size: 14px;\">Daha sonra Barbaros Mahallesi\u2019nde yap\u0131m\u0131 s\u00fcren ve son a\u015famaya gelen sosyal tesis in\u015faat\u0131n\u0131 denetleyen Belediye Ba\u015fkan\u0131 H\u00fcseyin Uzunlar, burada ger\u00e7ekle\u015ftirilen \u00e7al\u0131\u015fmalara nezaret etti. Uzunlar, ilgili personelle isti\u015farede bulunarak yap\u0131lmas\u0131 gereken faaliyetleri planlad\u0131.<\/span><br \/>\n<span style=\"font-family: arial, helvetica, sans-serif; font-size: 14px;\">Barbaros Mahallesi\u2019nde b\u00fcy\u00fck bir ihtiyac\u0131 kar\u015f\u0131layacak olan tesis, b\u00fcnyesindeki \u00e7ok fonksiyonlu kapal\u0131 alanlar\u0131, spor tesisleri, y\u00fcr\u00fcy\u00fc\u015f ve bisiklet yollar\u0131, kafeterya gibi imk\u00e2nlar\u0131 ile mahalle sakinlerine hizmet verecek. 4 y\u0131lda S\u00fcleymanpa\u015fa Belediyesi taraf\u0131ndan \u00f6nemli yat\u0131r\u0131mlar\u0131n yap\u0131ld\u0131\u011f\u0131 Barbaros Mahallesi, projenin tamamlanmas\u0131yla yeni bir ya\u015fam alan\u0131na kavu\u015facak.<\/span><\/p>\n<p><strong><span style=\"font-family: arial, helvetica, sans-serif; font-size: 14px;\">&#8220;Her iki tesisimiz de mahallelerimize hay\u0131rl\u0131 olsun\u201d<\/span><\/strong><br \/>\n<span style=\"font-family: arial, helvetica, sans-serif; font-size: 14px;\">Konuyla ilgili a\u00e7\u0131klamada bulunan Ba\u015fkan Uzunlar, \u015fu ifadeleri kulland\u0131: \u201cBarbaros mahallemize kazand\u0131raca\u011f\u0131m\u0131z Sosyal Tesis projemizde h\u0131zla sona geliyoruz. Modern bir mekanda mahalle sakinlerimizin bir araya gelebilece\u011fi ve etkinliklerin d\u00fczenlendi\u011fi bir yer olarak hizmet verecek tesisimiz, ayn\u0131 kompleks i\u00e7inde yer alan hal\u0131 saha ve \u00e7ok fonksiyonlu spor sahalar\u0131 ile spor tutkunlar\u0131n\u0131n enerjisini ve rekabetini art\u0131racak bir merkez olacak. Her iki tesisimiz de \u015fimdiden mahalle sakinlerimize ve S\u00fcleymanpa\u015fa\u2019m\u0131za hay\u0131rl\u0131 olsun.\u201d<\/span><br \/>\n<span style=\"font-family: arial, helvetica, sans-serif; font-size: 14px;\">Her iki projeyi yerinde inceleyen S\u00fcleymanpa\u015fa Belediye Ba\u015fkan\u0131 H\u00fcseyin Uzunlar\u2019a Belediye Ba\u015fkan Yard\u0131mc\u0131s\u0131 G\u00f6khan Sayg\u0131 da e\u015flik etti.<\/span><\/p>\n","protected":false},"excerpt":{"rendered":"<p>S\u00fcleymanpa\u015fa Belediyesi taraf\u0131ndan, Tekirda\u011f sahillerindeki Kumba\u011f ve Barbaros mahallelerinde in\u015fa edilen sosyal tesis projelerinde \u00e7al\u0131\u015fmalar\u0131 h\u0131z kesmeden devam ediyor. Ba\u015fkan<\/p>\n","protected":false},"author":3,"featured_media":12195,"comment_status":"open","ping_status":"open","sticky":false,"template":"","format":"standard","meta":{"colormag_page_container_layout":"default_layout","colormag_page_sidebar_layout":"default_layout","footnotes":""},"categories":[1,5,8],"tags":[],"class_list":["post-12193","post","type-post","status-publish","format-standard","has-post-thumbnail","hentry","category-genel","category-gundem","category-siyaset"],"_links":{"self":[{"href":"https:\/\/marmarayerelhizmet.com\/index.php\/wp-json\/wp\/v2\/posts\/12193","targetHints":{"allow":["GET"]}}],"collection":[{"href":"https:\/\/marmarayerelhizmet.com\/index.php\/wp-json\/wp\/v2\/posts"}],"about":[{"href":"https:\/\/marmarayerelhizmet.com\/index.php\/wp-json\/wp\/v2\/types\/post"}],"author":[{"embeddable":true,"href":"https:\/\/marmarayerelhizmet.com\/index.php\/wp-json\/wp\/v2\/users\/3"}],"replies":[{"embeddable":true,"href":"https:\/\/marmarayerelhizmet.com\/index.php\/wp-json\/wp\/v2\/comments?post=12193"}],"version-history":[{"count":0,"href":"https:\/\/marmarayerelhizmet.com\/index.php\/wp-json\/wp\/v2\/posts\/12193\/revisions"}],"wp:featuredmedia":[{"embeddable":true,"href":"https:\/\/marmarayerelhizmet.com\/index.php\/wp-json\/wp\/v2\/media\/12195"}],"wp:attachment":[{"href":"https:\/\/marmarayerelhizmet.com\/index.php\/wp-json\/wp\/v2\/media?parent=12193"}],"wp:term":[{"taxonomy":"category","embeddable":true,"href":"https:\/\/marmarayerelhizmet.com\/index.php\/wp-json\/wp\/v2\/categories?post=12193"},{"taxonomy":"post_tag","embeddable":true,"href":"https:\/\/marmarayerelhizmet.com\/index.php\/wp-json\/wp\/v2\/tags?post=12193"}],"curies":[{"name":"wp","href":"https:\/\/api.w.org\/{rel}","templated":true}]}}