{"id":12189,"date":"2023-07-13T12:52:21","date_gmt":"2023-07-13T09:52:21","guid":{"rendered":"https:\/\/marmarayerelhizmet.com\/?p=12189"},"modified":"2023-07-13T12:52:21","modified_gmt":"2023-07-13T09:52:21","slug":"kazdaglarini-komandolar-koruyor","status":"publish","type":"post","link":"https:\/\/marmarayerelhizmet.com\/index.php\/2023\/07\/13\/kazdaglarini-komandolar-koruyor\/","title":{"rendered":"Kazda\u011flar\u0131&#8217;n\u0131 Komandolar Koruyor"},"content":{"rendered":"<p><strong><span style=\"font-family: arial, helvetica, sans-serif; font-size: 14px;\">Bal\u0131kesir&#8217;deki orman yang\u0131nlar\u0131na kar\u015f\u0131 al\u0131nan \u00f6nlemler art\u0131r\u0131l\u0131yor. \u00d6n\u00fcm\u00fczdeki g\u00fcnlerde hava s\u0131cakl\u0131klar\u0131n\u0131n mevsim normallerinin \u00fczerine \u00e7\u0131kmas\u0131 beklenirken; Bal\u0131kesir genelinde yang\u0131nlara kar\u015f\u0131 tedbirler geni\u015fletiliyor. \u00d6zellikle Kazda\u011flar\u0131&#8217;nda, \u00f6nemli bir orman varl\u0131\u011f\u0131na sahip olan b\u00f6lgede jandarma komando timleri devreye girecek.<br \/>\n<\/span><\/strong><br \/>\n<span style=\"font-family: arial, helvetica, sans-serif; font-size: 14px;\">Komando Timleri ve Jandarma Asayi\u015f Timleri, hem yaya hem de ara\u00e7l\u0131 olarak g\u00f6rev yapacak ve 7 g\u00fcn 24 saat boyunca b\u00f6lgede haz\u0131r bulunacak. Ayr\u0131ca jandarmaya insans\u0131z hava ara\u00e7lar\u0131 da (Drone) b\u00f6lgede u\u00e7u\u015flar yaparak izinsiz giri\u015f ve \u00e7\u0131k\u0131\u015flar\u0131 kontrol edecek.<\/span><br \/>\n<span style=\"font-family: arial, helvetica, sans-serif; font-size: 14px;\">Bal\u0131kesir&#8217;deki orman yang\u0131nlar\u0131n\u0131n erken tespiti, yang\u0131nlar\u0131n \u00f6nlenmesi ve h\u0131zl\u0131 m\u00fcdahale i\u00e7in Jandarma Asayi\u015f ve Komando Timlerinin aktif hizmet vermesi \u00f6nemli bir ad\u0131m olarak de\u011ferlendiriliyor. Bu ekiplerin yaya ve ara\u00e7l\u0131 olarak b\u00f6lgeyi s\u00fcrekli g\u00f6zetlemesi, yang\u0131nlar\u0131n ba\u015flamas\u0131 durumunda h\u0131zl\u0131 m\u00fcdahale edilmesini sa\u011flayacak. Ayr\u0131ca yapt\u0131klar\u0131 denetimleri ile ormanlara izinsiz giri\u015flerinde \u00f6n\u00fcne ge\u00e7ilerek yang\u0131n riski minimuma indirilecek.<\/span><br \/>\n<span style=\"font-family: arial, helvetica, sans-serif; font-size: 14px;\">Bunun yan\u0131 s\u0131ra, yang\u0131n g\u00f6zetleme kulelerinin kurulmas\u0131, yang\u0131n ekiplerinin g\u00fc\u00e7lendirilmesi, yang\u0131n s\u00f6nd\u00fcrme ekipmanlar\u0131n\u0131n modernizasyonu, yang\u0131n helikopteri ve u\u00e7aklar\u0131, yang\u0131n g\u00fcvenlik \u015feritlerinin olu\u015fturulmas\u0131 gibi di\u011fer \u00f6nlemler de Bal\u0131kesir&#8217;deki orman yang\u0131nlar\u0131yla m\u00fccadelede kullan\u0131l\u0131yor.<\/span><br \/>\n<span style=\"font-family: arial, helvetica, sans-serif; font-size: 14px;\">Orman yang\u0131nlar\u0131n\u0131n \u00e7o\u011fu insan kaynakl\u0131 nedenlerden kaynaklan\u0131yor. Bu nedenle, toplumda yang\u0131n g\u00fcvenli\u011fi konusunda fark\u0131ndal\u0131\u011f\u0131n art\u0131r\u0131lmas\u0131 da \u00f6nem ta\u015f\u0131yor.<\/span><br \/>\n<span style=\"font-family: arial, helvetica, sans-serif; font-size: 14px;\">Orman yang\u0131nlar\u0131na kar\u015f\u0131 al\u0131nan bu tedbirlerle Bal\u0131kesir&#8217;deki orman varl\u0131\u011f\u0131n\u0131n korunmas\u0131 ve yang\u0131nlar\u0131n kontrol alt\u0131na al\u0131nmas\u0131 hedefleniyor. Kazda\u011flar\u0131&#8217;na Jandarma Asayi\u015f Timleri ve Komando Timlerinin korumas\u0131yla b\u00f6lgedeki yang\u0131n riski minimize edilmeye \u00e7al\u0131\u015f\u0131l\u0131yor.<\/span><\/p>\n","protected":false},"excerpt":{"rendered":"<p>Bal\u0131kesir&#8217;deki orman yang\u0131nlar\u0131na kar\u015f\u0131 al\u0131nan \u00f6nlemler art\u0131r\u0131l\u0131yor. \u00d6n\u00fcm\u00fczdeki g\u00fcnlerde hava s\u0131cakl\u0131klar\u0131n\u0131n mevsim normallerinin \u00fczerine \u00e7\u0131kmas\u0131 beklenirken; Bal\u0131kesir genelinde yang\u0131nlara kar\u015f\u0131<\/p>\n","protected":false},"author":3,"featured_media":12191,"comment_status":"open","ping_status":"open","sticky":false,"template":"","format":"standard","meta":{"colormag_page_container_layout":"default_layout","colormag_page_sidebar_layout":"default_layout","footnotes":""},"categories":[1,5],"tags":[],"class_list":["post-12189","post","type-post","status-publish","format-standard","has-post-thumbnail","hentry","category-genel","category-gundem"],"_links":{"self":[{"href":"https:\/\/marmarayerelhizmet.com\/index.php\/wp-json\/wp\/v2\/posts\/12189","targetHints":{"allow":["GET"]}}],"collection":[{"href":"https:\/\/marmarayerelhizmet.com\/index.php\/wp-json\/wp\/v2\/posts"}],"about":[{"href":"https:\/\/marmarayerelhizmet.com\/index.php\/wp-json\/wp\/v2\/types\/post"}],"author":[{"embeddable":true,"href":"https:\/\/marmarayerelhizmet.com\/index.php\/wp-json\/wp\/v2\/users\/3"}],"replies":[{"embeddable":true,"href":"https:\/\/marmarayerelhizmet.com\/index.php\/wp-json\/wp\/v2\/comments?post=12189"}],"version-history":[{"count":0,"href":"https:\/\/marmarayerelhizmet.com\/index.php\/wp-json\/wp\/v2\/posts\/12189\/revisions"}],"wp:featuredmedia":[{"embeddable":true,"href":"https:\/\/marmarayerelhizmet.com\/index.php\/wp-json\/wp\/v2\/media\/12191"}],"wp:attachment":[{"href":"https:\/\/marmarayerelhizmet.com\/index.php\/wp-json\/wp\/v2\/media?parent=12189"}],"wp:term":[{"taxonomy":"category","embeddable":true,"href":"https:\/\/marmarayerelhizmet.com\/index.php\/wp-json\/wp\/v2\/categories?post=12189"},{"taxonomy":"post_tag","embeddable":true,"href":"https:\/\/marmarayerelhizmet.com\/index.php\/wp-json\/wp\/v2\/tags?post=12189"}],"curies":[{"name":"wp","href":"https:\/\/api.w.org\/{rel}","templated":true}]}}