{"id":12167,"date":"2023-07-12T19:16:07","date_gmt":"2023-07-12T16:16:07","guid":{"rendered":"https:\/\/marmarayerelhizmet.com\/?p=12167"},"modified":"2023-07-12T19:16:07","modified_gmt":"2023-07-12T16:16:07","slug":"odunlar-enerji-olacak","status":"publish","type":"post","link":"https:\/\/marmarayerelhizmet.com\/index.php\/2023\/07\/12\/odunlar-enerji-olacak\/","title":{"rendered":"Odunlar Enerji Olacak"},"content":{"rendered":"<p><strong><span style=\"font-family: arial, helvetica, sans-serif; font-size: 14px;\">D\u00fczce\u2019de ya\u015fanan sel ile birlikte dereler taraf\u0131ndan Karadeniz sahiline giden odun, a\u011fa\u00e7 par\u00e7alar\u0131 \u00c7evre \u015eehircilik ve \u0130klim De\u011fi\u015fikli\u011fi \u0130l M\u00fcd\u00fcrl\u00fc\u011f\u00fc\u2019n\u00fcn \u00e7abalar\u0131yla enerjiye d\u00f6n\u00fc\u015ft\u00fcr\u00fclecek. Enerji i\u00e7in kullan\u0131lacak a\u011fa\u00e7 ve odunlar, ekipler taraf\u0131ndan toplanmaya ba\u015flad\u0131.<br \/>\n<\/span><\/strong><br \/>\n<span style=\"font-family: arial, helvetica, sans-serif; font-size: 14px;\">D\u00fczce\u2019de hafta sonu ya\u015fanan yo\u011fun ya\u011f\u0131\u015flar sonras\u0131 meydana gelen sel felaketinde ormanlardaki odunlar ve a\u011fa\u00e7 par\u00e7alar\u0131 30 kilometrelik Ak\u00e7akoca sahiline y\u0131\u011f\u0131lm\u0131\u015ft\u0131. Sular\u0131n \u00e7ekilmesiyle birlikte Karadeniz sahillerinde kalan odun ve a\u011fa\u00e7 par\u00e7alar\u0131 \u00e7evre kirlili\u011fi olu\u015fturmu\u015ftu. Bakan Mehmet \u00d6zhaseki\u2019nin talimat\u0131yla sel sonras\u0131 harekete ge\u00e7en D\u00fczce \u00c7evre \u015eehircilik ve \u0130klim De\u011fi\u015fikli\u011fi \u0130l M\u00fcd\u00fcr\u00fc Nurhan Kartal ve ekipleri 30 ton orman at\u0131\u011f\u0131 toplanarak enerjiye d\u00f6n\u00fc\u015ft\u00fcr\u00fclmek \u00fczere lisansl\u0131 firmalara g\u00f6nderildi.<\/span><br \/>\n<span style=\"font-family: arial, helvetica, sans-serif; font-size: 14px;\">Temizlik \u00e7al\u0131\u015fmalar\u0131 ise halen devam ediyor.<\/span><\/p>\n","protected":false},"excerpt":{"rendered":"<p>D\u00fczce\u2019de ya\u015fanan sel ile birlikte dereler taraf\u0131ndan Karadeniz sahiline giden odun, a\u011fa\u00e7 par\u00e7alar\u0131 \u00c7evre \u015eehircilik ve \u0130klim De\u011fi\u015fikli\u011fi \u0130l M\u00fcd\u00fcrl\u00fc\u011f\u00fc\u2019n\u00fcn<\/p>\n","protected":false},"author":3,"featured_media":12169,"comment_status":"open","ping_status":"open","sticky":false,"template":"","format":"standard","meta":{"colormag_page_container_layout":"default_layout","colormag_page_sidebar_layout":"default_layout","footnotes":""},"categories":[1,5,8],"tags":[],"class_list":["post-12167","post","type-post","status-publish","format-standard","has-post-thumbnail","hentry","category-genel","category-gundem","category-siyaset"],"_links":{"self":[{"href":"https:\/\/marmarayerelhizmet.com\/index.php\/wp-json\/wp\/v2\/posts\/12167","targetHints":{"allow":["GET"]}}],"collection":[{"href":"https:\/\/marmarayerelhizmet.com\/index.php\/wp-json\/wp\/v2\/posts"}],"about":[{"href":"https:\/\/marmarayerelhizmet.com\/index.php\/wp-json\/wp\/v2\/types\/post"}],"author":[{"embeddable":true,"href":"https:\/\/marmarayerelhizmet.com\/index.php\/wp-json\/wp\/v2\/users\/3"}],"replies":[{"embeddable":true,"href":"https:\/\/marmarayerelhizmet.com\/index.php\/wp-json\/wp\/v2\/comments?post=12167"}],"version-history":[{"count":0,"href":"https:\/\/marmarayerelhizmet.com\/index.php\/wp-json\/wp\/v2\/posts\/12167\/revisions"}],"wp:featuredmedia":[{"embeddable":true,"href":"https:\/\/marmarayerelhizmet.com\/index.php\/wp-json\/wp\/v2\/media\/12169"}],"wp:attachment":[{"href":"https:\/\/marmarayerelhizmet.com\/index.php\/wp-json\/wp\/v2\/media?parent=12167"}],"wp:term":[{"taxonomy":"category","embeddable":true,"href":"https:\/\/marmarayerelhizmet.com\/index.php\/wp-json\/wp\/v2\/categories?post=12167"},{"taxonomy":"post_tag","embeddable":true,"href":"https:\/\/marmarayerelhizmet.com\/index.php\/wp-json\/wp\/v2\/tags?post=12167"}],"curies":[{"name":"wp","href":"https:\/\/api.w.org\/{rel}","templated":true}]}}