{"id":12159,"date":"2023-07-12T15:55:06","date_gmt":"2023-07-12T12:55:06","guid":{"rendered":"https:\/\/marmarayerelhizmet.com\/?p=12159"},"modified":"2023-07-12T15:55:06","modified_gmt":"2023-07-12T12:55:06","slug":"traktorun-altinda-can-verdi","status":"publish","type":"post","link":"https:\/\/marmarayerelhizmet.com\/index.php\/2023\/07\/12\/traktorun-altinda-can-verdi\/","title":{"rendered":"Trakt\u00f6r\u00fcn Alt\u0131nda Can Verdi"},"content":{"rendered":"<p><strong><span style=\"font-family: arial, helvetica, sans-serif; font-size: 14px;\">Bal\u0131kesir\u2019in Kepsut \u0130l\u00e7esine ba\u011fl\u0131 Kayaeli Mahallesinde tek tarafl\u0131 meydana gelen trakt\u00f6r kazas\u0131nda s\u00fcr\u00fcc\u00fc Seyit Eker hayat\u0131n\u0131 kaybetti.<br \/>\n<\/span><\/strong><br \/>\n<span style=\"font-family: arial, helvetica, sans-serif; font-size: 14px;\">Edinilen bilgiye g\u00f6re, sabah saatlerinde Kayaeli Mahallesinde 66 ya\u015f\u0131ndaki Seyit Eker kendine ait trakt\u00f6rle bu\u011fday hasad\u0131 yaparken trakt\u00f6r\u00fcn direksiyon hakimiyetini kaybetti. Trakt\u00f6r\u00fcn devrilmesi sonucunda Seyit Eker trakt\u00f6r\u00fcn alt\u0131nda kalarak hayat\u0131n\u0131 kaybetti. Kepsut Devlet Hastanesi\u2019nde yap\u0131lan \u00f6n otopsinin ard\u0131ndan Seyit Eker \u00f6l\u00fcm sebebinin belirlenmesi i\u00e7in Bal\u0131kesir Atat\u00fcrk \u015eehir Hastanesi\u2019ne sevk edildi.<\/span><br \/>\n<span style=\"font-family: arial, helvetica, sans-serif; font-size: 14px;\">Kazayla ilgili tahkikat devam ediyor.<\/span><\/p>\n","protected":false},"excerpt":{"rendered":"<p>Bal\u0131kesir\u2019in Kepsut \u0130l\u00e7esine ba\u011fl\u0131 Kayaeli Mahallesinde tek tarafl\u0131 meydana gelen trakt\u00f6r kazas\u0131nda s\u00fcr\u00fcc\u00fc Seyit Eker hayat\u0131n\u0131 kaybetti. Edinilen bilgiye g\u00f6re,<\/p>\n","protected":false},"author":3,"featured_media":12161,"comment_status":"open","ping_status":"open","sticky":false,"template":"","format":"standard","meta":{"colormag_page_container_layout":"default_layout","colormag_page_sidebar_layout":"default_layout","footnotes":""},"categories":[1,5],"tags":[],"class_list":["post-12159","post","type-post","status-publish","format-standard","has-post-thumbnail","hentry","category-genel","category-gundem"],"_links":{"self":[{"href":"https:\/\/marmarayerelhizmet.com\/index.php\/wp-json\/wp\/v2\/posts\/12159","targetHints":{"allow":["GET"]}}],"collection":[{"href":"https:\/\/marmarayerelhizmet.com\/index.php\/wp-json\/wp\/v2\/posts"}],"about":[{"href":"https:\/\/marmarayerelhizmet.com\/index.php\/wp-json\/wp\/v2\/types\/post"}],"author":[{"embeddable":true,"href":"https:\/\/marmarayerelhizmet.com\/index.php\/wp-json\/wp\/v2\/users\/3"}],"replies":[{"embeddable":true,"href":"https:\/\/marmarayerelhizmet.com\/index.php\/wp-json\/wp\/v2\/comments?post=12159"}],"version-history":[{"count":0,"href":"https:\/\/marmarayerelhizmet.com\/index.php\/wp-json\/wp\/v2\/posts\/12159\/revisions"}],"wp:featuredmedia":[{"embeddable":true,"href":"https:\/\/marmarayerelhizmet.com\/index.php\/wp-json\/wp\/v2\/media\/12161"}],"wp:attachment":[{"href":"https:\/\/marmarayerelhizmet.com\/index.php\/wp-json\/wp\/v2\/media?parent=12159"}],"wp:term":[{"taxonomy":"category","embeddable":true,"href":"https:\/\/marmarayerelhizmet.com\/index.php\/wp-json\/wp\/v2\/categories?post=12159"},{"taxonomy":"post_tag","embeddable":true,"href":"https:\/\/marmarayerelhizmet.com\/index.php\/wp-json\/wp\/v2\/tags?post=12159"}],"curies":[{"name":"wp","href":"https:\/\/api.w.org\/{rel}","templated":true}]}}