{"id":12151,"date":"2023-07-12T15:48:58","date_gmt":"2023-07-12T12:48:58","guid":{"rendered":"https:\/\/marmarayerelhizmet.com\/?p=12151"},"modified":"2023-07-12T15:49:51","modified_gmt":"2023-07-12T12:49:51","slug":"once-evini-sonra-ormani-atese-verdi","status":"publish","type":"post","link":"https:\/\/marmarayerelhizmet.com\/index.php\/2023\/07\/12\/once-evini-sonra-ormani-atese-verdi\/","title":{"rendered":"\u00d6nce Evini Sonra Orman\u0131 Ate\u015fe Verdi"},"content":{"rendered":"<p><strong><span style=\"font-family: arial, helvetica, sans-serif; font-size: 14px;\">Bursa\u2019da \u00f6nce evini sonra ormanl\u0131k alan\u0131 ate\u015fe veren \u015fah\u0131s tutukland\u0131.<br \/>\n<\/span><\/strong><br \/>\n<span style=\"font-family: arial, helvetica, sans-serif; font-size: 14px;\">Olay, d\u00fcn gece merkez Osmangazi il\u00e7esi G\u00fcndo\u011fdu k\u00f6y\u00fcnde meydana geldi. Edinilen bilgiye g\u00f6re, 1 ay \u00f6nce evini yakan Ali \u00d6ner (35), son olarak da orman\u0131 ate\u015fe verdi. B\u00f6lgeden y\u00fckselen dumanlar\u0131 g\u00f6ren \u00e7evredekiler durumu itfaiye ekiplerine bildirdi. \u0130hbar \u00fczerine gelen itfaiye ekipleri yang\u0131na m\u00fcdahale ederken, engebeli arazi nedeniyle yang\u0131na itfaiye ekiplerinin yan\u0131 s\u0131ra Orman B\u00f6lge M\u00fcd\u00fcrl\u00fc\u011f\u00fc\u2019n\u00fcn araz\u00f6zleri de kat\u0131ld\u0131.<\/span><br \/>\n<span style=\"font-family: arial, helvetica, sans-serif; font-size: 14px;\">\u00c7am ormanlar\u0131 ve koruluk alandaki 5-6 farkl\u0131 noktada \u00e7\u0131kan yang\u0131n itfaiye ve orman b\u00f6lge m\u00fcd\u00fcrl\u00fc\u011f\u00fc ekiplerinin m\u00fcdahalesi sonucu k\u0131sa s\u00fcrede s\u00f6nd\u00fcr\u00fcld\u00fc. Jandarma ekipleri taraf\u0131ndan g\u00f6zalt\u0131na al\u0131nan \u00d6ner, sevk edildi\u011fi mahkemece tutukland\u0131.<\/span><\/p>\n","protected":false},"excerpt":{"rendered":"<p>Bursa\u2019da \u00f6nce evini sonra ormanl\u0131k alan\u0131 ate\u015fe veren \u015fah\u0131s tutukland\u0131. Olay, d\u00fcn gece merkez Osmangazi il\u00e7esi G\u00fcndo\u011fdu k\u00f6y\u00fcnde meydana geldi.<\/p>\n","protected":false},"author":3,"featured_media":12153,"comment_status":"open","ping_status":"open","sticky":false,"template":"","format":"standard","meta":{"colormag_page_container_layout":"default_layout","colormag_page_sidebar_layout":"default_layout","footnotes":""},"categories":[1,5],"tags":[],"class_list":["post-12151","post","type-post","status-publish","format-standard","has-post-thumbnail","hentry","category-genel","category-gundem"],"_links":{"self":[{"href":"https:\/\/marmarayerelhizmet.com\/index.php\/wp-json\/wp\/v2\/posts\/12151","targetHints":{"allow":["GET"]}}],"collection":[{"href":"https:\/\/marmarayerelhizmet.com\/index.php\/wp-json\/wp\/v2\/posts"}],"about":[{"href":"https:\/\/marmarayerelhizmet.com\/index.php\/wp-json\/wp\/v2\/types\/post"}],"author":[{"embeddable":true,"href":"https:\/\/marmarayerelhizmet.com\/index.php\/wp-json\/wp\/v2\/users\/3"}],"replies":[{"embeddable":true,"href":"https:\/\/marmarayerelhizmet.com\/index.php\/wp-json\/wp\/v2\/comments?post=12151"}],"version-history":[{"count":0,"href":"https:\/\/marmarayerelhizmet.com\/index.php\/wp-json\/wp\/v2\/posts\/12151\/revisions"}],"wp:featuredmedia":[{"embeddable":true,"href":"https:\/\/marmarayerelhizmet.com\/index.php\/wp-json\/wp\/v2\/media\/12153"}],"wp:attachment":[{"href":"https:\/\/marmarayerelhizmet.com\/index.php\/wp-json\/wp\/v2\/media?parent=12151"}],"wp:term":[{"taxonomy":"category","embeddable":true,"href":"https:\/\/marmarayerelhizmet.com\/index.php\/wp-json\/wp\/v2\/categories?post=12151"},{"taxonomy":"post_tag","embeddable":true,"href":"https:\/\/marmarayerelhizmet.com\/index.php\/wp-json\/wp\/v2\/tags?post=12151"}],"curies":[{"name":"wp","href":"https:\/\/api.w.org\/{rel}","templated":true}]}}