{"id":12147,"date":"2023-07-12T15:46:03","date_gmt":"2023-07-12T12:46:03","guid":{"rendered":"https:\/\/marmarayerelhizmet.com\/?p=12147"},"modified":"2023-07-12T15:46:03","modified_gmt":"2023-07-12T12:46:03","slug":"7-milyonluk-arac-alev-alev-yandi","status":"publish","type":"post","link":"https:\/\/marmarayerelhizmet.com\/index.php\/2023\/07\/12\/7-milyonluk-arac-alev-alev-yandi\/","title":{"rendered":"7 Milyonluk Ara\u00e7 Alev Alev Yand\u0131"},"content":{"rendered":"<p><strong><span style=\"font-family: arial, helvetica, sans-serif; font-size: 14px;\">TEM Otoyolu Harp Akademiler T\u00fcneli\u2019nde 7 milyon lira de\u011ferindeki l\u00fcks otomobil, elektrik tesisat\u0131ndan \u00e7\u0131kan yang\u0131n sonucu alev alev yand\u0131. S\u00fcr\u00fcc\u00fc k\u00f6pe\u011fini de alarak son anda ara\u00e7tan \u00e7\u0131karken, yang\u0131n nedeniyle Edirne istikameti bir s\u00fcreli\u011fine trafi\u011fe kapat\u0131ld\u0131. T\u00fcnelde dumandan g\u00f6z\u00fc g\u00f6z\u00fc g\u00f6rmezken, \u00e7al\u0131\u015fmalar sonucu s\u00f6nd\u00fcr\u00fclen ara\u00e7 k\u00fcle d\u00f6nd\u00fc.<br \/>\n<\/span><\/strong><br \/>\n<span style=\"font-family: arial, helvetica, sans-serif; font-size: 14px;\">Olay, saat 12.00 s\u0131ralar\u0131nda TEM Otoyolu Be\u015fikta\u015f Harp Akademiler T\u00fcneli Edirne istikametinde meydana geldi. Edinilen bilgiye g\u00f6re, \u00f6\u011fle saatlerinde evinden \u00e7\u0131kan G\u00f6khan Kenar (37), 7 milyon liral\u0131k l\u00fcks otomobiliyle i\u015f yerine gitmek \u00fczere yola koyuldu. Ara\u00e7 t\u00fcnele girdi\u011fi esnada iddiaya g\u00f6re elektrik tesisat\u0131nda patlama oldu. Neye u\u011frad\u0131\u011f\u0131n\u0131 \u015fa\u015f\u0131ran s\u00fcr\u00fcc\u00fc can havliyle ara\u00e7taki k\u00f6pe\u011fini de alarak kendini d\u0131\u015far\u0131ya att\u0131.<\/span><\/p>\n<p><strong><span style=\"font-family: arial, helvetica, sans-serif; font-size: 14px;\">S\u00fcr\u00fcc\u00fc k\u00f6pe\u011fini de al\u0131p son anda \u00e7\u0131kt\u0131<\/span><\/strong><br \/>\n<span style=\"font-family: arial, helvetica, sans-serif; font-size: 14px;\">Ard\u0131ndan ara\u00e7tan uzakla\u015fan s\u00fcr\u00fcc\u00fc, \u00e7evredeki s\u00fcr\u00fcc\u00fclerin de yard\u0131m\u0131yla itfaiye ekiplerine ihbarda bulundu. Ancak yang\u0131n nedeniyle Edirne istikametinde trafik durunca itfaiye ekipleri olay yerine ula\u015fmakta zorluk \u00e7ekti. Polis ekiplerinin yard\u0131m\u0131yla kesilen trafikte ters y\u00f6nden giren itfaiye ekipleri, b\u00f6lgeye yakla\u015f\u0131k yar\u0131m saat sonra ula\u015farak yang\u0131na m\u00fcdahale edebildi.<\/span><\/p>\n<p><strong><span style=\"font-family: arial, helvetica, sans-serif; font-size: 14px;\">K\u00fcle d\u00f6nen arac\u0131n\u0131n son haline bakakald\u0131<\/span><\/strong><br \/>\n<span style=\"font-family: arial, helvetica, sans-serif; font-size: 14px;\">Ara\u00e7tan \u00e7\u0131kan dumanlar nedeniyle t\u00fcnelde g\u00f6z g\u00f6z\u00fc g\u00f6rmezken, ekiplerin m\u00fcdahalesi ile alevler kontrol alt\u0131na al\u0131nd\u0131. Edirne istikameti ise yakla\u015f\u0131k yar\u0131m saat kapal\u0131 kald\u0131. S\u00fcr\u00fcc\u00fc G\u00f6khan Kenar, so\u011futma \u00e7al\u0131\u015fmalar\u0131 yap\u0131lan l\u00fcks otomobilinin son haline bakakald\u0131. \u00c7al\u0131\u015fmalar\u0131n ard\u0131ndan otomobil \u00e7ekici yard\u0131m\u0131yla emniyet otopark\u0131na g\u00f6t\u00fcr\u00fcld\u00fc.<\/span><\/p>\n<p><strong><span style=\"font-family: arial, helvetica, sans-serif; font-size: 14px;\">\u201cYan\u0131mda k\u00f6pe\u011fim de vard\u0131, ilk ba\u015fta onu kurtard\u0131m\u201d<\/span><\/strong><br \/>\n<span style=\"font-family: arial, helvetica, sans-serif; font-size: 14px;\">Ara\u00e7 s\u00fcr\u00fcc\u00fcs\u00fc G\u00f6khan Kenar, \u201cYang\u0131n \u00f6nden \u00e7\u0131kt\u0131. Kendimi o esnada d\u0131\u015far\u0131ya att\u0131m. Arkada\u015flar sa\u011f olsunlar itfaiyeyi arad\u0131lar. Bende bir yaralanma yok. Yan\u0131mda k\u00f6pe\u011fim de vard\u0131, ilk ba\u015fta onu kurtard\u0131m. Her \u015feyimiz arabada kald\u0131. Evden i\u015fe gidiyordum. Yang\u0131n\u0131n tesisattan \u00e7\u0131kt\u0131\u011f\u0131n\u0131 d\u00fc\u015f\u00fcn\u00fcyorum. Bir anda patlama olunca ne oldu\u011funu anlamad\u0131m\u201d dedi.<\/span><br \/>\n<span style=\"font-family: arial, helvetica, sans-serif; font-size: 14px;\">Yang\u0131n sonras\u0131 trafik normale d\u00f6nerken, polis ekipleri olayla ilgili \u00e7al\u0131\u015fma ba\u015flatt\u0131.<\/span><\/p>\n","protected":false},"excerpt":{"rendered":"<p>TEM Otoyolu Harp Akademiler T\u00fcneli\u2019nde 7 milyon lira de\u011ferindeki l\u00fcks otomobil, elektrik tesisat\u0131ndan \u00e7\u0131kan yang\u0131n sonucu alev alev yand\u0131. S\u00fcr\u00fcc\u00fc<\/p>\n","protected":false},"author":3,"featured_media":12149,"comment_status":"open","ping_status":"open","sticky":false,"template":"","format":"standard","meta":{"colormag_page_container_layout":"default_layout","colormag_page_sidebar_layout":"default_layout","footnotes":""},"categories":[1,5],"tags":[],"class_list":["post-12147","post","type-post","status-publish","format-standard","has-post-thumbnail","hentry","category-genel","category-gundem"],"_links":{"self":[{"href":"https:\/\/marmarayerelhizmet.com\/index.php\/wp-json\/wp\/v2\/posts\/12147","targetHints":{"allow":["GET"]}}],"collection":[{"href":"https:\/\/marmarayerelhizmet.com\/index.php\/wp-json\/wp\/v2\/posts"}],"about":[{"href":"https:\/\/marmarayerelhizmet.com\/index.php\/wp-json\/wp\/v2\/types\/post"}],"author":[{"embeddable":true,"href":"https:\/\/marmarayerelhizmet.com\/index.php\/wp-json\/wp\/v2\/users\/3"}],"replies":[{"embeddable":true,"href":"https:\/\/marmarayerelhizmet.com\/index.php\/wp-json\/wp\/v2\/comments?post=12147"}],"version-history":[{"count":0,"href":"https:\/\/marmarayerelhizmet.com\/index.php\/wp-json\/wp\/v2\/posts\/12147\/revisions"}],"wp:featuredmedia":[{"embeddable":true,"href":"https:\/\/marmarayerelhizmet.com\/index.php\/wp-json\/wp\/v2\/media\/12149"}],"wp:attachment":[{"href":"https:\/\/marmarayerelhizmet.com\/index.php\/wp-json\/wp\/v2\/media?parent=12147"}],"wp:term":[{"taxonomy":"category","embeddable":true,"href":"https:\/\/marmarayerelhizmet.com\/index.php\/wp-json\/wp\/v2\/categories?post=12147"},{"taxonomy":"post_tag","embeddable":true,"href":"https:\/\/marmarayerelhizmet.com\/index.php\/wp-json\/wp\/v2\/tags?post=12147"}],"curies":[{"name":"wp","href":"https:\/\/api.w.org\/{rel}","templated":true}]}}