{"id":12135,"date":"2023-07-12T15:36:22","date_gmt":"2023-07-12T12:36:22","guid":{"rendered":"https:\/\/marmarayerelhizmet.com\/?p=12135"},"modified":"2023-07-12T15:36:22","modified_gmt":"2023-07-12T12:36:22","slug":"tbmmde-bursaspor-konusuldu","status":"publish","type":"post","link":"https:\/\/marmarayerelhizmet.com\/index.php\/2023\/07\/12\/tbmmde-bursaspor-konusuldu\/","title":{"rendered":"TBMM\u2019de Bursaspor Konu\u015fuldu"},"content":{"rendered":"<p><strong><span style=\"font-family: arial, helvetica, sans-serif; font-size: 14px;\">CHP Bursa Milletvekili Hasan \u00d6zt\u00fcrk, TBMM\u2019de Bursaspor\u2019la ilgili dikkat \u00e7eken ifadeler kulland\u0131. Bursaspor i\u00e7in seferberlik \u00e7a\u011fr\u0131s\u0131 yapan \u00d6zt\u00fcrk, \u201cBursa\u2019n\u0131n milletvekilleri olarak Bursa\u2019n\u0131n de\u011feri Bursaspor&#8217;a sahip \u00e7\u0131kmak \u00f6ncelikle bizim g\u00f6revimizdir. Bursaspor siyaset \u00fcst\u00fcd\u00fcr, hepimizindir. Unutma Bursal\u0131; sen, ben yok, Bursaspor var, ba\u015fka Bursaspor yok!\u201d dedi.<br \/>\n<\/span><\/strong><br \/>\n<span style=\"font-family: arial, helvetica, sans-serif; font-size: 14px;\">CHP Bursa milletvekili Hasan \u00d6zt\u00fcrk TBMM\u2019de Bursaspor i\u00e7in seferberlik \u00e7a\u011fr\u0131s\u0131 yapt\u0131. \u00d6zt\u00fcrk, \u201cSizler arac\u0131l\u0131\u011f\u0131n\u0131z ile t\u00fcm Bursal\u0131lara, Bursasporlulara seslenmek istiyorum; hat\u0131rlay\u0131n 16 May\u0131s 2010. Bursa&#8217;da zaman durdu. T\u00fcm T\u00fcrkiye Bursa&#8217;n\u0131n ba\u015far\u0131s\u0131n\u0131 ve yapabileceklerini g\u00f6rd\u00fc. Bursaspor \u00fclkemizi Avrupa \u015eampiyonlar Ligi&#8217;nde temsil etti. Scholes&#8217;lu Manchester United&#8217;\u0131, \u0130spanya devi Valencia&#8217;y\u0131 Bursa Atat\u00fcrk Stadyumu&#8217;nda \u015eampiyonlar Ligi m\u00fczi\u011fiyle izledik. Bursa, Payitaht \u015eehrimiz, T\u00fcrkiyenin 2. B\u00fcy\u00fck sanayi \u015fehri, n\u00fcfus olarak 4. b\u00fcy\u00fck \u015fehri. Bursaspor&#8217;umuzun bug\u00fcn Bursa\u2019n\u0131n seferberli\u011fine ihtiyac\u0131 var. Bu gururu yeniden ya\u015famak ve ya\u015fatmak i\u00e7in bu kentin en b\u00fcy\u00fck markas\u0131 Bursaspor&#8217;a destek olmaya herkesi \u00e7a\u011f\u0131r\u0131yorum. Bursa\u2019n\u0131n milletvekilleri olarak Bursa\u2019n\u0131n de\u011feri Bursaspor&#8217;a sahip \u00e7\u0131kmak \u00f6ncelikle bizim g\u00f6revimizdir. Bursaspor siyaset \u00fcst\u00fcd\u00fcr, hepimizindir. 20 vekilimize, 17 Belediye Ba\u015fkan\u0131m\u0131za, t\u00fcm siyasilere \u00e7a\u011fr\u0131md\u0131r; Elimizi ta\u015f\u0131n alt\u0131na koyal\u0131m, bir maa\u015f\u0131m\u0131z\u0131 Bursaspor&#8217;a ba\u011f\u0131\u015flayal\u0131m. Unutma Bursal\u0131; sen, ben yok, Bursaspor var, ba\u015fka Bursaspor yok!\u201d dedi.<\/span><\/p>\n","protected":false},"excerpt":{"rendered":"<p>CHP Bursa Milletvekili Hasan \u00d6zt\u00fcrk, TBMM\u2019de Bursaspor\u2019la ilgili dikkat \u00e7eken ifadeler kulland\u0131. Bursaspor i\u00e7in seferberlik \u00e7a\u011fr\u0131s\u0131 yapan \u00d6zt\u00fcrk, \u201cBursa\u2019n\u0131n milletvekilleri<\/p>\n","protected":false},"author":3,"featured_media":12137,"comment_status":"open","ping_status":"open","sticky":false,"template":"","format":"standard","meta":{"colormag_page_container_layout":"default_layout","colormag_page_sidebar_layout":"default_layout","footnotes":""},"categories":[1,5,8,9],"tags":[],"class_list":["post-12135","post","type-post","status-publish","format-standard","has-post-thumbnail","hentry","category-genel","category-gundem","category-siyaset","category-spor"],"_links":{"self":[{"href":"https:\/\/marmarayerelhizmet.com\/index.php\/wp-json\/wp\/v2\/posts\/12135","targetHints":{"allow":["GET"]}}],"collection":[{"href":"https:\/\/marmarayerelhizmet.com\/index.php\/wp-json\/wp\/v2\/posts"}],"about":[{"href":"https:\/\/marmarayerelhizmet.com\/index.php\/wp-json\/wp\/v2\/types\/post"}],"author":[{"embeddable":true,"href":"https:\/\/marmarayerelhizmet.com\/index.php\/wp-json\/wp\/v2\/users\/3"}],"replies":[{"embeddable":true,"href":"https:\/\/marmarayerelhizmet.com\/index.php\/wp-json\/wp\/v2\/comments?post=12135"}],"version-history":[{"count":0,"href":"https:\/\/marmarayerelhizmet.com\/index.php\/wp-json\/wp\/v2\/posts\/12135\/revisions"}],"wp:featuredmedia":[{"embeddable":true,"href":"https:\/\/marmarayerelhizmet.com\/index.php\/wp-json\/wp\/v2\/media\/12137"}],"wp:attachment":[{"href":"https:\/\/marmarayerelhizmet.com\/index.php\/wp-json\/wp\/v2\/media?parent=12135"}],"wp:term":[{"taxonomy":"category","embeddable":true,"href":"https:\/\/marmarayerelhizmet.com\/index.php\/wp-json\/wp\/v2\/categories?post=12135"},{"taxonomy":"post_tag","embeddable":true,"href":"https:\/\/marmarayerelhizmet.com\/index.php\/wp-json\/wp\/v2\/tags?post=12135"}],"curies":[{"name":"wp","href":"https:\/\/api.w.org\/{rel}","templated":true}]}}