{"id":12131,"date":"2023-07-12T15:33:28","date_gmt":"2023-07-12T12:33:28","guid":{"rendered":"https:\/\/marmarayerelhizmet.com\/?p=12131"},"modified":"2023-07-12T15:33:28","modified_gmt":"2023-07-12T12:33:28","slug":"yalovada-500-milyonluk-yatirim","status":"publish","type":"post","link":"https:\/\/marmarayerelhizmet.com\/index.php\/2023\/07\/12\/yalovada-500-milyonluk-yatirim\/","title":{"rendered":"Yalova\u2019da 500 Milyonluk Yat\u0131r\u0131m"},"content":{"rendered":"<p><strong><span style=\"font-family: arial, helvetica, sans-serif; font-size: 14px;\">Yalova tarihinin en b\u00fcy\u00fck projelerinden olan 500 milyon lira maliyetli \u2018\u0130\u00e7me Suyu Ana \u0130shale Hatt\u0131\u2019nda \u00e7al\u0131\u015fmalar t\u00fcm h\u0131z\u0131yla s\u00fcr\u00fcyor. Yalova Belediye Ba\u015fkan\u0131 Mustafa Tutuk, \u00e7al\u0131\u015fmalar\u0131 yerinde inceleyerek projenin y\u00fczde 35\u2019lik b\u00f6l\u00fcm\u00fcn\u00fcn tamamland\u0131\u011f\u0131n\u0131 bildirdi.<br \/>\n<\/span><\/strong><br \/>\n<span style=\"font-family: arial, helvetica, sans-serif; font-size: 14px;\">Sa\u011flad\u0131klar\u0131 mali disiplinin de etkisiyle Yalova tarihinin en b\u00fcy\u00fck yat\u0131r\u0131m\u0131n\u0131 hayata ge\u00e7ireceklerini s\u00f6yleyen Yalova Belediye Ba\u015fkan\u0131 Mustafa Tutuk, projede gelinen son durumu yerinde inceledi. 500 milyon TL de\u011ferindeki 70 kilometrelik i\u00e7me suyu ana isale hatt\u0131nda y\u00fczde 35\u2019lik k\u0131sm\u0131n tamamland\u0131\u011f\u0131n\u0131 bildiren Ba\u015fkan Tutuk, \u00e7al\u0131\u015fmalar\u0131n 5 ayr\u0131 noktadan s\u00fcrd\u00fcr\u00fcld\u00fc\u011f\u00fcn\u00fc s\u00f6yledi.<\/span><br \/>\n<span style=\"font-family: arial, helvetica, sans-serif; font-size: 14px;\">5 ayr\u0131 koldan s\u00fcrd\u00fcr\u00fcl\u00fcyor<\/span><br \/>\n<span style=\"font-family: arial, helvetica, sans-serif; font-size: 14px;\">Belediye tarihinin en b\u00fcy\u00fck i\u00e7me suyu isale hatt\u0131 projesinde \u00e7ok \u00f6nemli bir noktaya gelindi\u011fini dile getiren Ba\u015fkan Tutuk, Safran Yolu Caddesi \u00fczerinde yap\u0131lan \u00e7al\u0131\u015fmalar\u0131 yerinde inceledi. Projeyle ilgili \u00e7al\u0131\u015fmalarda ivmenin artt\u0131\u011f\u0131n\u0131 dile getiren Ba\u015fkan Tutuk, \u201cProjeyle ilgili 3 noktada \u00e7elik boru iletim hatlar\u0131, 2 noktada da Y\u00fcksek Yo\u011funluklu Polietilen (HDPE) borular\u0131n depolara ba\u011flant\u0131s\u0131yla ilgili olmak \u00fczere toplam 5 ayr\u0131 noktada 5 ayr\u0131 koldan \u00e7al\u0131\u015fmalar y\u00fcr\u00fct\u00fcl\u00fcyor. Bu \u00e7er\u00e7evede su depolar\u0131n\u0131n yap\u0131m\u0131 da s\u00fcr\u00fcyor. Projemizle, Yalova\u2019m\u0131zda 70 kilometrelik hat yenilenmi\u015f olacak. \u0130\u00e7me suyu hatt\u0131, 1999 B\u00fcy\u00fck Marmara Depremi\u2019nde 20 ayr\u0131 noktadan hasar alm\u0131\u015ft\u0131. \u015eimdi s\u0131f\u0131rdan bir hat yap\u0131yoruz. Hem sudaki kay\u0131p ka\u00e7a\u011f\u0131n \u00f6n\u00fcne ge\u00e7ece\u011fiz hem de temiz su i\u00e7ece\u011fiz. 50 y\u0131ll\u0131k eskimi\u015f borulardan kurtulmu\u015f olaca\u011f\u0131z\u201d dedi.<\/span><\/p>\n<p><strong><span style=\"font-family: arial, helvetica, sans-serif; font-size: 14px;\">\u201cS\u00fcrd\u00fcr\u00fclebilir su kullan\u0131m\u0131n\u0131 sa\u011flayaca\u011f\u0131z\u201d<\/span><\/strong><br \/>\n<span style=\"font-family: arial, helvetica, sans-serif; font-size: 14px;\">\u00c7\u00f6z\u00fcm odakl\u0131 belediyecilik anlay\u0131\u015f\u0131 ile Yalova\u2019da y\u0131llard\u0131r \u00e7\u00f6z\u00fcme kavu\u015fmayan bir sorunu \u00e7\u00f6zeceklerini belirten Ba\u015fkan Tutuk, \u201cYalova\u2019m\u0131z i\u00e7in durmadan, yorulmadan \u00e7al\u0131\u015fmaya devam ediyoruz. Yalova tarihinin en b\u00fcy\u00fck projesi bu. Bu projeyi ba\u015flatmasayd\u0131k, Yalova\u2019m\u0131z ciddi su sorunlar\u0131yla kar\u015f\u0131 kar\u015f\u0131ya kalacakt\u0131. Su tasarrufunun b\u00fcy\u00fck \u00f6nem kazand\u0131\u011f\u0131 g\u00fcn\u00fcm\u00fczde, kay\u0131p ka\u00e7a\u011f\u0131n da \u00f6n\u00fcne ge\u00e7ecek olan bu hat ile s\u00fcrd\u00fcr\u00fclebilir su kullan\u0131m\u0131n\u0131 sa\u011flayaca\u011f\u0131z. \u015eu an projenin y\u00fczde 35\u2019lik k\u0131sm\u0131 tamamlanm\u0131\u015f durumda. \u00c7al\u0131\u015fmalar planlamalar \u00e7er\u00e7evesinde ilerliyor\u201d ifadesini kulland\u0131.<\/span><\/p>\n<p><strong><span style=\"font-family: arial, helvetica, sans-serif; font-size: 14px;\">\u201cG\u00f6z\u00fcm\u00fcn g\u00f6rd\u00fc\u011f\u00fc hi\u00e7bir \u015feye kay\u0131ts\u0131z kalmam\u201d<\/span><\/strong><br \/>\n<span style=\"font-family: arial, helvetica, sans-serif; font-size: 14px;\">Projeyi bug\u00fcne kadar hayata ge\u00e7irmeye kimsenin cesaret edemedi\u011fini anlatan Ba\u015fkan Tutuk, \u015funlar\u0131 kaydetti:<\/span><br \/>\n<span style=\"font-family: arial, helvetica, sans-serif; font-size: 14px;\">\u201cBazen siyaseten baz\u0131 yat\u0131r\u0131mlar birileri taraf\u0131ndan \u00f6telenmi\u015f olabilir ancak biz hi\u00e7bir \u015feyi \u00f6telemiyoruz. Ben, g\u00f6z\u00fcm\u00fcn g\u00f6rd\u00fc\u011f\u00fc hi\u00e7bir \u015feye kay\u0131ts\u0131z kalmam. D\u00fc\u015f\u00fcn\u00fcn ki 500 milyon TL\u2019yi topra\u011f\u0131n alt\u0131na g\u00f6m\u00fcyorsunuz ve \u00fcst\u00fcn\u00fc asfaltla kapat\u0131yorsunuz. Bunu, vatanda\u015flar\u0131m\u0131z g\u00f6rmeyebilir ancak 50 y\u0131l boyunca tertemiz su i\u00e7ecekler. Hem\u015ferilerimizden de b\u00fcy\u00fck bir destek var. Her konuda oldu\u011fu gibi bu konuda da samimiyiz. Onlar da bu samimiyetimizi g\u00f6r\u00fcyorlar, takdir ediyorlar. Bende hem\u015ferilerime bana verdikleri g\u00fcven ve destek i\u00e7in te\u015fekk\u00fcr ediyorum.\u201d<\/span><br \/>\n<span style=\"font-family: arial, helvetica, sans-serif; font-size: 14px;\">\u00d6te yandan teknik geziye ba\u015fkan yard\u0131mc\u0131lar\u0131 Fatih \u015eahin ile Volkan Dadalo\u011flu\u2019nun yan\u0131 s\u0131ra ilgili birim m\u00fcd\u00fcrleri de kat\u0131ld\u0131.<\/span><\/p>\n<p><strong><span style=\"font-family: arial, helvetica, sans-serif; font-size: 14px;\">Proje neleri kaps\u0131yor?<\/span><\/strong><br \/>\n<span style=\"font-family: arial, helvetica, sans-serif; font-size: 14px;\">Proje \u00e7er\u00e7evesinden \u00c7\u0131narc\u0131k\u2019tan Alt\u0131nova\u2019ya kadar hat yap\u0131lacak. Projenin tamamlanmas\u0131yla \u00e7elik boru i\u00e7me suyu iletim hatlar\u0131, terfi merkezi, 50 metrek\u00fcpl\u00fck yeni beton su toplama yap\u0131s\u0131, bran\u015fman yap\u0131s\u0131, 3 adet bas\u0131n\u00e7 d\u00fc\u015f\u00fcrme odas\u0131 in\u015faat\u0131 ve \u00e7\u0131k\u0131\u015f kap\u0131s\u0131, \u00e7\u0131k\u0131\u015f boru hatt\u0131, 2 su deposu devreye girecek. Proje ile toplam yakla\u015f\u0131k 21 bin metrek\u00fcpl\u00fck 5 mevcut su deposu yenilenmesi ile yard\u0131mc\u0131 yap\u0131lar vana odalar\u0131, manevra odalar\u0131, debimetre odalar\u0131 da yap\u0131lacak.<\/span><\/p>\n","protected":false},"excerpt":{"rendered":"<p>Yalova tarihinin en b\u00fcy\u00fck projelerinden olan 500 milyon lira maliyetli \u2018\u0130\u00e7me Suyu Ana \u0130shale Hatt\u0131\u2019nda \u00e7al\u0131\u015fmalar t\u00fcm h\u0131z\u0131yla s\u00fcr\u00fcyor. Yalova<\/p>\n","protected":false},"author":3,"featured_media":12133,"comment_status":"open","ping_status":"open","sticky":false,"template":"","format":"standard","meta":{"colormag_page_container_layout":"default_layout","colormag_page_sidebar_layout":"default_layout","footnotes":""},"categories":[1,5,8],"tags":[],"class_list":["post-12131","post","type-post","status-publish","format-standard","has-post-thumbnail","hentry","category-genel","category-gundem","category-siyaset"],"_links":{"self":[{"href":"https:\/\/marmarayerelhizmet.com\/index.php\/wp-json\/wp\/v2\/posts\/12131","targetHints":{"allow":["GET"]}}],"collection":[{"href":"https:\/\/marmarayerelhizmet.com\/index.php\/wp-json\/wp\/v2\/posts"}],"about":[{"href":"https:\/\/marmarayerelhizmet.com\/index.php\/wp-json\/wp\/v2\/types\/post"}],"author":[{"embeddable":true,"href":"https:\/\/marmarayerelhizmet.com\/index.php\/wp-json\/wp\/v2\/users\/3"}],"replies":[{"embeddable":true,"href":"https:\/\/marmarayerelhizmet.com\/index.php\/wp-json\/wp\/v2\/comments?post=12131"}],"version-history":[{"count":0,"href":"https:\/\/marmarayerelhizmet.com\/index.php\/wp-json\/wp\/v2\/posts\/12131\/revisions"}],"wp:featuredmedia":[{"embeddable":true,"href":"https:\/\/marmarayerelhizmet.com\/index.php\/wp-json\/wp\/v2\/media\/12133"}],"wp:attachment":[{"href":"https:\/\/marmarayerelhizmet.com\/index.php\/wp-json\/wp\/v2\/media?parent=12131"}],"wp:term":[{"taxonomy":"category","embeddable":true,"href":"https:\/\/marmarayerelhizmet.com\/index.php\/wp-json\/wp\/v2\/categories?post=12131"},{"taxonomy":"post_tag","embeddable":true,"href":"https:\/\/marmarayerelhizmet.com\/index.php\/wp-json\/wp\/v2\/tags?post=12131"}],"curies":[{"name":"wp","href":"https:\/\/api.w.org\/{rel}","templated":true}]}}