{"id":12127,"date":"2023-07-12T15:31:24","date_gmt":"2023-07-12T12:31:24","guid":{"rendered":"https:\/\/marmarayerelhizmet.com\/?p=12127"},"modified":"2023-07-12T15:31:24","modified_gmt":"2023-07-12T12:31:24","slug":"nato-ve-japonyadan-is-birligi","status":"publish","type":"post","link":"https:\/\/marmarayerelhizmet.com\/index.php\/2023\/07\/12\/nato-ve-japonyadan-is-birligi\/","title":{"rendered":"NATO ve Japonya&#8217;dan \u0130\u015f Birli\u011fi"},"content":{"rendered":"<p><strong><span style=\"font-family: arial, helvetica, sans-serif; font-size: 14px;\">NATO Genel Sekreteri Jens Stoltenberg ve Japonya Ba\u015fbakan\u0131 Fumio Kishida, deniz g\u00fcvenli\u011finden siber savunmaya, dezenformasyonla m\u00fccadeleden iklim de\u011fi\u015fikli\u011fine 16 farkl\u0131 alanda i\u015f birli\u011fi yapma konusunda anla\u015ft\u0131.<br \/>\n<\/span><\/strong><br \/>\n<span style=\"font-family: arial, helvetica, sans-serif; font-size: 14px;\">NATO Genel Sekreteri Jens Stoltenberg ve Japonya Ba\u015fbakan\u0131 Fumio Kishida, Litvanya&#8217;n\u0131n ba\u015fkenti Vilnius&#8217;da yap\u0131lan NATO Zirvesi \u00e7er\u00e7evesinde g\u00f6r\u00fc\u015fme ger\u00e7ekle\u015ftirdi. Kishida g\u00f6r\u00fc\u015fme \u00f6ncesinde yapt\u0131\u011f\u0131 a\u00e7\u0131klamada, hi\u00e7bir partnerin NATO&#8217;ya Japonya kadar yak\u0131n olmad\u0131\u011f\u0131n\u0131 s\u00f6yledi. Kishida, Japonya&#8217;n\u0131n her iki taraf\u0131n da benimsedi\u011fi temel de\u011ferleri ve stratejik \u00e7\u0131karlar\u0131 payla\u015fmas\u0131 nedeniyle NATO ile i\u015f birli\u011fini derinle\u015ftirmek istedi\u011fini kaydetti. Kishida ayr\u0131ca, uluslararas\u0131 d\u00fczeni g\u00fc\u00e7 kullanarak tek tarafl\u0131 olarak de\u011fi\u015ftirmeye y\u00f6nelik tek tarafl\u0131 giri\u015fimlere d\u00fcnyan\u0131n neresinde olursa olsun m\u00fcsamaha g\u00f6sterilmemesi gerekti\u011fini vurgulad\u0131.<\/span><\/p>\n<p><strong><span style=\"font-family: arial, helvetica, sans-serif; font-size: 14px;\">&#8220;G\u00fcvenlik b\u00f6lgesel de\u011fil, k\u00fcresel&#8221;<\/span><\/strong><br \/>\n<span style=\"font-family: arial, helvetica, sans-serif; font-size: 14px;\">NATO Genel Sekreteri Jens Stoltenberg ise konu\u015fmas\u0131nda, &#8220;Japonya ile ortakl\u0131\u011fa \u00e7ok de\u011fer veriyoruz. NATO&#8217;ya Japonya kadar yak\u0131n ba\u015fka bir ortak yoktur. Asya&#8217;da olanlar\u0131n Avrupa i\u00e7in, Avrupa&#8217;da olanlar\u0131n Asya i\u00e7in \u00f6nemli oldu\u011funu defalarca ifade ettiniz. Bu, g\u00fcvenli\u011fin b\u00f6lgesel olmad\u0131\u011f\u0131n\u0131, g\u00fcvenli\u011fin k\u00fcresel oldu\u011funu g\u00f6steriyor. Bu, Ukrayna&#8217;da devam eden ve k\u00fcresel sonu\u00e7lar\u0131 olan sava\u015f\u0131n g\u00f6stergesi. Ukrayna&#8217;ya verdi\u011finiz g\u00fc\u00e7l\u00fc destekten, ekonomik deste\u011finizden ve ayr\u0131ca birka\u00e7 ay \u00f6nce Kiev&#8217;i ziyaret etmi\u015f olman\u0131zdan son derece memnunuz&#8221; ifadelerini kulland\u0131.<\/span><\/p>\n<p><strong><span style=\"font-family: arial, helvetica, sans-serif; font-size: 14px;\">&#8220;\u00c7in&#8217;in a\u011f\u0131r askeri y\u0131\u011f\u0131na\u011f\u0131, n\u00fckleer kuvvetlerinin geni\u015fletilmesi konusunda da endi\u015feliyiz&#8221;<\/span><\/strong><br \/>\n<span style=\"font-family: arial, helvetica, sans-serif; font-size: 14px;\">Stoltenberg, &#8220;\u00c7in&#8217;in a\u011f\u0131r askeri y\u0131\u011f\u0131na\u011f\u0131, n\u00fckleer kuvvetlerinin modernizasyonu ve geni\u015fletilmesi konusunda da endi\u015feliyiz. Kuzey Kore&#8217;nin uluslararas\u0131 kurallar\u0131 ve \u00e7ok say\u0131daki BM G\u00fcvenlik Konseyi karar\u0131n\u0131 ihlal eden n\u00fckleer ve f\u00fcze programlar\u0131n\u0131 \u00e7ok yak\u0131ndan takip ediyor ve k\u0131n\u0131yoruz. Kuzey Kore&#8217;nin son f\u0131rlatt\u0131\u011f\u0131 f\u00fczenin, uluslararas\u0131 hukuka ayk\u0131r\u0131 n\u00fckleer f\u00fcze programlar\u0131n\u0131 bir kez daha hat\u0131rlatt\u0131\u011f\u0131n\u0131 g\u00f6rd\u00fck. Bu nedenle burada bulunman\u0131z\u0131 ve NATO Zirvesi&#8217;ne kat\u0131lman\u0131z\u0131 \u00e7ok takdir ediyoruz&#8221; \u015feklinde konu\u015ftu.<\/span><\/p>\n<p><strong><span style=\"font-family: arial, helvetica, sans-serif; font-size: 14px;\">\u0130\u015f birli\u011finin \u00e7er\u00e7evesi geni\u015fleyecek<\/span><\/strong><br \/>\n<span style=\"font-family: arial, helvetica, sans-serif; font-size: 14px;\">Stoltenberg ile Kishida yapt\u0131klar\u0131 g\u00f6r\u00fc\u015fmede &#8220;\u00d6zelle\u015ftirilmi\u015f Ortakl\u0131k Program\u0131 (ITPP)&#8221; adl\u0131 belgeyi kabul etti. G\u00fcvenlik sorunlar\u0131yla ba\u015fa \u00e7\u0131kmak i\u00e7in pratik i\u015f birli\u011finin \u00e7er\u00e7evesini geni\u015fletmek \u00fczere onaylanan program \u00e7er\u00e7evesinde, NATO ve Japonya&#8217;n\u0131n 2026 y\u0131l\u0131na dek deniz g\u00fcvenli\u011finden siber savunmaya, dezenformasyonla m\u00fccadeleden iklim de\u011fi\u015fikli\u011fine, uzay g\u00fcvenli\u011finden yapay zeka teknolojilerine kadar 16 farkl\u0131 alanda i\u015f birli\u011fi yapma konusunda anla\u015ft\u0131\u011f\u0131 \u00f6\u011frenildi.<\/span><br \/>\n<span style=\"font-family: arial, helvetica, sans-serif; font-size: 14px;\">NATO ile Japonya aras\u0131nda 2020&#8217;de kabul edilen Bireysel Ortakl\u0131k ve \u0130\u015fbirli\u011fi Program\u0131 \u00e7er\u00e7evesinde 9 alanda i\u015f birli\u011fi yap\u0131lmas\u0131 \u00f6ng\u00f6r\u00fclm\u00fc\u015ft\u00fc. Son geli\u015fme ile birlikte NATO ve Japonya&#8217;n\u0131n i\u015fbirli\u011fi yapt\u0131\u011f\u0131 alanlar\u0131n say\u0131s\u0131 artm\u0131\u015f oldu.<\/span><\/p>\n","protected":false},"excerpt":{"rendered":"<p>NATO Genel Sekreteri Jens Stoltenberg ve Japonya Ba\u015fbakan\u0131 Fumio Kishida, deniz g\u00fcvenli\u011finden siber savunmaya, dezenformasyonla m\u00fccadeleden iklim de\u011fi\u015fikli\u011fine 16 farkl\u0131<\/p>\n","protected":false},"author":3,"featured_media":12129,"comment_status":"open","ping_status":"open","sticky":false,"template":"","format":"standard","meta":{"colormag_page_container_layout":"default_layout","colormag_page_sidebar_layout":"default_layout","footnotes":""},"categories":[1,5],"tags":[],"class_list":["post-12127","post","type-post","status-publish","format-standard","has-post-thumbnail","hentry","category-genel","category-gundem"],"_links":{"self":[{"href":"https:\/\/marmarayerelhizmet.com\/index.php\/wp-json\/wp\/v2\/posts\/12127","targetHints":{"allow":["GET"]}}],"collection":[{"href":"https:\/\/marmarayerelhizmet.com\/index.php\/wp-json\/wp\/v2\/posts"}],"about":[{"href":"https:\/\/marmarayerelhizmet.com\/index.php\/wp-json\/wp\/v2\/types\/post"}],"author":[{"embeddable":true,"href":"https:\/\/marmarayerelhizmet.com\/index.php\/wp-json\/wp\/v2\/users\/3"}],"replies":[{"embeddable":true,"href":"https:\/\/marmarayerelhizmet.com\/index.php\/wp-json\/wp\/v2\/comments?post=12127"}],"version-history":[{"count":0,"href":"https:\/\/marmarayerelhizmet.com\/index.php\/wp-json\/wp\/v2\/posts\/12127\/revisions"}],"wp:featuredmedia":[{"embeddable":true,"href":"https:\/\/marmarayerelhizmet.com\/index.php\/wp-json\/wp\/v2\/media\/12129"}],"wp:attachment":[{"href":"https:\/\/marmarayerelhizmet.com\/index.php\/wp-json\/wp\/v2\/media?parent=12127"}],"wp:term":[{"taxonomy":"category","embeddable":true,"href":"https:\/\/marmarayerelhizmet.com\/index.php\/wp-json\/wp\/v2\/categories?post=12127"},{"taxonomy":"post_tag","embeddable":true,"href":"https:\/\/marmarayerelhizmet.com\/index.php\/wp-json\/wp\/v2\/tags?post=12127"}],"curies":[{"name":"wp","href":"https:\/\/api.w.org\/{rel}","templated":true}]}}