{"id":12114,"date":"2023-07-12T11:38:25","date_gmt":"2023-07-12T08:38:25","guid":{"rendered":"https:\/\/marmarayerelhizmet.com\/?p=12114"},"modified":"2023-07-12T11:38:25","modified_gmt":"2023-07-12T08:38:25","slug":"sindirgida-ciftcinin-yuzu-guluyor","status":"publish","type":"post","link":"https:\/\/marmarayerelhizmet.com\/index.php\/2023\/07\/12\/sindirgida-ciftcinin-yuzu-guluyor\/","title":{"rendered":"S\u0131nd\u0131rg\u0131&#8217;da \u00c7ift\u00e7inin Y\u00fcz\u00fc G\u00fcl\u00fcyor"},"content":{"rendered":"<p><strong><span style=\"font-family: arial, helvetica, sans-serif; font-size: 14px;\">Bal\u0131kesir \u0130l Tar\u0131m M\u00fcd\u00fcrl\u00fc\u011f\u00fc&#8217;nce y\u00fcr\u00fct\u00fclen demonstrasyon \u00e7al\u0131\u015fmalar\u0131 dahilinde S\u0131nd\u0131rg\u0131 il\u00e7esinde ekimi yap\u0131lan yerli ve milli \u00e7e\u015fitlerin hasad\u0131 ger\u00e7ekle\u015ftirildi.<br \/>\n<\/span><\/strong><br \/>\n<span style=\"font-family: arial, helvetica, sans-serif; font-size: 14px;\">Bal\u0131kesir \u0130l Tar\u0131m ve Orman M\u00fcd\u00fcrl\u00fc\u011f\u00fc ve S\u0131nd\u0131rg\u0131 \u0130l\u00e7e Tar\u0131m ve Orman M\u00fcd\u00fcrl\u00fc\u011f\u00fcnce da\u011f\u0131t\u0131m\u0131 yap\u0131lan 12 \u00fcr\u00fcn G\u00f6lc\u00fck, E\u015fmedere, \u00c7ayg\u00f6ren, Karag\u00fcr, Y\u00fcre\u011fil, Akta\u015f, \u00c7\u0131kr\u0131kc\u0131, E\u011fridere, Hisaralan, Kocasinan, \u0130zzettin, Ta\u015fk\u00f6y, Yolcup\u0131nar, \u0130biller, Kurtulu\u015f, \u00c7oturtepe, Ak\u00e7ak\u0131srak, Akta\u015f, D\u00fc\u011f\u00fcnc\u00fcler, Emendere, K\u0131n\u0131k, Yaylabay\u0131r, P\u00fcrs\u00fcnler, K\u0131rank\u00f6y, B\u00fcy\u00fckda\u011fdere, Bayrakl\u0131, Sinandede, Dana\u00e7ay\u0131r, Alacaatl\u0131, \u00c7avdaro\u011flu, Karaa\u011fa\u00e7, Karakaya, Kertil, K\u0131z\u0131lg\u00fcr, Kocabey, Mand\u0131ra, Osmanlar, Umurlar ve \u00c7elebiler k\u0131rsal mahallelerinde \u00fcretildi. Yerli tohum ile verimdeki art\u0131\u015f da \u00e7ift\u00e7inin y\u00fcz\u00fcn\u00fc g\u00fcld\u00fcrd\u00fc.<\/span><br \/>\n<span style=\"font-family: arial, helvetica, sans-serif; font-size: 14px;\">Bu\u011fday, Arpa, \u0130talyan \u00c7imi, Kanola, Ya\u011fl\u0131k Ay\u00e7i\u00e7e\u011fi, Kuru Fasulye, Macar Fi\u011fi ve Silajl\u0131k Sorgum olmak \u00fczere, toplamda 8 \u00fcr\u00fcn 18 \u00e7e\u015fitte yakla\u015f\u0131k bin 626 dekar alanda yeti\u015ftirilen demonstrasyon \u00fcr\u00fcn \u00e7al\u0131\u015fmalar\u0131nda al\u0131nan verimler \u00fcreticileri memnun etti.<\/span><br \/>\n<span style=\"font-family: arial, helvetica, sans-serif; font-size: 14px;\">G\u00f6lc\u00fck k\u0131rsal mahallesinde yerli \u00fcretimde hasat protokol \u00fcyelerinin kat\u0131l\u0131m\u0131 ile ger\u00e7ekle\u015ftirildi.<\/span><br \/>\n<span style=\"font-family: arial, helvetica, sans-serif; font-size: 14px;\">G\u00f6lc\u00fck mahallesinde \u00fcretim yapan \u00e7ift\u00e7i Hasan Tink \u201cAilece \u00e7ift\u00e7ilikle u\u011fra\u015fmaktay\u0131z. Tar\u0131m il m\u00fcd\u00fcrl\u00fc\u011f\u00fc taraf\u0131ndan taraf\u0131m\u0131za verilen hibe 200 kilo tohumu bu parselimize ektik, gayet de memnunuz \u015fu anda da hasad\u0131n\u0131 yap\u0131yoruz. Hasat sonucunda verimi g\u00f6rece\u011fiz \u0130n\u015fallah. Scarloth diye bir \u00e7e\u015fit syngentan\u0131n, ilk defa bu y\u00f6rede denemesi yap\u0131l\u0131yor. Biz de merak ediyoruz ne alaca\u011f\u0131z diye merak ediyoruz\u201c dedi.<\/span><br \/>\n<span style=\"font-family: arial, helvetica, sans-serif; font-size: 14px;\">S\u00f6z konusu \u00e7e\u015fitlerin, en ba\u015fta yerli olmas\u0131, hastal\u0131k ve zararl\u0131lara kar\u015f\u0131 mukavemetli olmas\u0131, birim alandan al\u0131nan verim miktar\u0131n\u0131n y\u00fcksek olmas\u0131, bu \u00e7e\u015fitlerin ekim alanlar\u0131nda daha da yayg\u0131nla\u015faca\u011f\u0131 de\u011ferlendirildi.<\/span><br \/>\n<span style=\"font-family: arial, helvetica, sans-serif; font-size: 14px;\">S\u0131nd\u0131rg\u0131 Belediyesi, Bal\u0131kesir B\u00fcy\u00fck\u015fehir ve Tar\u0131m M\u00fcd\u00fcrl\u00fc\u011f\u00fc ortakla\u015fa \u00e7al\u0131\u015fmalarla S\u0131nd\u0131rg\u0131\u2019da tar\u0131ma ve yerli \u00fcretime deste\u011fin her alanda devam etti\u011fini belirten S\u0131nd\u0131rg\u0131 Belediye ba\u015fkan yard\u0131mc\u0131s\u0131 Salih Durak \u201c\u0130l tar\u0131m m\u00fcd\u00fcrl\u00fc\u011f\u00fcm\u00fcz il\u00e7e tar\u0131m m\u00fcd\u00fcrl\u00fc\u011f\u00fcm\u00fcz ve b\u00fcy\u00fck\u015fehir ve S\u0131nd\u0131rg\u0131 belediyemiz i\u015f birli\u011fiyle S\u0131nd\u0131rg\u0131da art\u0131k yerli tohumlar\u0131n 8 farkl\u0131 \u00e7e\u015fit yerli tohumlar\u0131n ekme \u00e7al\u0131\u015fmas\u0131n\u0131n hasad\u0131 bug\u00fcn yap\u0131l\u0131yor. S\u0131nd\u0131rg\u0131m\u0131z bu konuda zengin kaynaklara sahip do\u011fas\u0131 ve iklimi olarak da her t\u00fcrl\u00fc bitkiye uygun bir alanda. Bu konuda da il tar\u0131m ve il\u00e7e tar\u0131m m\u00fcd\u00fcrl\u00fc\u011f\u00fcm\u00fcz yapt\u0131\u011f\u0131 analizler sonucu ekmeklik bu\u011fday\u0131n 8 \u00e7e\u015fitten bir tanesi olan ekmek bu\u011fday\u0131n\u0131n art\u0131k ekiminin hasad\u0131 yap\u0131ld\u0131. Bu konuda eme\u011fi ge\u00e7en t\u00fcm yerel ve genel idare ve devletimizin politikas\u0131na te\u015fekk\u00fcr ediyoruz. \u0130n\u015fallah \u00e7ift\u00e7ilerimizin verimli bir y\u0131l\u0131 olur. Bu konuda da Rabbim herkese hay\u0131rl\u0131 ve bereketli kazan\u00e7lar nasip etsin\u201c dedi.<\/span><br \/>\n<span style=\"font-family: arial, helvetica, sans-serif; font-size: 14px;\">Yerli tohumlarla \u00fcretimin \u00e7ift\u00e7inin y\u00fcz\u00fcn\u00fc g\u00fcld\u00fcrd\u00fc\u011f\u00fcn\u00fc ve bu t\u00fcr projelerin artarak devam edece\u011fini belirten Bal\u0131kesir \u0130l tar\u0131m m\u00fcd\u00fcr\u00fc Erkan Alkan ise, \u201c\u015eu an Bal\u0131kesir ilimizin S\u0131nd\u0131rg\u0131 il\u00e7esindeyiz, G\u00f6lc\u00fck mahallesindeyiz. S\u0131nd\u0131rg\u0131 il\u00e7emizde yakla\u015f\u0131k \u015fimdiye kadar bin dekar alanda 89 \u00e7ift\u00e7imize ayr\u0131 ayr\u0131 mahallelerde enstit\u00fclerimizin geli\u015ftirdi\u011fi tar\u0131m ve orman bakanl\u0131\u011f\u0131m\u0131za ba\u011fl\u0131 cinslerimizin geli\u015ftirdi\u011fi yeni \u00e7e\u015fitleri demastrasyonu yap\u0131yoruz. Burada \u00f6nemli olan bilim alan\u0131nda hem daha y\u00fcksek verim elde edebilmek ve \u00f6zellikle hastal\u0131klara daha dayan\u0131kl\u0131 cinsleri bu b\u00f6lgeye tamamen \u00fcr\u00fcn desenli de\u011fi\u015ftirmeyi hedefliyoruz. Bug\u00fcnde S\u0131nd\u0131rg\u0131 il\u00e7emizde tarla g\u00fcn\u00fcndeyiz. Bu ekti\u011fimiz bu\u011fday \u00e7e\u015fitleri \u015fu ana kadar ilimizde 910 kg kayra \u00e7e\u015fidimiz var. 910 kilogram dekara verim verdi ki bu hakikaten \u00e7ok g\u00fczel. \u00d6zellikle bu sene ya\u011f\u0131\u015flar\u0131n fazla olmas\u0131 ve nem oran\u0131n\u0131n y\u00fcksek olmas\u0131ndan dolay\u0131 bu\u011fday ve arpada pas hastal\u0131\u011f\u0131 \u00e7ok fazla g\u00f6r\u00fcld\u00fc. Bizim bu yeni \u00e7e\u015fitlerimizde bu daha az oranda g\u00f6z\u00fckt\u00fc. \u00d6zellikle yatma bak\u0131m\u0131ndan bakt\u0131\u011f\u0131n\u0131z zaman daha dik ve bu doluluk oran\u0131 \u00e7ok y\u00fcksek oldu. Bu da \u00e7ift\u00e7ilerimiz ad\u0131na \u00e7ok mutlu, sevindirici olarak geri d\u00f6n\u00fc\u015fler oldu. Bir tane \u00e7ift\u00e7imiz \u00f6zellikle d\u00fcn hasat yapt\u0131\u011f\u0131m\u0131z tamamen ta\u015fl\u0131k bir alanda son 20 senede benim alabildi\u011fim en y\u00fcksek verim dekara 300 kilogramd\u0131, sizin getirdi\u011finiz \u00e7e\u015fitler sayesinde \u015fu an 618 kilogram verim ald\u0131m ki Allah sizden raz\u0131 olsun diye s\u00f6ylemi\u015fti ki bizim o \u00e7ift\u00e7inin mutlulu\u011funu g\u00f6rmek bizim i\u00e7in ayr\u0131 mutluluk verici. Ben \u00f6zellikle bu demastrasyondan dolay\u0131 destek veren tar\u0131m orman bakanl\u0131\u011f\u0131m\u0131za ve b\u00fcy\u00fck\u015fehir belediyemize ve S\u0131nd\u0131rg\u0131 belediyemize te\u015fekk\u00fcrlerimi sunuyorum\u201d dedi.<\/span><\/p>\n","protected":false},"excerpt":{"rendered":"<p>Bal\u0131kesir \u0130l Tar\u0131m M\u00fcd\u00fcrl\u00fc\u011f\u00fc&#8217;nce y\u00fcr\u00fct\u00fclen demonstrasyon \u00e7al\u0131\u015fmalar\u0131 dahilinde S\u0131nd\u0131rg\u0131 il\u00e7esinde ekimi yap\u0131lan yerli ve milli \u00e7e\u015fitlerin hasad\u0131 ger\u00e7ekle\u015ftirildi. Bal\u0131kesir \u0130l<\/p>\n","protected":false},"author":3,"featured_media":12116,"comment_status":"open","ping_status":"open","sticky":false,"template":"","format":"standard","meta":{"colormag_page_container_layout":"default_layout","colormag_page_sidebar_layout":"default_layout","footnotes":""},"categories":[1,5,8],"tags":[],"class_list":["post-12114","post","type-post","status-publish","format-standard","has-post-thumbnail","hentry","category-genel","category-gundem","category-siyaset"],"_links":{"self":[{"href":"https:\/\/marmarayerelhizmet.com\/index.php\/wp-json\/wp\/v2\/posts\/12114","targetHints":{"allow":["GET"]}}],"collection":[{"href":"https:\/\/marmarayerelhizmet.com\/index.php\/wp-json\/wp\/v2\/posts"}],"about":[{"href":"https:\/\/marmarayerelhizmet.com\/index.php\/wp-json\/wp\/v2\/types\/post"}],"author":[{"embeddable":true,"href":"https:\/\/marmarayerelhizmet.com\/index.php\/wp-json\/wp\/v2\/users\/3"}],"replies":[{"embeddable":true,"href":"https:\/\/marmarayerelhizmet.com\/index.php\/wp-json\/wp\/v2\/comments?post=12114"}],"version-history":[{"count":0,"href":"https:\/\/marmarayerelhizmet.com\/index.php\/wp-json\/wp\/v2\/posts\/12114\/revisions"}],"wp:featuredmedia":[{"embeddable":true,"href":"https:\/\/marmarayerelhizmet.com\/index.php\/wp-json\/wp\/v2\/media\/12116"}],"wp:attachment":[{"href":"https:\/\/marmarayerelhizmet.com\/index.php\/wp-json\/wp\/v2\/media?parent=12114"}],"wp:term":[{"taxonomy":"category","embeddable":true,"href":"https:\/\/marmarayerelhizmet.com\/index.php\/wp-json\/wp\/v2\/categories?post=12114"},{"taxonomy":"post_tag","embeddable":true,"href":"https:\/\/marmarayerelhizmet.com\/index.php\/wp-json\/wp\/v2\/tags?post=12114"}],"curies":[{"name":"wp","href":"https:\/\/api.w.org\/{rel}","templated":true}]}}