{"id":12110,"date":"2023-07-12T11:37:00","date_gmt":"2023-07-12T08:37:00","guid":{"rendered":"https:\/\/marmarayerelhizmet.com\/?p=12110"},"modified":"2023-07-12T11:37:00","modified_gmt":"2023-07-12T08:37:00","slug":"kacak-yapilara-taviz-verilmiyor","status":"publish","type":"post","link":"https:\/\/marmarayerelhizmet.com\/index.php\/2023\/07\/12\/kacak-yapilara-taviz-verilmiyor\/","title":{"rendered":"Ka\u00e7ak Yap\u0131lara Taviz Verilmiyor"},"content":{"rendered":"<p><strong><span style=\"font-family: arial, helvetica, sans-serif; font-size: 14px;\">B\u00fcy\u00fck\u00e7ekmece T\u00fcrkoba Mahallesi \u00c7ay\u0131rlar mevkiinde ka\u00e7ak olarak yap\u0131ld\u0131\u011f\u0131 tespit edilen yap\u0131lar belediye ekipleri taraf\u0131ndan y\u0131k\u0131ld\u0131.<br \/>\n<\/span><\/strong><br \/>\n<span style=\"font-family: arial, helvetica, sans-serif; font-size: 14px;\">\u0130stanbul\u2019un en \u00f6nemli i\u00e7me suyu havzalar\u0131ndan olan B\u00fcy\u00fck\u00e7ekmece G\u00f6l\u00fc ve havza b\u00f6lgesinde ka\u00e7ak yap\u0131la\u015fmaya kar\u015f\u0131 m\u00fccadele veren B\u00fcy\u00fck\u00e7ekmece Belediyesi ka\u00e7ak yap\u0131lara taviz vermiyor. B\u00fcy\u00fck\u00e7ekmece Belediyesi \u0130mar M\u00fcd\u00fcrl\u00fc\u011f\u00fc ve Zab\u0131ta M\u00fcd\u00fcrl\u00fc\u011f\u00fc ekiplerinin tespit etti\u011fi 4 ka\u00e7ak yap\u0131 polis ve zab\u0131ta ekipleri g\u00f6zetiminde y\u0131k\u0131ld\u0131.<\/span><\/p>\n<p><strong><span style=\"font-family: arial, helvetica, sans-serif; font-size: 14px;\">Son bir haftada 12 ka\u00e7ak yap\u0131 y\u0131k\u0131ld\u0131<\/span><\/strong><br \/>\n<span style=\"font-family: arial, helvetica, sans-serif; font-size: 14px;\">B\u00fcy\u00fck\u00e7ekmece T\u00fcrkoba Mahallesi \u00c7ay\u0131rlar mevkiinde imars\u0131z ve ka\u00e7ak in\u015fa edilen 4 yap\u0131y\u0131 tespit eden B\u00fcy\u00fck\u00e7ekmece Belediyesi \u0130mar M\u00fcd\u00fcrl\u00fc\u011f\u00fc ekipleri, yap\u0131 sahiplerine yap\u0131lan tebligat\u0131n ard\u0131ndan y\u0131k\u0131m karar\u0131 ald\u0131. Polis ve zab\u0131ta m\u00fcd\u00fcrl\u00fc\u011f\u00fc ekipleri g\u00f6zetiminde ka\u00e7ak yap\u0131lar\u0131n y\u0131k\u0131m i\u015flemini ger\u00e7ekle\u015ftirdi. Ka\u00e7ak yap\u0131 sahiplerinin engelleme \u00e7abas\u0131 sonu\u00e7 vermedi.B\u00fcy\u00fck\u00e7ekmece Belediyesi ge\u00e7ti\u011fimiz hafta i\u00e7inde de Karara\u011fa\u00e7 Mahallesi Eskice K\u00f6y\u00fc mevkiinde imars\u0131z ve ka\u00e7ak in\u015fa edilen 8 yap\u0131y\u0131 y\u0131km\u0131\u015ft\u0131.<\/span><\/p>\n<p><strong><span style=\"font-family: arial, helvetica, sans-serif; font-size: 14px;\">&#8220;Kararl\u0131l\u0131kla m\u00fccadelemiz s\u00fcrecek&#8221;<\/span><\/strong><br \/>\n<span style=\"font-family: arial, helvetica, sans-serif; font-size: 14px;\">Konuya ili\u015fkin olarak B\u00fcy\u00fck\u00e7ekmece Belediyesi&#8217;nden yap\u0131lan a\u00e7\u0131klamada, B\u00fcy\u00fck\u00e7ekmece s\u0131n\u0131rlar\u0131 i\u00e7erisinde ka\u00e7ak yap\u0131la\u015fmaya m\u00fcsaade edilmeyece\u011fi belirtilerek, &#8220;\u0130stanbul&#8217;un en \u00f6nemli i\u00e7me suyu toplama havzas\u0131n\u0131 korumakta kararl\u0131y\u0131z. Bug\u00fcne kadar g\u00f6stermi\u015f oldu\u011fumuz kararl\u0131l\u0131\u011f\u0131 bundan sonrada ayn\u0131 \u015fekilde s\u00fcrd\u00fcrece\u011fiz&#8221; denildi.<\/span><\/p>\n","protected":false},"excerpt":{"rendered":"<p>B\u00fcy\u00fck\u00e7ekmece T\u00fcrkoba Mahallesi \u00c7ay\u0131rlar mevkiinde ka\u00e7ak olarak yap\u0131ld\u0131\u011f\u0131 tespit edilen yap\u0131lar belediye ekipleri taraf\u0131ndan y\u0131k\u0131ld\u0131. \u0130stanbul\u2019un en \u00f6nemli i\u00e7me suyu<\/p>\n","protected":false},"author":3,"featured_media":12112,"comment_status":"open","ping_status":"open","sticky":false,"template":"","format":"standard","meta":{"colormag_page_container_layout":"default_layout","colormag_page_sidebar_layout":"default_layout","footnotes":""},"categories":[1,5,8],"tags":[],"class_list":["post-12110","post","type-post","status-publish","format-standard","has-post-thumbnail","hentry","category-genel","category-gundem","category-siyaset"],"_links":{"self":[{"href":"https:\/\/marmarayerelhizmet.com\/index.php\/wp-json\/wp\/v2\/posts\/12110","targetHints":{"allow":["GET"]}}],"collection":[{"href":"https:\/\/marmarayerelhizmet.com\/index.php\/wp-json\/wp\/v2\/posts"}],"about":[{"href":"https:\/\/marmarayerelhizmet.com\/index.php\/wp-json\/wp\/v2\/types\/post"}],"author":[{"embeddable":true,"href":"https:\/\/marmarayerelhizmet.com\/index.php\/wp-json\/wp\/v2\/users\/3"}],"replies":[{"embeddable":true,"href":"https:\/\/marmarayerelhizmet.com\/index.php\/wp-json\/wp\/v2\/comments?post=12110"}],"version-history":[{"count":0,"href":"https:\/\/marmarayerelhizmet.com\/index.php\/wp-json\/wp\/v2\/posts\/12110\/revisions"}],"wp:featuredmedia":[{"embeddable":true,"href":"https:\/\/marmarayerelhizmet.com\/index.php\/wp-json\/wp\/v2\/media\/12112"}],"wp:attachment":[{"href":"https:\/\/marmarayerelhizmet.com\/index.php\/wp-json\/wp\/v2\/media?parent=12110"}],"wp:term":[{"taxonomy":"category","embeddable":true,"href":"https:\/\/marmarayerelhizmet.com\/index.php\/wp-json\/wp\/v2\/categories?post=12110"},{"taxonomy":"post_tag","embeddable":true,"href":"https:\/\/marmarayerelhizmet.com\/index.php\/wp-json\/wp\/v2\/tags?post=12110"}],"curies":[{"name":"wp","href":"https:\/\/api.w.org\/{rel}","templated":true}]}}