{"id":12106,"date":"2023-07-12T11:35:12","date_gmt":"2023-07-12T08:35:12","guid":{"rendered":"https:\/\/marmarayerelhizmet.com\/?p=12106"},"modified":"2023-07-12T11:35:12","modified_gmt":"2023-07-12T08:35:12","slug":"metruk-binada-yangin-cikti","status":"publish","type":"post","link":"https:\/\/marmarayerelhizmet.com\/index.php\/2023\/07\/12\/metruk-binada-yangin-cikti\/","title":{"rendered":"Metruk Binada Yang\u0131n \u00c7\u0131kt\u0131"},"content":{"rendered":"<p><strong><span style=\"font-family: arial, helvetica, sans-serif; font-size: 14px;\">Esenyurt\u2019ta 3 katl\u0131 metruk binan\u0131n \u00e7at\u0131 kat\u0131nda bilinmeyen bir nedenle yang\u0131n \u00e7\u0131kt\u0131. Alev alev yanan \u00e7at\u0131 kat\u0131 cep telefonu kameras\u0131na yans\u0131d\u0131.<br \/>\n<\/span><\/strong><br \/>\n<span style=\"font-family: arial, helvetica, sans-serif; font-size: 14px;\">Esenyurt P\u0131nar Mahallesi 1282 Sokakta sabah saatlerinde bilinmeyen bir nedenle 3 katl\u0131 metruk binan\u0131n \u00e7at\u0131 kat\u0131nda yang\u0131n \u00e7\u0131kt\u0131. Yang\u0131n k\u0131sa s\u00fcrede b\u00fcy\u00fcyerek \u00e7at\u0131 kat\u0131n\u0131 sard\u0131. \u00d6te yandan binada iki hafta \u00f6ncede yang\u0131n \u00e7\u0131kt\u0131\u011f\u0131 \u00f6\u011frenildi. Olay da \u00f6len ya da yaralanan olmazken, polis ekipleri yang\u0131n\u0131n \u00e7\u0131k\u0131\u015f nedeni ile ilgili \u00e7al\u0131\u015fma ba\u015flatt\u0131. \u00c7at\u0131 kat\u0131 alev alev yanarken \u00e7evredeki vatanda\u015flar durumu itfaiye ekiplerine haber verdi. \u0130hbar \u00fczerine ola yerine gelen itfaiye ekipleri yang\u0131n\u0131 k\u0131sa s\u00fcrede s\u00f6nd\u00fcrd\u00fc.<\/span><br \/>\n<span style=\"font-family: arial, helvetica, sans-serif; font-size: 14px;\">Olay\u0131 anlatan Yusuf Yeti\u015fkes, \u201dSabah saatlerinde yang\u0131n \u00e7\u0131kt\u0131. Mahalle sakinleri buran\u0131n y\u0131k\u0131lmas\u0131n\u0131 istiyor. \u0130ki hafta \u00f6nce yine yanm\u0131\u015ft\u0131\u201d dedi.<\/span><\/p>\n","protected":false},"excerpt":{"rendered":"<p>Esenyurt\u2019ta 3 katl\u0131 metruk binan\u0131n \u00e7at\u0131 kat\u0131nda bilinmeyen bir nedenle yang\u0131n \u00e7\u0131kt\u0131. Alev alev yanan \u00e7at\u0131 kat\u0131 cep telefonu kameras\u0131na<\/p>\n","protected":false},"author":3,"featured_media":12108,"comment_status":"open","ping_status":"open","sticky":false,"template":"","format":"standard","meta":{"colormag_page_container_layout":"default_layout","colormag_page_sidebar_layout":"default_layout","footnotes":""},"categories":[1,5],"tags":[],"class_list":["post-12106","post","type-post","status-publish","format-standard","has-post-thumbnail","hentry","category-genel","category-gundem"],"_links":{"self":[{"href":"https:\/\/marmarayerelhizmet.com\/index.php\/wp-json\/wp\/v2\/posts\/12106","targetHints":{"allow":["GET"]}}],"collection":[{"href":"https:\/\/marmarayerelhizmet.com\/index.php\/wp-json\/wp\/v2\/posts"}],"about":[{"href":"https:\/\/marmarayerelhizmet.com\/index.php\/wp-json\/wp\/v2\/types\/post"}],"author":[{"embeddable":true,"href":"https:\/\/marmarayerelhizmet.com\/index.php\/wp-json\/wp\/v2\/users\/3"}],"replies":[{"embeddable":true,"href":"https:\/\/marmarayerelhizmet.com\/index.php\/wp-json\/wp\/v2\/comments?post=12106"}],"version-history":[{"count":0,"href":"https:\/\/marmarayerelhizmet.com\/index.php\/wp-json\/wp\/v2\/posts\/12106\/revisions"}],"wp:featuredmedia":[{"embeddable":true,"href":"https:\/\/marmarayerelhizmet.com\/index.php\/wp-json\/wp\/v2\/media\/12108"}],"wp:attachment":[{"href":"https:\/\/marmarayerelhizmet.com\/index.php\/wp-json\/wp\/v2\/media?parent=12106"}],"wp:term":[{"taxonomy":"category","embeddable":true,"href":"https:\/\/marmarayerelhizmet.com\/index.php\/wp-json\/wp\/v2\/categories?post=12106"},{"taxonomy":"post_tag","embeddable":true,"href":"https:\/\/marmarayerelhizmet.com\/index.php\/wp-json\/wp\/v2\/tags?post=12106"}],"curies":[{"name":"wp","href":"https:\/\/api.w.org\/{rel}","templated":true}]}}