{"id":12102,"date":"2023-07-12T11:34:05","date_gmt":"2023-07-12T08:34:05","guid":{"rendered":"https:\/\/marmarayerelhizmet.com\/?p=12102"},"modified":"2023-07-12T11:34:05","modified_gmt":"2023-07-12T08:34:05","slug":"balikesirde-sazlik-yangini","status":"publish","type":"post","link":"https:\/\/marmarayerelhizmet.com\/index.php\/2023\/07\/12\/balikesirde-sazlik-yangini\/","title":{"rendered":"Bal\u0131kesir&#8217;de Sazl\u0131k Yang\u0131n\u0131"},"content":{"rendered":"<p><strong><span style=\"font-family: arial, helvetica, sans-serif; font-size: 14px;\">Burhaniye il\u00e7esinde, sigara izmaritinden \u00e7\u0131kt\u0131\u011f\u0131 san\u0131lan an\u0131z yang\u0131n\u0131 sazl\u0131k alana s\u0131\u00e7rarken, bir s\u00fcre Burhaniye-Edremit kav\u015fa\u011f\u0131n\u0131n trafi\u011fe kapanmas\u0131na neden oldu.\u00a0<\/span><\/strong><\/p>\n<p><span style=\"font-family: arial, helvetica, sans-serif; font-size: 14px;\">Burhaniye-Edremit kav\u015fa\u011f\u0131nda \u00e7\u0131kan an\u0131z yang\u0131n\u0131 korkulu saatler ya\u015fanmas\u0131na neden oldu. Yol kenar\u0131nda \u00e7\u0131kan an\u0131z yang\u0131n\u0131 k\u0131sa s\u00fcrede b\u00fcy\u00fcd\u00fc. Meyve bah\u00e7esine s\u0131\u00e7rayan yang\u0131n bir s\u00fcre sonra kav\u015faktaki sazl\u0131k alana sirayet etti. Yang\u0131n s\u0131ras\u0131nda baz\u0131 meyve a\u011fa\u00e7lar\u0131 yanarken, trafik \u0131\u015f\u0131klar\u0131 da zarar g\u00f6rd\u00fc. Polis, yang\u0131n s\u00fcresince Burhaniye giri\u015fini trafi\u011fe kapat\u0131rken, yang\u0131n bir saatlik m\u00fccadele sonunda s\u00f6nd\u00fcr\u00fclebildi. Sazl\u0131k alanda y\u00fckselen alevler s\u00fcr\u00fcc\u00fcleri heyecanland\u0131rd\u0131. Yang\u0131n\u0131n \u00e7\u0131k\u0131\u015f nedeni ara\u015ft\u0131r\u0131l\u0131yor.<\/span><\/p>\n","protected":false},"excerpt":{"rendered":"<p>Burhaniye il\u00e7esinde, sigara izmaritinden \u00e7\u0131kt\u0131\u011f\u0131 san\u0131lan an\u0131z yang\u0131n\u0131 sazl\u0131k alana s\u0131\u00e7rarken, bir s\u00fcre Burhaniye-Edremit kav\u015fa\u011f\u0131n\u0131n trafi\u011fe kapanmas\u0131na neden oldu.\u00a0 Burhaniye-Edremit<\/p>\n","protected":false},"author":3,"featured_media":12104,"comment_status":"open","ping_status":"open","sticky":false,"template":"","format":"standard","meta":{"colormag_page_container_layout":"default_layout","colormag_page_sidebar_layout":"default_layout","footnotes":""},"categories":[1,5],"tags":[],"class_list":["post-12102","post","type-post","status-publish","format-standard","has-post-thumbnail","hentry","category-genel","category-gundem"],"_links":{"self":[{"href":"https:\/\/marmarayerelhizmet.com\/index.php\/wp-json\/wp\/v2\/posts\/12102","targetHints":{"allow":["GET"]}}],"collection":[{"href":"https:\/\/marmarayerelhizmet.com\/index.php\/wp-json\/wp\/v2\/posts"}],"about":[{"href":"https:\/\/marmarayerelhizmet.com\/index.php\/wp-json\/wp\/v2\/types\/post"}],"author":[{"embeddable":true,"href":"https:\/\/marmarayerelhizmet.com\/index.php\/wp-json\/wp\/v2\/users\/3"}],"replies":[{"embeddable":true,"href":"https:\/\/marmarayerelhizmet.com\/index.php\/wp-json\/wp\/v2\/comments?post=12102"}],"version-history":[{"count":0,"href":"https:\/\/marmarayerelhizmet.com\/index.php\/wp-json\/wp\/v2\/posts\/12102\/revisions"}],"wp:featuredmedia":[{"embeddable":true,"href":"https:\/\/marmarayerelhizmet.com\/index.php\/wp-json\/wp\/v2\/media\/12104"}],"wp:attachment":[{"href":"https:\/\/marmarayerelhizmet.com\/index.php\/wp-json\/wp\/v2\/media?parent=12102"}],"wp:term":[{"taxonomy":"category","embeddable":true,"href":"https:\/\/marmarayerelhizmet.com\/index.php\/wp-json\/wp\/v2\/categories?post=12102"},{"taxonomy":"post_tag","embeddable":true,"href":"https:\/\/marmarayerelhizmet.com\/index.php\/wp-json\/wp\/v2\/tags?post=12102"}],"curies":[{"name":"wp","href":"https:\/\/api.w.org\/{rel}","templated":true}]}}