{"id":12094,"date":"2023-07-11T20:40:25","date_gmt":"2023-07-11T17:40:25","guid":{"rendered":"https:\/\/marmarayerelhizmet.com\/?p=12094"},"modified":"2023-07-12T01:40:55","modified_gmt":"2023-07-11T22:40:55","slug":"eyupsultanda-yaz-spor-okullari-acildi","status":"publish","type":"post","link":"https:\/\/marmarayerelhizmet.com\/index.php\/2023\/07\/11\/eyupsultanda-yaz-spor-okullari-acildi\/","title":{"rendered":"Ey\u00fcpsultan&#8217;da Yaz Spor Okullar\u0131 A\u00e7\u0131ld\u0131"},"content":{"rendered":"<p><strong><span style=\"font-family: arial, helvetica, sans-serif; font-size: 14px;\">Ey\u00fcpsultan Belediyesi taraf\u0131ndan, Alibeyk\u00f6y Osmanl\u0131 Park\u0131\u2019nda yap\u0131lan Yaz Spor Okullar\u0131 a\u00e7\u0131l\u0131\u015f etkinli\u011fi 4 bine yak\u0131n \u00f6\u011frencinin kat\u0131m\u0131yla ger\u00e7ekle\u015ftirildi.<br \/>\n<\/span><\/strong><br \/>\n<span style=\"font-family: arial, helvetica, sans-serif; font-size: 14px;\">Ey\u00fcpsultan Belediyesi\u2019nin d\u00fczenlendi\u011fi Alibeyk\u00f6y Osmanl\u0131 Park\u0131\u2019nda yap\u0131lan Yaz Spor Okullar\u0131 etkinli\u011fi \u00e7ocuklar\u0131n ve vatanda\u015flar\u0131n yo\u011fun ilgilisiyle ger\u00e7ekle\u015fti. \u00c7ocuklar\u0131n spor, e\u011flence ve e\u011fitim ile dopdolu bir yaz okulu ge\u00e7irmelerine olanak sa\u011flayan Ey\u00fcpsultan Belediyesi Yaz Spor Okullar\u0131, 3 Temmuz-13 A\u011fustos aras\u0131nda a\u00e7\u0131k olacak. Yaz Spor Okullar\u0131na \u015fimdiye kadar 11 bin 947 ki\u015finin kay\u0131t yapt\u0131rd\u0131\u011f\u0131 aktar\u0131l\u0131rken, 10 farkl\u0131 bran\u015fta spor e\u011fitimi verecek. Ger\u00e7ekle\u015fen etkinli\u011fe Ey\u00fcpsultan Belediye Ba\u015fkan\u0131 Deniz K\u00f6ken, Ey\u00fcpspor Asba\u015fkan\u0131 Fatih Kulaks\u0131z ve Ey\u00fcpspor Teknik Direkt\u00f6r\u00fc Arda Turan kat\u0131ld\u0131.<\/span><br \/>\n<span style=\"font-family: arial, helvetica, sans-serif; font-size: 14px;\">Etkinlik sonras\u0131 Ey\u00fcpsultan Belediye Ba\u015fkan\u0131 Deniz K\u00f6ken ve Ey\u00fcpspor Teknik Direkt\u00f6r\u00fc Arda Turan a\u00e7\u0131klamalarda bulundu. Etkinli\u011fe 11 bin \u00e7ocuktan 4 binini getirdiklerini aktaran Ba\u015fkan K\u00f6ken, &#8220;Her sene yap\u0131yorduk, bu sene bir s\u00fcrprizimiz oldu \u00e7ocuklara spor camias\u0131n\u0131n de\u011ferli duayeni Arda hocam\u0131z\u0131 getirdik. G\u00fczel bir sezon a\u00e7\u0131l\u0131\u015f\u0131n\u0131 yapt\u0131k \u00e7ocuklar\u0131m\u0131zla birlikte. Arda Turan\u2019da b\u00fcy\u00fck bir renk katt\u0131 ve \u00e7ocuklara b\u00fcy\u00fck motive verdi. Yaz Spor Okullar\u0131yla birlikte k\u0131\u015f\u0131nda bunlar\u0131 devam ettiriyoruz. Yakla\u015f\u0131k 28 tane tesisimiz var. Yak\u0131nda yeni spor salonumuzu a\u00e7aca\u011f\u0131z. Bir de y\u00fczme havuzunun temelini at\u0131yoruz derken, tesis say\u0131m\u0131z birka\u00e7 ay i\u00e7inde 30\u2019a \u00e7\u0131kacak. 30 spor tesisimizle beraber, b\u00f6lgemizde lisansl\u0131 sporcu say\u0131m\u0131z\u0131 artt\u0131rmaya gayret ediyoruz. Bunlar\u0131 say\u0131s\u0131n\u0131 artt\u0131rd\u0131k\u00e7a \u00e7ocuklar\u0131m\u0131z\u0131n k\u00f6t\u00fc al\u0131\u015fkanl\u0131klardan uzakla\u015ft\u0131r\u0131yoruz&#8221; \u015feklinde konu\u015ftu.<\/span><\/p>\n<p><strong><span style=\"font-family: arial, helvetica, sans-serif; font-size: 14px;\">\u201c\u00c7ocuklara bu geli\u015fim \u00e7a\u011f\u0131nda destek vermek \u00e7ok \u00f6nemli\u201d<\/span><\/strong><br \/>\n<span style=\"font-family: arial, helvetica, sans-serif; font-size: 14px;\">Ey\u00fcpspor Teknik Direkt\u00f6r\u00fc Arda Turan ise &#8220;Ey\u00fcpsultan Belediyesi\u2019nin ba\u015fkan\u0131 olmas\u0131ndan daha \u00e7ok bir abi gibi. Ben Ey\u00fcpspor\u2019un ba\u015f\u0131na geldi\u011fimden beri bana da \u00e7ok yard\u0131mc\u0131 oldu. \u00d6ncelikle b\u00f6yle bir ortam\u0131 sa\u011flamak \u00e7ok k\u0131ymetli, \u00e7ocuklar\u0131 d\u00fc\u015f\u00fcnmek \u00e7ok \u00f6nemliydi. Bizde hep beraber olal\u0131m, buna destek verelim dedik. Tabii \u00f6zellikle bu ya\u015fta, bu geli\u015fim \u00e7a\u011f\u0131nda onlara destek vermek, onlara spor disiplini vermek, onlar\u0131 k\u00f6t\u00fc al\u0131\u015fkanl\u0131klardan uzakla\u015ft\u0131rmaya \u00e7al\u0131\u015fmak \u00e7ok k\u0131ymetli. O y\u00fczden kendisini ve vizyonunu tebrik ediyorum. \u0130n\u015fallah daha g\u00fczel \u015feyler yap\u0131lacakt\u0131r. Bug\u00fcn g\u00f6rd\u00fc\u011f\u00fcm manzaradan dolay\u0131 \u00e7ok mutlu oldum&#8221; ifadelerini kulland\u0131.<\/span><\/p>\n","protected":false},"excerpt":{"rendered":"<p>Ey\u00fcpsultan Belediyesi taraf\u0131ndan, Alibeyk\u00f6y Osmanl\u0131 Park\u0131\u2019nda yap\u0131lan Yaz Spor Okullar\u0131 a\u00e7\u0131l\u0131\u015f etkinli\u011fi 4 bine yak\u0131n \u00f6\u011frencinin kat\u0131m\u0131yla ger\u00e7ekle\u015ftirildi. Ey\u00fcpsultan Belediyesi\u2019nin<\/p>\n","protected":false},"author":3,"featured_media":12096,"comment_status":"open","ping_status":"open","sticky":false,"template":"","format":"standard","meta":{"colormag_page_container_layout":"default_layout","colormag_page_sidebar_layout":"default_layout","footnotes":""},"categories":[1,5,8,9],"tags":[],"class_list":["post-12094","post","type-post","status-publish","format-standard","has-post-thumbnail","hentry","category-genel","category-gundem","category-siyaset","category-spor"],"_links":{"self":[{"href":"https:\/\/marmarayerelhizmet.com\/index.php\/wp-json\/wp\/v2\/posts\/12094","targetHints":{"allow":["GET"]}}],"collection":[{"href":"https:\/\/marmarayerelhizmet.com\/index.php\/wp-json\/wp\/v2\/posts"}],"about":[{"href":"https:\/\/marmarayerelhizmet.com\/index.php\/wp-json\/wp\/v2\/types\/post"}],"author":[{"embeddable":true,"href":"https:\/\/marmarayerelhizmet.com\/index.php\/wp-json\/wp\/v2\/users\/3"}],"replies":[{"embeddable":true,"href":"https:\/\/marmarayerelhizmet.com\/index.php\/wp-json\/wp\/v2\/comments?post=12094"}],"version-history":[{"count":0,"href":"https:\/\/marmarayerelhizmet.com\/index.php\/wp-json\/wp\/v2\/posts\/12094\/revisions"}],"wp:featuredmedia":[{"embeddable":true,"href":"https:\/\/marmarayerelhizmet.com\/index.php\/wp-json\/wp\/v2\/media\/12096"}],"wp:attachment":[{"href":"https:\/\/marmarayerelhizmet.com\/index.php\/wp-json\/wp\/v2\/media?parent=12094"}],"wp:term":[{"taxonomy":"category","embeddable":true,"href":"https:\/\/marmarayerelhizmet.com\/index.php\/wp-json\/wp\/v2\/categories?post=12094"},{"taxonomy":"post_tag","embeddable":true,"href":"https:\/\/marmarayerelhizmet.com\/index.php\/wp-json\/wp\/v2\/tags?post=12094"}],"curies":[{"name":"wp","href":"https:\/\/api.w.org\/{rel}","templated":true}]}}