{"id":12088,"date":"2023-07-11T20:23:42","date_gmt":"2023-07-11T17:23:42","guid":{"rendered":"https:\/\/marmarayerelhizmet.com\/?p=12088"},"modified":"2023-07-12T01:35:48","modified_gmt":"2023-07-11T22:35:48","slug":"ciftci-uretiyor-bursa-cicek-aciyor","status":"publish","type":"post","link":"https:\/\/marmarayerelhizmet.com\/index.php\/2023\/07\/11\/ciftci-uretiyor-bursa-cicek-aciyor\/","title":{"rendered":"\u00c7ift\u00e7i \u00dcretiyor, Bursa \u00c7i\u00e7ek A\u00e7\u0131yor"},"content":{"rendered":"<p><strong><span style=\"font-family: arial, helvetica, sans-serif; font-size: 14px;\">K\u0131rsal kalk\u0131nma hedefleri \u00e7er\u00e7evesinde \u00e7ift\u00e7iye her t\u00fcrl\u00fc deste\u011fi sa\u011flayan Bursa B\u00fcy\u00fck\u015fehir Belediyesi, Keles\u2019in P\u0131narc\u0131k Mahallesi\u2019nde \u00e7ift\u00e7iler taraf\u0131ndan seralarda \u00fcretilen al\u0131m garantili s\u00fcs bitkileri ile b\u00f6lge ekonomisine de\u011fer kat\u0131yor. \u00c7ift\u00e7ilerin \u00f6zenle yeti\u015ftirdi\u011fi \u00e7i\u00e7ekler, Bursa\u2019n\u0131n park, bah\u00e7e, kav\u015fak ve ref\u00fcjlerini s\u00fcsl\u00fcyor.<br \/>\n<\/span><\/strong><br \/>\n<span style=\"font-family: arial, helvetica, sans-serif; font-size: 14px;\">Bursa\u2019da k\u0131rsal kalk\u0131nman\u0131n sa\u011flanmas\u0131 amac\u0131yla fide-fidan temininden kaliteli \u00fcretimin sa\u011flanmas\u0131na, ekipman deste\u011finden \u00fcr\u00fcnlerin sat\u0131\u015f ve pazarlamas\u0131na kadar her alanda \u00e7ift\u00e7ilere katk\u0131 sunan B\u00fcy\u00fck\u015fehir Belediyesi, s\u00fcs bitkileri \u00fcretimiyle Kelesli \u00e7ift\u00e7ilere ekonomik destek sa\u011fl\u0131yor. Bursa\u2019n\u0131n t\u00fcm ye\u015fil alanlar\u0131n\u0131n bak\u0131m \u00e7al\u0131\u015fmalar\u0131n\u0131 \u00fcstlenen B\u00fcy\u00fck\u015fehir Belediyesi i\u015ftiraklerinden Tar\u0131m Peyzaj A.\u015e, peyzaj \u00e7al\u0131\u015fmalar\u0131nda kulland\u0131\u011f\u0131 mevsimlik \u00e7i\u00e7ekleri, S\u00fcs Bitkileri Kooperatifi i\u015f birli\u011fiyle Keles\u2019in P\u0131narc\u0131k Mahallesi&#8217;nde kurulan seralarda \u00e7ift\u00e7ilere \u00fcrettiriyor. Onlarca \u00e7ift\u00e7inin s\u00f6zle\u015fmeli, al\u0131m garantili mevsimlik \u00e7i\u00e7ek \u00fcretimi ile hem B\u00fcy\u00fck\u015fehir\u2019in \u00e7i\u00e7ek maliyetleri d\u00fc\u015f\u00fcyor hem de b\u00f6lge ekonomisine de\u011fer kazand\u0131r\u0131l\u0131yor.<br \/>\n<\/span><br \/>\n<strong><span style=\"font-family: arial, helvetica, sans-serif; font-size: 14px;\">19 milyonluk \u00fcretim<\/span><\/strong><br \/>\n<span style=\"font-family: arial, helvetica, sans-serif; font-size: 14px;\">Keles\u2019in P\u0131narc\u0131k Mahallesi\u2019nde 12 d\u00f6n\u00fcml\u00fck a\u00e7\u0131k ve kapal\u0131 seralarda \u00fcretilen begonya, menek\u015fe, kadife, kas\u0131mpat\u0131 gibi mevsimlik \u00e7i\u00e7ekler, \u015fehir peyzaj\u0131na kazand\u0131r\u0131l\u0131yor. Ge\u00e7ti\u011fimiz y\u0131l b\u00f6lgede \u00fcretilen 4 milyon 25 bin 500 adet mevsimlik \u00e7i\u00e7e\u011fe kar\u015f\u0131l\u0131k, \u00e7ift\u00e7ilere 10 milyon 151 bin TL \u00f6deme yap\u0131ld\u0131. \u00c7ift\u00e7inin h\u00fcnerli ellerinde hayat bulan \u00e7i\u00e7ekler, Bursa\u2019n\u0131n park, bah\u00e7e, kav\u015fak ve ref\u00fcjlerine estetik bir g\u00f6r\u00fcn\u00fcm kazand\u0131r\u0131rken, bu y\u0131lsonuna kadar da 5 milyon adedin \u00fczerinde \u00e7i\u00e7ek \u00fcretimi yap\u0131lmas\u0131 planlan\u0131yor. Bu \u00fcretimle de \u00e7i\u00e7ek yeti\u015ftiren \u00e7ift\u00e7ilere 19 milyon TL\u2019nin \u00fczerinde \u00f6deme yap\u0131lmas\u0131 \u00f6ng\u00f6r\u00fcl\u00fcyor.<\/span><\/p>\n","protected":false},"excerpt":{"rendered":"<p>K\u0131rsal kalk\u0131nma hedefleri \u00e7er\u00e7evesinde \u00e7ift\u00e7iye her t\u00fcrl\u00fc deste\u011fi sa\u011flayan Bursa B\u00fcy\u00fck\u015fehir Belediyesi, Keles\u2019in P\u0131narc\u0131k Mahallesi\u2019nde \u00e7ift\u00e7iler taraf\u0131ndan seralarda \u00fcretilen al\u0131m<\/p>\n","protected":false},"author":3,"featured_media":12090,"comment_status":"open","ping_status":"open","sticky":false,"template":"","format":"standard","meta":{"colormag_page_container_layout":"default_layout","colormag_page_sidebar_layout":"default_layout","footnotes":""},"categories":[1,5,8],"tags":[],"class_list":["post-12088","post","type-post","status-publish","format-standard","has-post-thumbnail","hentry","category-genel","category-gundem","category-siyaset"],"_links":{"self":[{"href":"https:\/\/marmarayerelhizmet.com\/index.php\/wp-json\/wp\/v2\/posts\/12088","targetHints":{"allow":["GET"]}}],"collection":[{"href":"https:\/\/marmarayerelhizmet.com\/index.php\/wp-json\/wp\/v2\/posts"}],"about":[{"href":"https:\/\/marmarayerelhizmet.com\/index.php\/wp-json\/wp\/v2\/types\/post"}],"author":[{"embeddable":true,"href":"https:\/\/marmarayerelhizmet.com\/index.php\/wp-json\/wp\/v2\/users\/3"}],"replies":[{"embeddable":true,"href":"https:\/\/marmarayerelhizmet.com\/index.php\/wp-json\/wp\/v2\/comments?post=12088"}],"version-history":[{"count":0,"href":"https:\/\/marmarayerelhizmet.com\/index.php\/wp-json\/wp\/v2\/posts\/12088\/revisions"}],"wp:featuredmedia":[{"embeddable":true,"href":"https:\/\/marmarayerelhizmet.com\/index.php\/wp-json\/wp\/v2\/media\/12090"}],"wp:attachment":[{"href":"https:\/\/marmarayerelhizmet.com\/index.php\/wp-json\/wp\/v2\/media?parent=12088"}],"wp:term":[{"taxonomy":"category","embeddable":true,"href":"https:\/\/marmarayerelhizmet.com\/index.php\/wp-json\/wp\/v2\/categories?post=12088"},{"taxonomy":"post_tag","embeddable":true,"href":"https:\/\/marmarayerelhizmet.com\/index.php\/wp-json\/wp\/v2\/tags?post=12088"}],"curies":[{"name":"wp","href":"https:\/\/api.w.org\/{rel}","templated":true}]}}