{"id":12084,"date":"2023-07-11T20:18:15","date_gmt":"2023-07-11T17:18:15","guid":{"rendered":"https:\/\/marmarayerelhizmet.com\/?p=12084"},"modified":"2023-07-12T01:18:26","modified_gmt":"2023-07-11T22:18:26","slug":"buyukcekmecede-hasat-donemi-basladi","status":"publish","type":"post","link":"https:\/\/marmarayerelhizmet.com\/index.php\/2023\/07\/11\/buyukcekmecede-hasat-donemi-basladi\/","title":{"rendered":"B\u00fcy\u00fck\u00e7ekmece&#8217;de Hasat D\u00f6nemi Ba\u015flad\u0131"},"content":{"rendered":"<p><strong><span style=\"font-family: arial, helvetica, sans-serif; font-size: 14px;\">B\u00fcy\u00fck\u00e7ekmece\u2019de geleneksel hasat etkinli\u011fi bu y\u0131l da bu\u011fday hasad\u0131yla yap\u0131ld\u0131.<br \/>\n<\/span><\/strong><br \/>\n<span style=\"font-family: arial, helvetica, sans-serif; font-size: 14px;\">B\u00fcy\u00fck\u00e7ekmece Karaa\u011fa\u00e7 Mahallesi\u2019nde 60 hektarl\u0131k bu\u011fday tarlas\u0131nda ger\u00e7ekle\u015fen hasat etkinli\u011fi b\u00f6lge \u00e7ift\u00e7ilerinin dayan\u0131\u015fmas\u0131na sahne olurken \u00e7ift\u00e7iler \u00fcrettikleri bu\u011fday\u0131n a\u00e7\u0131klanan fiyatlardan al\u0131nmas\u0131 istiyor. \u0130stanbul\u2019un en \u00f6nemli tar\u0131m arazilerine sahip il\u00e7elerinden olan B\u00fcy\u00fck\u00e7ekmece\u2019de gelenekselle\u015fen hasat etkinli\u011fi B\u00fcy\u00fck\u00e7ekmece Kaymakam\u0131 Ali \u0130kram Tuna, B\u00fcy\u00fck\u00e7ekmece Belediye Ba\u015fkan\u0131 Dr. Hasan Akg\u00fcn, Belediye Meclis \u00dcyeleri Kerem Ereke ve Fatih \u00c7\u0131nar, B\u00fcy\u00fck\u00e7ekmece Ziraat Odas\u0131 Ba\u015fkan\u0131 Sezgin Er\u00e7a\u011f ve \u00e7ok say\u0131da \u00e7ift\u00e7inin kat\u0131l\u0131m\u0131yla ba\u015flad\u0131.<\/span><\/p>\n<p><strong><span style=\"font-family: arial, helvetica, sans-serif; font-size: 14px;\">\u201c\u015eu anda bununla ilgili bir kriz ya\u015fan\u0131yor\u201d<\/span><\/strong><br \/>\n<span style=\"font-family: arial, helvetica, sans-serif; font-size: 14px;\">\u00c7ift\u00e7i Erol Bi\u00e7er\u2019in tarlas\u0131nda yap\u0131lan bu\u011fday hasad\u0131 etkinli\u011fi sonras\u0131nda bir a\u00e7\u0131klama yapan B\u00fcy\u00fck\u00e7ekmece Belediye Ba\u015fkan\u0131 Dr. Hasan Akg\u00fcn, &#8220;B\u00fcy\u00fck\u00e7ekmece\u2019nin \u00f6nemli bir ayn\u0131 zamanda tar\u0131m \u015fehri oldu\u011funu da burada vurgulamak laz\u0131m. B\u00fcy\u00fck\u00e7ekmece g\u00f6l\u00fc ve \u00e7evresinde \u00c7atalca\u2019ya kadar olan alanda, Silivri s\u0131n\u0131r\u0131na kadar olan alanda 800 hektarda yani 80 bin d\u00f6n\u00fcm alanda tar\u0131m yap\u0131yoruz. Bu sene toplam elde edece\u011fimiz bu\u011fday 17, 18 bin ton aras\u0131nda olacak. \u015eu anda bu\u011fday\u0131n hasat vaktini ba\u015flatt\u0131k. Beklentimiz k\u0131sa bir zaman i\u00e7erisinde \u00fcreticinin elindeki bu\u011fday\u0131n da al\u0131nmas\u0131d\u0131r. \u015eu anda bununla ilgili bir kriz ya\u015fan\u0131yor. Devlet 8.25, 8.50 lira civar\u0131nda bir a\u00e7\u0131klamada bulundu. 1 lira da destekleme primi veriyor. 9.50 yap\u0131yor ama piyasa 5.50, 6 liraya bu\u011fday topluyor. Bu da \u00f6nemli bir krizdir. \u00c7ift\u00e7imizin mutlaka hakk\u0131n\u0131n, hukukunun korunmas\u0131 bak\u0131m\u0131ndan ilgili makamlar gere\u011fini yapacakt\u0131r diye d\u00fc\u015f\u00fcn\u00fcyorum\u201d ifadesini kulland\u0131.<br \/>\n<\/span><br \/>\n<strong><span style=\"font-family: arial, helvetica, sans-serif; font-size: 14px;\">\u201cSerbest piyasada 5 lira 50 kuru\u015f ile 5 lira 80 kuru\u015f aras\u0131nda al\u0131mlar yap\u0131lmaktad\u0131r\u2019\u2019<\/span><\/strong><br \/>\n<span style=\"font-family: arial, helvetica, sans-serif; font-size: 14px;\">B\u00fcy\u00fck\u00e7ekmece Ziraat Odas\u0131 Ba\u015fkan\u0131 Sezgin Er\u00e7a\u011f, B\u00fcy\u00fck\u00e7ekmece\u2019de 80 bin d\u00f6n\u00fcm ekili alanda bu\u011fday, arpa ve ay\u00e7i\u00e7e\u011fi tar\u0131m\u0131 yap\u0131ld\u0131\u011f\u0131n\u0131 belirterek \u015funlar\u0131 s\u00f6yledi: \u201cBu seneki hasad\u0131m\u0131za bug\u00fcn itibariyle ba\u015flad\u0131k hay\u0131rl\u0131s\u0131yla. Verimleri gayet g\u00fczel fakat fiyatlar konusunda olduk\u00e7a s\u0131k\u0131nt\u0131l\u0131y\u0131z. \u015e\u00f6yle ki TMO 8 lira 25 kuru\u015ftan fiyat a\u00e7\u0131klamas\u0131na ra\u011fmen \u015fu anda serbest piyasada 5 lira 50 kuru\u015f ile 5 lira 80 kuru\u015f aras\u0131nda al\u0131mlar yap\u0131lmaktad\u0131r. Bu da bizi fazlas\u0131yla s\u0131k\u0131nt\u0131ya sokmaktad\u0131r. Bor\u00e7lu olan \u00fcretici arkada\u015flar\u0131m\u0131z bunu mecburen piyasaya arz etmek zorunda kal\u0131yorlar. TMO\u2019da al\u0131m konusunda yeteri kadar al\u0131m noktas\u0131 a\u00e7amad\u0131\u011f\u0131 i\u00e7in \u00e7ok b\u00fcy\u00fck y\u0131\u011f\u0131lmalar oluyor ve teslimat yapam\u0131yoruz. Bu da bize ikinci bir s\u0131k\u0131nt\u0131 olu\u015fturuyor. Dolay\u0131s\u0131yla bunun bir an \u00f6nce a\u015f\u0131l\u0131p serbest piyasadaki fiyatlar\u0131n yukar\u0131 \u00e7\u0131kar\u0131lmas\u0131 i\u00e7in ne gerekiyorsa onun yap\u0131lmas\u0131, al\u0131m noktalar\u0131n\u0131 h\u0131zla art\u0131rarak bir an \u00f6nce 8.25\u2019den al\u0131m yapmas\u0131na olanak sa\u011flamas\u0131n\u0131 bekliyoruz.\u2019\u2019<\/span><\/p>\n","protected":false},"excerpt":{"rendered":"<p>B\u00fcy\u00fck\u00e7ekmece\u2019de geleneksel hasat etkinli\u011fi bu y\u0131l da bu\u011fday hasad\u0131yla yap\u0131ld\u0131. B\u00fcy\u00fck\u00e7ekmece Karaa\u011fa\u00e7 Mahallesi\u2019nde 60 hektarl\u0131k bu\u011fday tarlas\u0131nda ger\u00e7ekle\u015fen hasat etkinli\u011fi<\/p>\n","protected":false},"author":3,"featured_media":12086,"comment_status":"open","ping_status":"open","sticky":false,"template":"","format":"standard","meta":{"colormag_page_container_layout":"default_layout","colormag_page_sidebar_layout":"default_layout","footnotes":""},"categories":[1,5,8],"tags":[],"class_list":["post-12084","post","type-post","status-publish","format-standard","has-post-thumbnail","hentry","category-genel","category-gundem","category-siyaset"],"_links":{"self":[{"href":"https:\/\/marmarayerelhizmet.com\/index.php\/wp-json\/wp\/v2\/posts\/12084","targetHints":{"allow":["GET"]}}],"collection":[{"href":"https:\/\/marmarayerelhizmet.com\/index.php\/wp-json\/wp\/v2\/posts"}],"about":[{"href":"https:\/\/marmarayerelhizmet.com\/index.php\/wp-json\/wp\/v2\/types\/post"}],"author":[{"embeddable":true,"href":"https:\/\/marmarayerelhizmet.com\/index.php\/wp-json\/wp\/v2\/users\/3"}],"replies":[{"embeddable":true,"href":"https:\/\/marmarayerelhizmet.com\/index.php\/wp-json\/wp\/v2\/comments?post=12084"}],"version-history":[{"count":0,"href":"https:\/\/marmarayerelhizmet.com\/index.php\/wp-json\/wp\/v2\/posts\/12084\/revisions"}],"wp:featuredmedia":[{"embeddable":true,"href":"https:\/\/marmarayerelhizmet.com\/index.php\/wp-json\/wp\/v2\/media\/12086"}],"wp:attachment":[{"href":"https:\/\/marmarayerelhizmet.com\/index.php\/wp-json\/wp\/v2\/media?parent=12084"}],"wp:term":[{"taxonomy":"category","embeddable":true,"href":"https:\/\/marmarayerelhizmet.com\/index.php\/wp-json\/wp\/v2\/categories?post=12084"},{"taxonomy":"post_tag","embeddable":true,"href":"https:\/\/marmarayerelhizmet.com\/index.php\/wp-json\/wp\/v2\/tags?post=12084"}],"curies":[{"name":"wp","href":"https:\/\/api.w.org\/{rel}","templated":true}]}}