{"id":12076,"date":"2023-07-11T00:35:52","date_gmt":"2023-07-10T21:35:52","guid":{"rendered":"https:\/\/marmarayerelhizmet.com\/?p=12076"},"modified":"2023-07-12T01:08:39","modified_gmt":"2023-07-11T22:08:39","slug":"kareside-tonlarca-atik-toplandi-2","status":"publish","type":"post","link":"https:\/\/marmarayerelhizmet.com\/index.php\/2023\/07\/11\/kareside-tonlarca-atik-toplandi-2\/","title":{"rendered":"Karesi&#8217;de Tonlarca At\u0131k Topland\u0131"},"content":{"rendered":"<p><span style=\"font-family: arial, helvetica, sans-serif;\"><strong>Kat\u0131 At\u0131k Getirme Merkezi ile k\u00e2\u011f\u0131ttan metale, camdan plasti\u011fe kadar toplam 14 grup at\u0131\u011f\u0131 ayr\u0131\u015ft\u0131r\u0131p do\u011faya nefes olan Karesi Belediyesi, S\u0131f\u0131r At\u0131k \u00e7al\u0131\u015fmalar\u0131nda \u00f6rnek oluyor.<\/strong><\/span><\/p>\n<p><span style=\"font-family: arial, helvetica, sans-serif;\">Bal\u0131kesir\u2019in ilk At\u0131k Getirme Merkezi\u2019ni faaliyete ge\u00e7iren Karesi Belediyesi, \u00e7evreci ve s\u0131f\u0131r at\u0131k konular\u0131nda \u00f6nc\u00fc olmay\u0131 s\u00fcrd\u00fcr\u00fcyor. Merkezde k\u00e2\u011f\u0131ttan metale, camdan plasti\u011fe kadar toplam 14 grup at\u0131\u011f\u0131 ayr\u0131\u015ft\u0131r\u0131p do\u011faya nefes olan Karesi Belediyesi, gelecek nesillerin bilin\u00e7lenmesi i\u00e7in de \u00e7al\u0131\u015fmalar\u0131n\u0131 s\u00fcrd\u00fcr\u00fcyor.<\/span><br \/>\n<span style=\"font-family: arial, helvetica, sans-serif;\">Karesi At\u0131k Getirme Merkezi&#8217;nde bug\u00fcne kadar 10 ton metal at\u0131k topland\u0131. Toplanan metal at\u0131klar ile 13 kg hammadde tasarrufu, 950 kg sera gaz\u0131, 6420 Kwh enerji tasarrufu, 30 metrek\u00fcp depolama alan\u0131 kazanc\u0131 sa\u011fland\u0131. yine merkezde toplanan ah\u015fap at\u0131klardan 20 adet k\u00f6pek, 15 adet kedi, 30 ad<\/span><span style=\"font-family: arial, helvetica, sans-serif;\">et ku\u015f evi imal edildi. Toplanan 600 kg plastik at\u0131klar kayna\u011f\u0131nda ayr\u0131\u015ft\u0131r\u0131larak; 24.60 kg sera gaz\u0131, 3464 Kwh enerji tasarrufu, 1.38 metrek\u00fcp depolama alan\u0131 ve 9.78 varil petrol tasarrufu sa\u011fland\u0131.<br \/>\n<\/span><br \/>\n<span style=\"font-family: arial, helvetica, sans-serif;\"><strong>\u201cSIFIR ATIK \u0130\u00c7\u0130N \u00c7ALI\u015eIYORUZ\u201d<\/strong><\/span><br \/>\n<span style=\"font-family: arial, helvetica, sans-serif;\">Karesi Belediyesi At\u0131k Getirme Merkezi\u2019nin S\u0131f\u0131r At\u0131k \u00e7al\u0131\u015fmalar\u0131nda \u00f6nemli bir yeri oldu\u011funu s\u00f6yleyen Karesi Belediye Ba\u015fkan\u0131 Din\u00e7er Orkan, merkez i\u00e7in Cumhurba\u015fkan\u0131 Recep Tayip Erdo\u011fan\u2019\u0131n e\u015fi Emine Erdo\u011fan\u2019\u0131n ba\u015flatt\u0131\u011f\u0131 S\u0131f\u0131r At\u0131k Projesi\u2019nin kendilerine ilham verdi\u011fini belirtti. Merkezde \u00f6\u011frencilerinde S\u0131f\u0131r At\u0131k konusunda e\u011fitimler g\u00f6rd\u00fc\u011f\u00fcn\u00fc hat\u0131rlatan Ba\u015fkan Orkan, \u201cNitelikli at\u0131klar\u0131n geri kazan\u0131m veya bertarafa g\u00f6nderilmek \u00fczere b\u0131rak\u0131labilce\u011fi tesisimizi hizmete a\u00e7arak bu at\u0131klar\u0131n yeniden \u00fcretim s\u00fcre\u00e7lerine kazand\u0131r\u0131lmas\u0131 planland\u0131k. Bu \u00e7al\u0131\u015fma ile s\u0131f\u0131r at\u0131k bilincinin artt\u0131r\u0131lmas\u0131 hedeflenmekte olup vatanda\u015flar\u0131m\u0131z evlerinde biriktirdikleri geri d\u00f6n\u00fc\u015ft\u00fcr\u00fclebilir at\u0131klar\u0131 At\u0131k Getirme Merkezine b\u0131rakabiliyorlar. Karesi\u2019de bu bilincin artt\u0131r\u0131lmas\u0131 i\u00e7inde \u00e7al\u0131\u015fmalar\u0131m\u0131z\u0131 s\u00fcrd\u00fcrece\u011fiz\u201d dedi.<\/span><\/p>\n","protected":false},"excerpt":{"rendered":"<p>Kat\u0131 At\u0131k Getirme Merkezi ile k\u00e2\u011f\u0131ttan metale, camdan plasti\u011fe kadar toplam 14 grup at\u0131\u011f\u0131 ayr\u0131\u015ft\u0131r\u0131p do\u011faya nefes olan Karesi Belediyesi,<\/p>\n","protected":false},"author":3,"featured_media":12042,"comment_status":"open","ping_status":"open","sticky":false,"template":"","format":"standard","meta":{"colormag_page_container_layout":"default_layout","colormag_page_sidebar_layout":"default_layout","footnotes":""},"categories":[1,5,8],"tags":[],"class_list":["post-12076","post","type-post","status-publish","format-standard","has-post-thumbnail","hentry","category-genel","category-gundem","category-siyaset"],"_links":{"self":[{"href":"https:\/\/marmarayerelhizmet.com\/index.php\/wp-json\/wp\/v2\/posts\/12076","targetHints":{"allow":["GET"]}}],"collection":[{"href":"https:\/\/marmarayerelhizmet.com\/index.php\/wp-json\/wp\/v2\/posts"}],"about":[{"href":"https:\/\/marmarayerelhizmet.com\/index.php\/wp-json\/wp\/v2\/types\/post"}],"author":[{"embeddable":true,"href":"https:\/\/marmarayerelhizmet.com\/index.php\/wp-json\/wp\/v2\/users\/3"}],"replies":[{"embeddable":true,"href":"https:\/\/marmarayerelhizmet.com\/index.php\/wp-json\/wp\/v2\/comments?post=12076"}],"version-history":[{"count":0,"href":"https:\/\/marmarayerelhizmet.com\/index.php\/wp-json\/wp\/v2\/posts\/12076\/revisions"}],"wp:featuredmedia":[{"embeddable":true,"href":"https:\/\/marmarayerelhizmet.com\/index.php\/wp-json\/wp\/v2\/media\/12042"}],"wp:attachment":[{"href":"https:\/\/marmarayerelhizmet.com\/index.php\/wp-json\/wp\/v2\/media?parent=12076"}],"wp:term":[{"taxonomy":"category","embeddable":true,"href":"https:\/\/marmarayerelhizmet.com\/index.php\/wp-json\/wp\/v2\/categories?post=12076"},{"taxonomy":"post_tag","embeddable":true,"href":"https:\/\/marmarayerelhizmet.com\/index.php\/wp-json\/wp\/v2\/tags?post=12076"}],"curies":[{"name":"wp","href":"https:\/\/api.w.org\/{rel}","templated":true}]}}