{"id":12068,"date":"2023-07-11T13:30:35","date_gmt":"2023-07-11T10:30:35","guid":{"rendered":"https:\/\/marmarayerelhizmet.com\/?p=12068"},"modified":"2023-07-11T13:30:35","modified_gmt":"2023-07-11T10:30:35","slug":"balikesir-valiligi-uyardi","status":"publish","type":"post","link":"https:\/\/marmarayerelhizmet.com\/index.php\/2023\/07\/11\/balikesir-valiligi-uyardi\/","title":{"rendered":"Bal\u0131kesir Valili\u011fi Uyard\u0131"},"content":{"rendered":"<p class=\"page-title\"><strong><span style=\"font-family: arial, helvetica, sans-serif; font-size: 14px;\">\u0130\u00e7inde bulunulan g\u00fcnlerde hava s\u0131cakl\u0131klar\u0131n\u0131n y\u00fckselmesi ve daha da artacak olmas\u0131 sebebiyle riski artan orman yang\u0131nlar\u0131na kar\u015f\u0131 dikkatli olunmas\u0131 i\u00e7in vatanda\u015flara uyar\u0131da bulunuldu.<\/span><\/strong><\/p>\n<div class=\"share-buttons d-none d-lg-inline-flex\">\n<p><strong><span style=\"font-family: arial, helvetica, sans-serif; font-size: 14px;\">Hava S\u0131cakl\u0131klar\u0131 Art\u0131yor<\/span><\/strong><\/p>\n<p><span style=\"font-family: arial, helvetica, sans-serif; font-size: 14px;\">Bal\u0131kesir Valili\u011finden yap\u0131lan a\u00e7\u0131klamada, pek \u00e7ok orman yang\u0131n\u0131n dikkatsizlik ve tedbirsizlik sonucunda \u00e7\u0131kt\u0131\u011f\u0131na dikkat \u00e7ekilerek yaz aylar\u0131nda b\u00fct\u00fcn arazilerde ve \u00f6zel m\u00fclkiyete tabi bah\u00e7elerde kesinlikle ate\u015ften uzak durulmas\u0131 gerekti\u011fi bildirildi. Ayr\u0131ca bah\u00e7e ve tarla temizli\u011fi amac\u0131yla ate\u015f yak\u0131lmas\u0131, an\u0131z yak\u0131lmas\u0131, piknik esnas\u0131nda ate\u015f yak\u0131lmas\u0131 gibi davran\u0131\u015flar\u0131n yang\u0131na sebebiyet vermesiyle k\u00fc\u00e7\u00fck k\u0131v\u0131lc\u0131mlar\u0131n b\u00fcy\u00fck ormanlar\u0131n yok olmas\u0131na yol a\u00e7t\u0131\u011f\u0131 da hat\u0131rlat\u0131ld\u0131.<\/span><\/p>\n<p><span style=\"font-family: arial, helvetica, sans-serif; font-size: 14px;\">Kurallara Uymayanlara \u0130dari ve Adli \u0130\u015flem Yap\u0131l\u0131yor<\/span><\/p>\n<p><span style=\"font-family: arial, helvetica, sans-serif; font-size: 14px;\">Yap\u0131lan hat\u0131rlatma ve uyar\u0131da yak\u0131n zaman \u00f6nce al\u0131nan kararla 24 Haziran&#8217;dan 30 Eyl\u00fcl tarihine kadar ormanlara giri\u015f ve \u00e7\u0131k\u0131\u015flar ile orman alanlar\u0131nda ve \u00e7evresinde her ne suretle olursa olsun ate\u015f yak\u0131lmas\u0131n\u0131n yasakland\u0131\u011f\u0131; bu kurala uymayanlar hakk\u0131nda ise idari ve adli y\u00f6nden i\u015flem yap\u0131ld\u0131\u011f\u0131na tekrar dikkat \u00e7ekildi.<\/span><\/p>\n<p><strong><span style=\"font-family: arial, helvetica, sans-serif; font-size: 14px;\">Kurumlar Teyakkuza Ge\u00e7ti<\/span><\/strong><\/p>\n<p><span style=\"font-family: arial, helvetica, sans-serif; font-size: 14px;\">Ormanlara sahip \u00e7\u0131k\u0131lmas\u0131 hususunda vatanda\u015flardan hassasiyet bekledi\u011fini ifade eden Vali Hasan \u015e\u0131ldak, ye\u015fil vatan\u0131 korumak i\u00e7in kurallara uyulmas\u0131 vurgusu yapt\u0131. Vali \u015e\u0131ldak, &#8220;Vatanda\u015flar\u0131n bu konuda daha belirgin \u015fekilde uyar\u0131lmas\u0131 amac\u0131yla 11 Temmuz 2023 tarihinden itibaren saat 11.00 ve 16.00&#8217;da olmak \u00fczere g\u00fcnde iki kez belediye ses yay\u0131n sistemlerinden uyar\u0131 yap\u0131lacak. Ayr\u0131ca her hafta cuma hutbesinin sonunda camilerde duyuru yap\u0131lacak, k\u0131rsal mahallelerde ise jandarma ekipleri taraf\u0131ndan ara\u00e7 ses sistemlerinden yap\u0131lacak duyuru ile ormanlar\u0131m\u0131z\u0131 korumak i\u00e7in t\u00fcm kurumlar\u0131m\u0131zla seferberlik ilan ettik diyebiliriz. Ormanlar\u0131m\u0131z\u0131n korunmas\u0131 ve yang\u0131nlar\u0131n \u00f6nlenmesi konusunda b\u00fct\u00fcn vatanda\u015flar\u0131m\u0131zdan duyarl\u0131l\u0131k bekliyoruz. L\u00fctfen kurallara uyal\u0131m, ormanlar\u0131m\u0131za sahip \u00e7\u0131kal\u0131m.&#8221; \u015feklinde vatanda\u015flara seslendi.<\/span><\/p>\n<\/div>\n","protected":false},"excerpt":{"rendered":"<p>\u0130\u00e7inde bulunulan g\u00fcnlerde hava s\u0131cakl\u0131klar\u0131n\u0131n y\u00fckselmesi ve daha da artacak olmas\u0131 sebebiyle riski artan orman yang\u0131nlar\u0131na kar\u015f\u0131 dikkatli olunmas\u0131 i\u00e7in<\/p>\n","protected":false},"author":3,"featured_media":12070,"comment_status":"open","ping_status":"open","sticky":false,"template":"","format":"standard","meta":{"colormag_page_container_layout":"default_layout","colormag_page_sidebar_layout":"default_layout","footnotes":""},"categories":[1,5],"tags":[],"class_list":["post-12068","post","type-post","status-publish","format-standard","has-post-thumbnail","hentry","category-genel","category-gundem"],"_links":{"self":[{"href":"https:\/\/marmarayerelhizmet.com\/index.php\/wp-json\/wp\/v2\/posts\/12068","targetHints":{"allow":["GET"]}}],"collection":[{"href":"https:\/\/marmarayerelhizmet.com\/index.php\/wp-json\/wp\/v2\/posts"}],"about":[{"href":"https:\/\/marmarayerelhizmet.com\/index.php\/wp-json\/wp\/v2\/types\/post"}],"author":[{"embeddable":true,"href":"https:\/\/marmarayerelhizmet.com\/index.php\/wp-json\/wp\/v2\/users\/3"}],"replies":[{"embeddable":true,"href":"https:\/\/marmarayerelhizmet.com\/index.php\/wp-json\/wp\/v2\/comments?post=12068"}],"version-history":[{"count":0,"href":"https:\/\/marmarayerelhizmet.com\/index.php\/wp-json\/wp\/v2\/posts\/12068\/revisions"}],"wp:featuredmedia":[{"embeddable":true,"href":"https:\/\/marmarayerelhizmet.com\/index.php\/wp-json\/wp\/v2\/media\/12070"}],"wp:attachment":[{"href":"https:\/\/marmarayerelhizmet.com\/index.php\/wp-json\/wp\/v2\/media?parent=12068"}],"wp:term":[{"taxonomy":"category","embeddable":true,"href":"https:\/\/marmarayerelhizmet.com\/index.php\/wp-json\/wp\/v2\/categories?post=12068"},{"taxonomy":"post_tag","embeddable":true,"href":"https:\/\/marmarayerelhizmet.com\/index.php\/wp-json\/wp\/v2\/tags?post=12068"}],"curies":[{"name":"wp","href":"https:\/\/api.w.org\/{rel}","templated":true}]}}