{"id":12062,"date":"2023-07-11T13:23:35","date_gmt":"2023-07-11T10:23:35","guid":{"rendered":"https:\/\/marmarayerelhizmet.com\/?p=12062"},"modified":"2023-07-11T13:23:35","modified_gmt":"2023-07-11T10:23:35","slug":"ticaret-hacmimizi-gelistirmeliyiz","status":"publish","type":"post","link":"https:\/\/marmarayerelhizmet.com\/index.php\/2023\/07\/11\/ticaret-hacmimizi-gelistirmeliyiz\/","title":{"rendered":"&#8216;Ticaret Hacmimizi Geli\u015ftirmeliyiz&#8217;"},"content":{"rendered":"<p><strong><span style=\"font-family: arial, helvetica, sans-serif; font-size: 14px;\">D\u0131\u015f Ekonomik \u0130li\u015fkiler Kurulu (DE\u0130K) ve \u00c7in Uluslararas\u0131 Ticareti Destekleme Konseyi (CCPIT) i\u015f birli\u011fiyle ger\u00e7ekle\u015ftirilen T\u00fcrkiye-\u00c7in \u0130\u015f Konferans\u0131\u2019nda, iki \u00fclke i\u015f d\u00fcnyas\u0131n\u0131n \u00f6nde gelen isimleri \u2018Dijital D\u00f6n\u00fc\u015f\u00fcm ve Gelece\u011fi Tasarlamak\u2019 temas\u0131 ile \u0130stanbul\u2019da bir araya geldi.<\/span><\/strong><\/p>\n<p><span style=\"font-family: arial, helvetica, sans-serif; font-size: 14px;\">T\u00fcrkiye &#8211; \u00c7in \u0130\u015f Konferans\u0131 (TCBC), DE\u0130K taraf\u0131ndan T\u00fcrkiye ile \u00c7in aras\u0131ndaki uzun s\u00fcredir devam eden ili\u015fkilerin g\u00fc\u00e7lenmesine ve s\u00fcrd\u00fcr\u00fclebilirli\u011fine katk\u0131da bulunmas\u0131 amac\u0131yla d\u00fczenlendi. T\u00fcrkiye ve \u00c7in\u2019de dijitalle\u015fme alan\u0131ndaki i\u015f yapma tecr\u00fcbelerinin aktar\u0131ld\u0131\u011f\u0131 konferansta; iki \u00fclke aras\u0131ndaki i\u015f birli\u011fi f\u0131rsatlar\u0131, ba\u015far\u0131 \u00f6yk\u00fcleri ve dijital d\u00f6n\u00fc\u015f\u00fcm\u00fcn gelece\u011fi gibi konular ele al\u0131nd\u0131. Konferansta ayn\u0131 zamanda, CCPIT ile DE\u0130K aras\u0131nda, Pekin&#8217;de ger\u00e7ekle\u015ftirilecek 1. \u00c7in Uluslararas\u0131 Tedarik Zinciri Fuar\u0131&#8217;na (CISCE) deste\u011fi ve i\u015fbirliklerinin artt\u0131r\u0131lmas\u0131n\u0131 vurgulayan bir Mutabakat Zapt\u0131 (MoU) imzaland\u0131.<\/span><\/p>\n<p><strong><span style=\"font-family: arial, helvetica, sans-serif; font-size: 14px;\">\u2018\u2018\u0130\u015fbirliklerimizi stratejik ortakl\u0131k olarak bir \u00fcst seviyeye \u00e7\u0131karmam\u0131z gerekiyor\u2019\u2019<\/span><\/strong><br \/>\n<span style=\"font-family: arial, helvetica, sans-serif; font-size: 14px;\">\u0130ki \u00fclke aras\u0131ndaki tarihi ili\u015fkilere de\u011finen \u00c7in B\u00fcy\u00fckel\u00e7isi Dr. \u0130smail Hakk\u0131 Musa, \u2018\u2018Dijital d\u00f6n\u00fc\u015f\u00fcm ve gelece\u011fi tasarlamak temas\u0131yla ger\u00e7ekle\u015ftirdi\u011fimiz etkinlik bir\u00e7ok uzman\u0131 bir araya getirdi. Tarihe bakt\u0131\u011f\u0131m\u0131zda T\u00fcrkler ile \u00c7inliler aras\u0131ndaki m\u00fcnasebetler as\u0131rlar \u00f6ncesine dayan\u0131yor. \u0130stanbul\u2019dan kalkan kervan \u00c7in\u2019in ba\u015fkentine bin 500\u2019l\u00fc y\u0131llardan beri gitmeye ba\u015flad\u0131. Atalar\u0131m\u0131z \u00e7ok de\u011ferli \u015fekilde etkile\u015fim kurard\u0131. T\u00fcrkiye &#8211; \u00c7in aras\u0131ndaki ticaret son y\u0131llarda ivme kazand\u0131. Diplomatik temaslar ve ziyaretlerle ikili ili\u015fkiler korundu. Stratejik i\u015fbirli\u011finden kapsaml\u0131 stratejik i\u015fbirli\u011fi hedefine y\u00f6nelik \u00e7al\u0131\u015fmalar\u0131m\u0131z s\u00fcr\u00fcyor. \u0130li\u015fkilerimiz g\u00fc\u00e7leniyor ve b\u00fcy\u00fcyor. Tarihi \u0130pek Yolu dijital \u0130pek Yolu\u2019na evriliyor ve halklar\u0131m\u0131za yans\u0131yor. \u00c7in ile yeni ortakl\u0131klar tesis ettik ve etmeye devam edece\u011fiz. Ge\u00e7mi\u015ften ald\u0131\u011f\u0131m\u0131z ilhamla gelece\u011fe kararl\u0131 ad\u0131mlarla ilerliyoruz. Ticari faaliyetlerimizde mevcut faaliyetlerimiz potansiyelimizin alt\u0131nda. \u0130ki \u00fclke aras\u0131ndaki ticaret hacmi son 20 y\u0131lda 40 kat artt\u0131. D\u0131\u015f ticaret a\u00e7\u0131\u011f\u0131m\u0131zda y\u00fckseliyor. Dengeyi g\u00f6zetmemiz gerekiyor. Ataca\u011f\u0131m\u0131z ad\u0131mlar ile bu dengeyi sa\u011flayaca\u011f\u0131z. \u0130ki \u00fclke sahip oldu\u011fu siyasi iktidar ile birlikte refah ve kalk\u0131nma yolunda ilerleyen say\u0131l\u0131 \u00fclkeler aras\u0131nda. Bug\u00fcne kadar yap\u0131lan i\u015fbirliklerini stratejik ortakl\u0131k olarak bir \u00fcst seviyeye \u00e7\u0131karmam\u0131z gerekiyor\u2019\u2019 dedi.<\/span><\/p>\n<p><strong><span style=\"font-family: arial, helvetica, sans-serif; font-size: 14px;\">\u2018\u2018Ticaret hacmimizi her alanda geli\u015ftirmek i\u00e7in \u00e7al\u0131\u015fmal\u0131y\u0131z\u2019\u2019<\/span><\/strong><br \/>\n<span style=\"font-family: arial, helvetica, sans-serif; font-size: 14px;\">\u00c7in Halk Cumhuriyeti Ankara B\u00fcy\u00fckel\u00e7isi Liu Shaobin \u015f\u00f6yle konu\u015ftu: &#8220;G\u00fcn\u00fcm\u00fcz d\u00fcnyas\u0131 k\u00fcresel ekonomi a\u00e7\u0131s\u0131ndan b\u00fcy\u00fck de\u011fi\u015fimler ya\u015f\u0131yor. Korumac\u0131l\u0131k, tek tarafl\u0131l\u0131k, so\u011fuk sava\u015f, resesyon ve enflasyon gibi pek \u00e7ok geli\u015fme ya\u015fan\u0131yor. \u00dclkeler yeni d\u00f6neme dair tercih s\u00fcrecindeler. Biz de \u00fclkelerimiz aras\u0131ndaki ekonomik ve ticari ili\u015fkilerimizi geli\u015ftirmek i\u00e7in bir araday\u0131z. Bug\u00fcne kadar tarihi \u0130pek Yolu \u00fczerinde ba\u011flar\u0131m\u0131z\u0131 koruduk ve art\u0131k ikili ili\u015fkilerimizi daha da canland\u0131rabiliriz. Yar\u0131m as\u0131rl\u0131k diplomatik ili\u015fkilerimiz, devlet ba\u015fkanlar\u0131m\u0131z\u0131n \u00f6nderli\u011finde at\u0131lan somut ad\u0131mlarla yeni ba\u015far\u0131lar\u0131 beraberinde getiriyor. \u00d6zellikle ge\u00e7mi\u015ften dersler almal\u0131y\u0131z. \u00dclkelerimiz aras\u0131nda zorluklardan ziyade esas\u0131nda f\u0131rsatlar \u00e7ok daha fazla. \u00c7in\u2019in 20. Ulusal Kongre\u2019sinde \u00fclkemizin gelece\u011fi i\u00e7in bir vizyon ortaya koyduk. T\u00fcrkiye Cumhuriyeti\u2019nin Yeni Y\u00fczy\u0131l vizyonu ortada. Dolay\u0131s\u0131yla ikili ili\u015fkilerimizi ve ticaret hacmimizi her alanda geli\u015ftirmek i\u00e7in \u00e7al\u0131\u015fmal\u0131y\u0131z, b\u00fcy\u00fck bir f\u0131rsat s\u00f6z konusu. Gelece\u011fe d\u00f6n\u00fck bir bak\u0131\u015f a\u00e7\u0131s\u0131yla dijital ekonomi ve dijital d\u00f6n\u00fc\u015f\u00fcm alanlar\u0131nda gelece\u011fi birlikte tasarlayabiliriz.&#8221;<\/span><\/p>\n<p><strong><span style=\"font-family: arial, helvetica, sans-serif; font-size: 14px;\">&#8220;\u0130kili ticari ili\u015fkilerimizi dengeli olarak art\u0131rmak de\u011ferli&#8221;<\/span><\/strong><br \/>\n<span style=\"font-family: arial, helvetica, sans-serif; font-size: 14px;\">DE\u0130K Ba\u015fkan\u0131 Nail Olpak ise iki \u00fclke aras\u0131ndaki i\u015fbirlikleriyle ilgili olarak, \u2018\u2018T\u00fcrkiye ile \u00c7in aras\u0131ndaki ikili ticari ili\u015fkilerimize bakt\u0131\u011f\u0131m\u0131zda 2022 y\u0131l\u0131nda \u00c7in\u2019den ithalat\u0131m\u0131z 41,4 milyar dolar iken ihracat\u0131m\u0131z sadece 3,3 milyar dolar. \u0130kili ticaret hacmimizi kar\u015f\u0131l\u0131kl\u0131 olarak art\u0131r\u0131rken bunun dengeli bir \u015fekilde art\u0131r\u0131lmas\u0131 da en az o kadar de\u011ferli. \u00c7in ile ili\u015fkilerimiz sadece ticaret d\u00fczeyinde de\u011fil. \u0130ki \u00fclke aras\u0131nda kar\u015f\u0131l\u0131kl\u0131 olarak hem kendi \u00fclkelerimizde hem de \u00fc\u00e7\u00fcnc\u00fc \u00fclkelerde i\u015f birli\u011fi imkanlar\u0131 i\u00e7in \u00e7al\u0131\u015f\u0131yoruz. \u0130hracat\u0131m\u0131z\u0131 \u00e7e\u015fitlendirmenin yan\u0131 s\u0131ra \u00c7inli firmalar\u0131n \u00fclkemizde t\u00fcm sekt\u00f6rlerde \u00f6zellikle katma de\u011feri y\u00fcksek alanlarda daha \u00e7ok yat\u0131r\u0131m yapmalar\u0131n\u0131 arzu etti\u011fimizi her f\u0131rsatta yineliyoruz. T\u00fcrk ve \u00c7inli \u015firketler aras\u0131nda kurulacak ortakl\u0131klar\u0131n da bu geli\u015fime ivme kazand\u0131raca\u011f\u0131n\u0131 d\u00fc\u015f\u00fcn\u00fcyoruz\u2019\u2019 ifadelerini kulland\u0131.<\/span><\/p>\n","protected":false},"excerpt":{"rendered":"<p>D\u0131\u015f Ekonomik \u0130li\u015fkiler Kurulu (DE\u0130K) ve \u00c7in Uluslararas\u0131 Ticareti Destekleme Konseyi (CCPIT) i\u015f birli\u011fiyle ger\u00e7ekle\u015ftirilen T\u00fcrkiye-\u00c7in \u0130\u015f Konferans\u0131\u2019nda, iki \u00fclke<\/p>\n","protected":false},"author":3,"featured_media":12064,"comment_status":"open","ping_status":"open","sticky":false,"template":"","format":"standard","meta":{"colormag_page_container_layout":"default_layout","colormag_page_sidebar_layout":"default_layout","footnotes":""},"categories":[3,1,5],"tags":[],"class_list":["post-12062","post","type-post","status-publish","format-standard","has-post-thumbnail","hentry","category-ekonomi","category-genel","category-gundem"],"_links":{"self":[{"href":"https:\/\/marmarayerelhizmet.com\/index.php\/wp-json\/wp\/v2\/posts\/12062","targetHints":{"allow":["GET"]}}],"collection":[{"href":"https:\/\/marmarayerelhizmet.com\/index.php\/wp-json\/wp\/v2\/posts"}],"about":[{"href":"https:\/\/marmarayerelhizmet.com\/index.php\/wp-json\/wp\/v2\/types\/post"}],"author":[{"embeddable":true,"href":"https:\/\/marmarayerelhizmet.com\/index.php\/wp-json\/wp\/v2\/users\/3"}],"replies":[{"embeddable":true,"href":"https:\/\/marmarayerelhizmet.com\/index.php\/wp-json\/wp\/v2\/comments?post=12062"}],"version-history":[{"count":0,"href":"https:\/\/marmarayerelhizmet.com\/index.php\/wp-json\/wp\/v2\/posts\/12062\/revisions"}],"wp:featuredmedia":[{"embeddable":true,"href":"https:\/\/marmarayerelhizmet.com\/index.php\/wp-json\/wp\/v2\/media\/12064"}],"wp:attachment":[{"href":"https:\/\/marmarayerelhizmet.com\/index.php\/wp-json\/wp\/v2\/media?parent=12062"}],"wp:term":[{"taxonomy":"category","embeddable":true,"href":"https:\/\/marmarayerelhizmet.com\/index.php\/wp-json\/wp\/v2\/categories?post=12062"},{"taxonomy":"post_tag","embeddable":true,"href":"https:\/\/marmarayerelhizmet.com\/index.php\/wp-json\/wp\/v2\/tags?post=12062"}],"curies":[{"name":"wp","href":"https:\/\/api.w.org\/{rel}","templated":true}]}}