{"id":12058,"date":"2023-07-11T13:18:48","date_gmt":"2023-07-11T10:18:48","guid":{"rendered":"https:\/\/marmarayerelhizmet.com\/?p=12058"},"modified":"2023-07-11T13:18:48","modified_gmt":"2023-07-11T10:18:48","slug":"ataturk-heykeli-onariliyor","status":"publish","type":"post","link":"https:\/\/marmarayerelhizmet.com\/index.php\/2023\/07\/11\/ataturk-heykeli-onariliyor\/","title":{"rendered":"Atat\u00fcrk Heykeli Onar\u0131l\u0131yor"},"content":{"rendered":"<p><strong><span style=\"font-family: arial, helvetica, sans-serif; font-size: 14px;\">Kocaeli&#8217;nin G\u00f6lc\u00fck il\u00e7esi De\u011firmendere \u00c7\u0131narl\u0131k meydan\u0131nda bulunan Atat\u00fcrk heykeli vatanda\u015flar\u0131n yaz\u0131 yazmas\u0131 ve mevsimsel sebeplerden zarar g\u00f6rd\u00fc. Kocaeli B\u00fcy\u00fck\u015fehir Belediyesi&#8217;nin uzman ekipleri heykeli asl\u0131na uygun bir \u015fekilde bak\u0131ma alacak.<br \/>\n<\/span><\/strong><br \/>\n<span style=\"font-family: arial, helvetica, sans-serif; font-size: 14px;\">Kocaeli&#8217;nin G\u00f6lc\u00fck il\u00e7esi De\u011firmendere \u00c7\u0131narl\u0131k meydan\u0131nda bulunan Atat\u00fcrk heykeli vatanda\u015flar\u0131n yaz\u0131 yazmas\u0131 ve mevsimsel sebeplerden zarar g\u00f6rd\u00fc. Bu kapsamda Atat\u00fcrk heykeli bak\u0131ma al\u0131nd\u0131. Mevsimsel \u015fartlar ve vatanda\u015flar\u0131n yaz\u0131 yazmas\u0131yla deforme olan heykel, Kocaeli B\u00fcy\u00fck\u015fehir Belediyesi Park ve Bah\u00e7eler Daire Ba\u015fkanl\u0131\u011f\u0131ndaki uzman ekipler taraf\u0131ndan asl\u0131na uygun bir \u015fekilde bak\u0131ma al\u0131nacak. 10 g\u00fcn s\u00fcrmesi beklenen \u00e7al\u0131\u015fmalar boyunca heykelin etraf\u0131 g\u00fcvenlik \u00f6nlemleri al\u0131narak kapat\u0131lacak. Yap\u0131lacak \u00e7al\u0131\u015fmalar kapsam\u0131nda uzman ekiplerce boya dolgu ve vernik i\u015flemleri uygulanacak.<\/span><br \/>\n<span style=\"font-family: arial, helvetica, sans-serif; font-size: 14px;\">Bak\u0131m \u00e7al\u0131\u015fmas\u0131 17 Temmuz Pazartesi g\u00fcn\u00fc ba\u015flayacak.<\/span><\/p>\n","protected":false},"excerpt":{"rendered":"<p>Kocaeli&#8217;nin G\u00f6lc\u00fck il\u00e7esi De\u011firmendere \u00c7\u0131narl\u0131k meydan\u0131nda bulunan Atat\u00fcrk heykeli vatanda\u015flar\u0131n yaz\u0131 yazmas\u0131 ve mevsimsel sebeplerden zarar g\u00f6rd\u00fc. Kocaeli B\u00fcy\u00fck\u015fehir Belediyesi&#8217;nin<\/p>\n","protected":false},"author":3,"featured_media":12060,"comment_status":"open","ping_status":"open","sticky":false,"template":"","format":"standard","meta":{"colormag_page_container_layout":"default_layout","colormag_page_sidebar_layout":"default_layout","footnotes":""},"categories":[1,5,8],"tags":[],"class_list":["post-12058","post","type-post","status-publish","format-standard","has-post-thumbnail","hentry","category-genel","category-gundem","category-siyaset"],"_links":{"self":[{"href":"https:\/\/marmarayerelhizmet.com\/index.php\/wp-json\/wp\/v2\/posts\/12058","targetHints":{"allow":["GET"]}}],"collection":[{"href":"https:\/\/marmarayerelhizmet.com\/index.php\/wp-json\/wp\/v2\/posts"}],"about":[{"href":"https:\/\/marmarayerelhizmet.com\/index.php\/wp-json\/wp\/v2\/types\/post"}],"author":[{"embeddable":true,"href":"https:\/\/marmarayerelhizmet.com\/index.php\/wp-json\/wp\/v2\/users\/3"}],"replies":[{"embeddable":true,"href":"https:\/\/marmarayerelhizmet.com\/index.php\/wp-json\/wp\/v2\/comments?post=12058"}],"version-history":[{"count":0,"href":"https:\/\/marmarayerelhizmet.com\/index.php\/wp-json\/wp\/v2\/posts\/12058\/revisions"}],"wp:featuredmedia":[{"embeddable":true,"href":"https:\/\/marmarayerelhizmet.com\/index.php\/wp-json\/wp\/v2\/media\/12060"}],"wp:attachment":[{"href":"https:\/\/marmarayerelhizmet.com\/index.php\/wp-json\/wp\/v2\/media?parent=12058"}],"wp:term":[{"taxonomy":"category","embeddable":true,"href":"https:\/\/marmarayerelhizmet.com\/index.php\/wp-json\/wp\/v2\/categories?post=12058"},{"taxonomy":"post_tag","embeddable":true,"href":"https:\/\/marmarayerelhizmet.com\/index.php\/wp-json\/wp\/v2\/tags?post=12058"}],"curies":[{"name":"wp","href":"https:\/\/api.w.org\/{rel}","templated":true}]}}