{"id":12056,"date":"2023-07-11T13:27:09","date_gmt":"2023-07-11T10:27:09","guid":{"rendered":"https:\/\/marmarayerelhizmet.com\/?p=12056"},"modified":"2023-07-11T13:27:09","modified_gmt":"2023-07-11T10:27:09","slug":"ozkan-ugur-icin-toren-duzenlendi","status":"publish","type":"post","link":"https:\/\/marmarayerelhizmet.com\/index.php\/2023\/07\/11\/ozkan-ugur-icin-toren-duzenlendi\/","title":{"rendered":"\u00d6zkan U\u011fur i\u00e7in T\u00f6ren D\u00fczenlendi"},"content":{"rendered":"<p><strong><span style=\"font-family: arial, helvetica, sans-serif; font-size: 14px;\">\u0130stanbul&#8217;da tedavi g\u00f6rd\u00fc\u011f\u00fc hastanede hayat\u0131n\u0131 kaybeden MF\u00d6 grubunun \u00fcyelerinden usta sanat\u00e7\u0131 \u00d6zkan U\u011fur i\u00e7in Atat\u00fcrk K\u00fclt\u00fcr Merkezi&#8217;nde t\u00f6ren d\u00fczenlendi. T\u00f6rende \u00d6zkan U\u011fur&#8217;un tabutunun ba\u015f\u0131na sanat hayat\u0131 boyunca yol arkada\u015f\u0131 olan gitarlar\u0131 konulurken, grubun di\u011fer iki \u00fcyesi Mazhar Alanson ve Fuat G\u00fcner duygusal bir konu\u015fma yapt\u0131.<br \/>\n<\/span><\/strong><br \/>\n<span style=\"font-family: arial, helvetica, sans-serif; font-size: 14px;\">69 ya\u015f\u0131nda hayata veda eden MF\u00d6 grubunun \u00fcyelerinden usta sanat\u00e7\u0131 \u00d6zkan U\u011fur son yolculu\u011funa u\u011furlan\u0131yor. Usta isim i\u00e7in Atat\u00fcrk K\u00fclt\u00fcr Merkezi&#8217;nde bir cenaze t\u00f6reni d\u00fczenlendi. T\u00f6ren ba\u015flamadan \u00f6nce U\u011fur&#8217;un tabutu sahneye getirildi. Usta ismin sanat hayat\u0131 boyuncu yol arkada\u015f\u0131 olan gitarlar\u0131 da tabutunun yan\u0131na konuldu. T\u00f6rene K\u00fclt\u00fcr ve Turizm Bakan\u0131 Mehmet Nuri Ersoy, \u0130stanbul B\u00fcy\u00fck\u015fehir Belediye Ba\u015fkan\u0131 Ekrem \u0130mamo\u011flu, Zafer Alag\u00f6z, \u00c7a\u011fla \u015eikel, Y\u0131lmaz Erdo\u011fan, Ozan G\u00fcven, Cem \u00d6zer, Cem Y\u0131lmaz, \u00d6m\u00fcr Gedik, Kenan Atak, Metin \u00d6z\u00fclk\u00fc ve \u00e7ok say\u0131da sanat\u00e7\u0131 kat\u0131ld\u0131. T\u00f6rende \u00d6zkan U\u011fur&#8217;la ilgili bir film de g\u00f6sterildi. Salonda sanat\u00e7\u0131lar\u0131n g\u00f6zya\u015flar\u0131n\u0131 tutamad\u0131klar\u0131 g\u00f6r\u00fcld\u00fc. Film g\u00f6steriminin ard\u0131ndan \u00d6zkan U\u011fur dakikalarca ayakta alk\u0131\u015fland\u0131.<\/span><br \/>\n<span style=\"font-family: arial, helvetica, sans-serif; font-size: 14px;\">T\u00f6rende konu\u015fan K\u00fclt\u00fcr ve Turizm Bakan\u0131 Mehmet Nuri Ersoy, \u201cT\u00fcrk m\u00fczi\u011finin bir efsanesini sonsuz aleme bug\u00fcn hep birlikte u\u011furluyoruz. M\u00fczi\u011finden, ekranda ve sinema perdesinde bizi hayran b\u0131rakan do\u011fall\u0131\u011f\u0131ndan, ki\u015fili\u011finden nereden ba\u015flarsak ba\u015flayal\u0131m sonu gelmez. Ama inan\u0131yorum ki MF\u00d6 hepimizin duygu d\u00fcnyas\u0131nda \u00e7ok ayr\u0131 bir yer edindi. MF\u00d6 sadece \u00fc\u00e7 harften olu\u015fan ama her duyguyu anlatmaya yeten koca bir alfabeydi bizim m\u00fczi\u011fimizde. Dolay\u0131s\u0131yla \u00d6zkan U\u011fur\u2019un vefat\u0131 her s\u00f6zde her duyguda bundan sonra bir eksiklik b\u0131rakacak. M\u00fczi\u011finin derinli\u011fini bu veda an\u0131nda ancak bu \u015fekilde anlatabilirim diye d\u00fc\u015f\u00fcnd\u00fcm. \u00dc\u00e7 kez kanseri yendi ama \u00e7ok yoruldu. O yorgunluk bug\u00fcn aram\u0131zdan onu ald\u0131. Hepimizin i\u00e7i ac\u0131yor. Onun ad\u0131n\u0131 duydu\u011fumuzda g\u00f6z\u00fcm\u00fcn \u00f6n\u00fcne daima g\u00fcl\u00fcmseyen simas\u0131 geliyor. Dolay\u0131s\u0131yla \u00d6zkan U\u011fur\u2019un hat\u0131ras\u0131 da, sanat\u0131 da hep o g\u00fcl\u00fcmseyen, g\u00fcl\u00fcmseten \u00e7ehresiyle an\u0131lar\u0131m\u0131zda ya\u015fataca\u011f\u0131z. Sanat\u00e7\u0131 \u00e7ok a\u011f\u0131r bir unvand\u0131r. Onu hakk\u0131yla ta\u015f\u0131ya bilen insanlar\u0131 anlatmak o insanlara veda etmek \u00e7ok ama \u00e7ok zor. \u0130yi ki vard\u0131n iyi ki bir sanat\u00e7\u0131 oldun ve bizlerin hayatlar\u0131na dokundun. Sana Allah\u2019tan rahmet diliyorum b\u00fcy\u00fck usta kabrin nur mekan\u0131n cennet ruhun \u015fad olsun. Ba\u015fta U\u011fur ailesi olmak \u00fczere de\u011ferli sanat\u00e7\u0131lar\u0131m\u0131za sab\u0131rlar diliyorum hepimizin ba\u015f\u0131 sa\u011f olsun\u201d dedi.<\/span><\/p>\n<p><strong><span style=\"font-family: arial, helvetica, sans-serif; font-size: 14px;\">Mazhar Alanson ve Fuat G\u00fcner&#8217;den duygusal konu\u015fma<\/span><\/strong><br \/>\n<span style=\"font-family: arial, helvetica, sans-serif; font-size: 14px;\">Ard\u0131ndan sahneye \u00e7\u0131kan grubun di\u011fer iki \u00fcyesi Mazhar Alanson ve Fuat G\u00fcner duygusal bir konu\u015fma yapt\u0131. Fuat G\u00fcner, &#8220;Bizim i\u00e7in \u00d6zkan 52 y\u0131ld\u0131r dostum i\u015f orta\u011f\u0131m\u0131z. Manevi karde\u015fimiz ve hi\u00e7 bir s\u00f6z ve hi\u00e7 bir g\u00f6zya\u015f\u0131 onun ac\u0131s\u0131n\u0131 i\u00e7imizden att\u0131ramaz. \u00d6zkan&#8217;\u0131n yeniden bulu\u015fmak \u00fczere ho\u015f\u00e7akal&#8221; dedi.<\/span><br \/>\n<span style=\"font-family: arial, helvetica, sans-serif; font-size: 14px;\">\u00d6zkan U\u011fur&#8217;a &#8220;Ele g\u00fcne kar\u015f\u0131 yapayaln\u0131z&#8221; \u015fark\u0131s\u0131n\u0131n s\u00f6zleriyle seslenen Mazhar Alanson, &#8220;Sevgili \u00d6zkan \u015fu anda burada oldu\u011funu biliyorum. Zaten g\u00f6n\u00fcllerimizde her zaman kalacak. 3 g\u00fcnd\u00fcr darmada\u011f\u0131n\u0131\u011f\u0131z. E\u015fi ve o\u011fluna ba\u015fsa\u011fl\u0131\u011f\u0131 diliyorum. \u00d6zkan&#8217;\u0131n yetene\u011fi ba\u015far\u0131s\u0131 tart\u0131\u015f\u0131lmaz. Bunu herkes biliyor. \u00d6zkan bu kadar sevildi\u011fini biliyordun ama bu kadar \u00e7ok sevildi\u011fini herhalde sen de bilmiyordun. Me\u011fer b\u00fct\u00fcn T\u00fcrkiye seni severmi\u015f. \u00d6zkan &#8216;ele g\u00fcne kar\u015f\u0131 yapayaln\u0131z, b\u00f6yle de olmaz ki nas\u0131l gittin de insafs\u0131z b\u00f6yle de yap\u0131lmaz k'&#8221; dedi. Mazhar Alanson ve \u00d6zkan U\u011fur&#8217;un konu\u015fmas\u0131n\u0131n ard\u0131ndan salondakiler onlar\u0131 alk\u0131\u015f ya\u011fmuruna tuttu.<\/span><\/p>\n<p><strong><span style=\"font-family: arial, helvetica, sans-serif; font-size: 14px;\">Ali\u015fan U\u011fur sahnede g\u00f6zya\u015flar\u0131na hakim olamad\u0131<\/span><\/strong><br \/>\n<span style=\"font-family: arial, helvetica, sans-serif; font-size: 14px;\">Annesi ile sahneye \u00e7\u0131k\u0131p babas\u0131n\u0131 a\u011flayarak anlatan Ali\u015fan U\u011fur, \u201c\u00d6zkan U\u011fur annemim 41 y\u0131ll\u0131k a\u015fk\u0131, hayat arkada\u015f\u0131 ve benim sevgili babam. \u015eimdi g\u00f6r\u00fcyoruz ki o \u00e7ocuk, gen\u00e7, ya\u015fl\u0131 her g\u00f6r\u00fc\u015f\u00fcn her kesimin ve her tak\u0131m\u0131n bizim tahminlerimizin \u00fcst\u00fcnde kat ve kat sevgilisiymi\u015f. Babam kim oldu\u011funa hi\u00e7 bakmadan t\u00fcm \u00e7evresine sa\u00e7t\u0131\u011f\u0131 iyili\u011fi, ne\u015fesi, naifli\u011fi, \u00e7al\u0131\u015fkanl\u0131\u011f\u0131 ve yetene\u011fiyle gelmi\u015f ge\u00e7mi\u015f \u00e7ok nadir insanlardan biriydi. Herkesin birbiriyle iyi olmas\u0131n\u0131 ister, k\u00fcsleri bar\u0131\u015ft\u0131r\u0131r hi\u00e7 kimsenin arkas\u0131ndan asla ama asla konu\u015fmazd\u0131. Babam adeta bu d\u00fcnyaya sanat\u00e7\u0131 olsun diye \u0131\u015f\u0131nlanm\u0131\u015f bir yetenekti. Babam\u0131n \u00e7ok sevdi\u011fi MF\u00d6\u2019s\u00fc ile birlikte T\u00fcrkiye\u2019nin m\u00fczik tarihine vurduklar\u0131 damga nesiller boyu kal\u0131c\u0131 olacakt\u0131r. Hayat\u0131n\u0131 son y\u0131llarda ilerleyen hastal\u0131\u011f\u0131na ra\u011fmen doyas\u0131ya ya\u015fad\u0131. E\u011flenmeye ve e\u011flendirmeye devam etti. Hastal\u0131\u011f\u0131n\u0131n son zamanlar\u0131nda bile y\u00fcz\u00fcnden g\u00fcl\u00fcmseme eksik olmad\u0131. Ailesi olarak derin \u00fcz\u00fcnt\u00fcm\u00fcz\u00fc anlatmaya kelimeler yetmez. Zaman bizim i\u00e7in durdu. Bo\u015flukta s\u00fcr\u00fckleniyoruz adeta. Nur i\u00e7inde yat can\u0131m\u0131z\u0131n i\u00e7i\u201d diye konu\u015ftu.<\/span><br \/>\n<span style=\"font-family: arial, helvetica, sans-serif; font-size: 14px;\">O\u011flunun konu\u015fmas\u0131n\u0131n sonunda \u00d6zkan U\u011fur\u2019un e\u015fi Aysun Aslan herkesi bir dakikal\u0131k sayg\u0131 duru\u015funa davet etti. Aslan&#8217;\u0131n daveti \u00fczerine salondakiler, U\u011fur i\u00e7in 1 dakikal\u0131k sayg\u0131 duru\u015funda bulundu.<\/span><\/p>\n<p><strong><span style=\"font-family: arial, helvetica, sans-serif; font-size: 14px;\">\u201cSan\u0131r\u0131m onu sevmeyen bir ki\u015fi bile yoktur\u201d<\/span><\/strong><br \/>\n<span style=\"font-family: arial, helvetica, sans-serif; font-size: 14px;\">T\u00f6renden \u00f6nce bas\u0131n mensuplar\u0131na konu\u015fan sanat\u00e7\u0131lar ise \u00d6zkan U\u011fur&#8217;u anlatt\u0131.<\/span><br \/>\n<span style=\"font-family: arial, helvetica, sans-serif; font-size: 14px;\">Cem \u00d6zer, \u201c\u00d6zkan, \u00e7ok sevdi\u011fim, de\u011ferli bir insand\u0131. Zaman zaman birlikte de bir \u015feyler yapt\u0131k. Etraf\u0131na ne\u015fe kayna\u011f\u0131yd\u0131. San\u0131r\u0131m onu sevmeyen bir ki\u015fi bile yoktur. Gitmesine \u00e7ok \u00fcz\u00fcld\u00fcm\u201d dedi.<\/span><\/p>\n<p><strong><span style=\"font-family: arial, helvetica, sans-serif; font-size: 14px;\">\u201cM\u00fcthi\u015f pozitif enerji veren biriydi\u201d<\/span><\/strong><br \/>\n<span style=\"font-family: arial, helvetica, sans-serif; font-size: 14px;\">\u00d6m\u00fcr Gedik, \u201c\u00c7ok \u00f6nemli, \u00e7ok de\u011ferli bir insand\u0131. Gerek Mazhar, Fuat, \u00d6zkan sahnelerinden gerek ise oynad\u0131\u011f\u0131 dizilere, filmlere, setlere m\u00fcthi\u015f pozitif enerji veren biriydi. T\u00fcrkiye\u2019de onu tan\u0131yan tan\u0131mayan herkesin \u00e7ok sevdi\u011fi, g\u00f6n\u00fclden sevdi\u011fi biriydi. Ben onu unutaca\u011f\u0131m\u0131z\u0131 ve ya\u015fatmayaca\u011f\u0131m\u0131z\u0131 hi\u00e7 d\u00fc\u015f\u00fcnm\u00fcyorum. Mazhar ve Fuat\u2019a Allah uzun \u00f6m\u00fcr versin. Onlar\u0131n sahnelerinde ben \u00d6zkan\u2019\u0131 da g\u00f6rmeye devam edece\u011fim\u201d diye konu\u015ftu.<\/span><\/p>\n<p><strong><span style=\"font-family: arial, helvetica, sans-serif; font-size: 14px;\">\u201cHer zaman g\u00fclerdi, her zaman e\u011flenceliydi\u201d<\/span><\/strong><br \/>\n<span style=\"font-family: arial, helvetica, sans-serif; font-size: 14px;\">Kenan Atak, \u201cBize hem bir a\u011fabey, hem bir hoca, hem bir oyuncu, bir sanat\u00e7\u0131, besteci olarak inan\u0131lmaz de\u011ferler katt\u0131. Her zaman g\u00fclerdi, her zaman e\u011flenceliydi. Mekan\u0131 cennet olsun. Bu de\u011ferlerin de T\u00fcrkiye i\u00e7in sonsuza kadar devam edece\u011fine inan\u0131yorum\u201d \u015feklinde konu\u015ftu.<\/span><\/p>\n<p><strong><span style=\"font-family: arial, helvetica, sans-serif; font-size: 14px;\">\u201cHerkes onun hakk\u0131nda \u00e7ok g\u00fczel \u015feyler s\u00f6yl\u00fcyor\u201d<\/span><\/strong><br \/>\n<span style=\"font-family: arial, helvetica, sans-serif; font-size: 14px;\">Metin \u00d6z\u00fclk\u00fc, \u201cBen onu 8 ya\u015f\u0131mdan beri tan\u0131yorum. A\u011fabeyimin s\u0131n\u0131f arkada\u015f\u0131yd\u0131. Bizim yapt\u0131\u011f\u0131m\u0131z t\u00fcm i\u015flerde parma\u011f\u0131 var, izi var. 90\u2019lardaki alb\u00fcmlerde, hepsinde vokalleri var. En son bir bu\u00e7uk ay \u00f6nce konu\u015fmu\u015ftum onunla ve radyo program\u0131na davet etmi\u015ftim. Bana, \u201cMetin biraz k\u00f6t\u00fcy\u00fcm bu aralar. \u015eu s\u00fcreci atlatay\u0131m, s\u00f6z gelece\u011fim\u201d dedi ama atlatamad\u0131. Hepimiz \u00e7ok \u00fczg\u00fcn\u00fcz. T\u00fcrkiye\u2019nin \u00e7ok \u00f6nemli bir de\u011feri. Bu da arkas\u0131ndan ispat\u0131 oldu, g\u00f6r\u00fcyorum. Herkes onun hakk\u0131nda \u00e7ok g\u00fczel \u015feyler s\u00f6yl\u00fcyor. Hi\u00e7bir k\u00f6t\u00fc \u015feye rastlamad\u0131m \u015fimdiye kadar. O y\u00fczden onu tan\u0131d\u0131\u011f\u0131m i\u00e7in gurur duyuyor ve kendimi \u00e7ok mutlu hissediyorum\u201d ifadelerini kulland\u0131. \u00d6zkan U\u011fur, Taksim Camii\u2019nde k\u0131l\u0131nacak cenaze namaz\u0131n\u0131n ar\u0131ndan ard\u0131ndan Karacaahmet Mezarl\u0131\u011f\u0131\u2019na defnedilecek.<\/span><\/p>\n","protected":false},"excerpt":{"rendered":"<p>\u0130stanbul&#8217;da tedavi g\u00f6rd\u00fc\u011f\u00fc hastanede hayat\u0131n\u0131 kaybeden MF\u00d6 grubunun \u00fcyelerinden usta sanat\u00e7\u0131 \u00d6zkan U\u011fur i\u00e7in Atat\u00fcrk K\u00fclt\u00fcr Merkezi&#8217;nde t\u00f6ren d\u00fczenlendi. T\u00f6rende<\/p>\n","protected":false},"author":3,"featured_media":12066,"comment_status":"open","ping_status":"open","sticky":false,"template":"","format":"standard","meta":{"colormag_page_container_layout":"default_layout","colormag_page_sidebar_layout":"default_layout","footnotes":""},"categories":[1,5,6],"tags":[],"class_list":["post-12056","post","type-post","status-publish","format-standard","has-post-thumbnail","hentry","category-genel","category-gundem","category-kultur-sanat"],"_links":{"self":[{"href":"https:\/\/marmarayerelhizmet.com\/index.php\/wp-json\/wp\/v2\/posts\/12056","targetHints":{"allow":["GET"]}}],"collection":[{"href":"https:\/\/marmarayerelhizmet.com\/index.php\/wp-json\/wp\/v2\/posts"}],"about":[{"href":"https:\/\/marmarayerelhizmet.com\/index.php\/wp-json\/wp\/v2\/types\/post"}],"author":[{"embeddable":true,"href":"https:\/\/marmarayerelhizmet.com\/index.php\/wp-json\/wp\/v2\/users\/3"}],"replies":[{"embeddable":true,"href":"https:\/\/marmarayerelhizmet.com\/index.php\/wp-json\/wp\/v2\/comments?post=12056"}],"version-history":[{"count":0,"href":"https:\/\/marmarayerelhizmet.com\/index.php\/wp-json\/wp\/v2\/posts\/12056\/revisions"}],"wp:featuredmedia":[{"embeddable":true,"href":"https:\/\/marmarayerelhizmet.com\/index.php\/wp-json\/wp\/v2\/media\/12066"}],"wp:attachment":[{"href":"https:\/\/marmarayerelhizmet.com\/index.php\/wp-json\/wp\/v2\/media?parent=12056"}],"wp:term":[{"taxonomy":"category","embeddable":true,"href":"https:\/\/marmarayerelhizmet.com\/index.php\/wp-json\/wp\/v2\/categories?post=12056"},{"taxonomy":"post_tag","embeddable":true,"href":"https:\/\/marmarayerelhizmet.com\/index.php\/wp-json\/wp\/v2\/tags?post=12056"}],"curies":[{"name":"wp","href":"https:\/\/api.w.org\/{rel}","templated":true}]}}