{"id":12052,"date":"2023-07-11T12:31:04","date_gmt":"2023-07-11T09:31:04","guid":{"rendered":"https:\/\/marmarayerelhizmet.com\/?p=12052"},"modified":"2023-07-11T12:31:04","modified_gmt":"2023-07-11T09:31:04","slug":"tbmmde-sindirgi-ruzgari","status":"publish","type":"post","link":"https:\/\/marmarayerelhizmet.com\/index.php\/2023\/07\/11\/tbmmde-sindirgi-ruzgari\/","title":{"rendered":"TBMM&#8217;de S\u0131nd\u0131rg\u0131 R\u00fczgar\u0131"},"content":{"rendered":"<p><strong><span style=\"font-family: arial, helvetica, sans-serif; font-size: 14px;\">T\u00fcrkiye&#8217;nin do\u011fal hediyecisi konumuna gelen S\u0131nd\u0131rg\u0131&#8217;n\u0131n do\u011fal \u00fcr\u00fcnlerinden olu\u015fan hediye sepetleri, TBMM&#8217;de Cumhur \u0130ttifak\u0131 milletvekillerine hediye edildi. S\u0131nd\u0131rg\u0131 Belediye Ba\u015fkan\u0131 Ekrem Yava\u015f beraberindeki heyetle birlikte Bal\u0131kesir milletvekilleri ba\u015fta olmak \u00fczere, milletvekilleri, bakanl\u0131klara hay\u0131rl\u0131 olsun ziyaretinde bulundu.<br \/>\n<\/span><\/strong><br \/>\n<span style=\"font-family: arial, helvetica, sans-serif; font-size: 14px;\">S\u0131f\u0131r at\u0131k projesi dahilinde at\u0131k gazetelerle kad\u0131nlar taraf\u0131ndan \u00fcretilen sepet i\u00e7erisinde, Y\u00f6r\u00fck bebe\u011fi anahtarl\u0131k, kolonya, S\u0131nd\u0131rg\u0131\u2019dan d\u00fcnyaya a\u00e7\u0131lan lezzet kurutulmu\u015f meyve \u00fcr\u00fcnleri yer ald\u0131. \u0130l\u00e7enin ve \u00fcretilen de\u011ferlerin tan\u0131t\u0131m\u0131 i\u00e7in T\u00fcrkiye Belediyeler Birli\u011fi destekleri ile ger\u00e7ekle\u015ftirilen ziyarette S\u0131nd\u0131rg\u0131 Belediye ba\u015fkan\u0131 Ekrem Yava\u015f, AK Parti \u0130l\u00e7e Ba\u015fkan\u0131 M. Cemil Atla, MHP \u0130l\u00e7e Ba\u015fkan\u0131 \u0130smail Tav\u015fano\u011flu ile birlikte milletvekillerine hediyeleri ula\u015ft\u0131rd\u0131. S\u0131nd\u0131rg\u0131&#8217;n\u0131n tan\u0131t\u0131m\u0131n\u0131n da ger\u00e7ekle\u015ftirildi\u011fi ziyarette, yap\u0131lmas\u0131 planlanan i\u015flerle ilgili isti\u015farede bulunuldu.<\/span><\/p>\n<p><strong><span style=\"font-family: arial, helvetica, sans-serif; font-size: 14px;\">Ula\u015f\u0131mda yeni d\u00f6nem<\/span><\/strong><br \/>\n<span style=\"font-family: arial, helvetica, sans-serif; font-size: 14px;\">S\u0131nd\u0131rg\u0131 Belediye Ba\u015fkan\u0131 Ekrem Yava\u015f,\u00a0 AK Parti \u0130l Ba\u015fkan\u0131 Ekrem Ba\u015faran, Bal\u0131kesir milletvekilleri, Cumhur \u0130ttifak\u0131 il\u00e7e ba\u015fkanlar\u0131 ile birlikte Ula\u015ft\u0131rma ve Altyap\u0131 Bakan\u0131 Abdulkadir Uralo\u011flu\u2019na da hay\u0131rl\u0131 olsun ziyaretinde bulundu. Devam eden S\u0131nd\u0131rg\u0131 Akhisar Karayolu, yap\u0131lmas\u0131 planlanan Simav yolu ve di\u011fer projeler hakk\u0131nda isti\u015farede bulunuldu.<\/span><br \/>\n<span style=\"font-family: arial, helvetica, sans-serif; font-size: 14px;\">Heyet ayr\u0131ca, K\u00fclt\u00fcr ve Turizm Bakan Yard\u0131mc\u0131s\u0131 Nadir Alpaslan, T\u00fcrkiye Geleneksel Atl\u0131 Sporlar Federasyon Ba\u015fkan\u0131 Z\u00fcbeyir Bekiro\u011flu&#8217;nu da makam\u0131nda ziyaret etti.<\/span><br \/>\n<span style=\"font-family: arial, helvetica, sans-serif; font-size: 14px;\">T\u00fcrkiye B\u00fcy\u00fck Millet Meclisi\u2019nde do\u011fal \u015fehir S\u0131nd\u0131rg\u0131 r\u00fczgar\u0131 esti\u011fini ve merak edilen bir il\u00e7e olduklar\u0131n\u0131 belirten S\u0131nd\u0131rg\u0131 Belediye Ba\u015fkan\u0131 Ekrem Yava\u015f, \u201cS\u0131nd\u0131rg\u0131 Bereket Versin Kad\u0131n kooperatifinin \u00fcretti\u011fi gazete ka\u011f\u0131d\u0131ndan s\u0131f\u0131r at\u0131k \u00fcr\u00fcnleri ve jeotermal ile kurutulan meyve kurular\u0131, Kertil \u00c7am Kolonyas\u0131, lavanta kesesi ve anahtarl\u0131ktan olu\u015fan sepetimizi 28. d\u00f6nem milletvekillerine hediye olarak takdim ettik. Milletvekillerimiz gerek ziyaret esnas\u0131nda, gerekse telefonla d\u00f6nerek S\u0131nd\u0131rg\u0131\u2019n\u0131n do\u011fal hediyeleri i\u00e7in te\u015fekk\u00fcrlerini, hediyeleri haz\u0131rlayan maharetli kad\u0131nlar\u0131m\u0131za selamlar\u0131n\u0131 ilettiler. \u015eehrimizi tan\u0131tmak ad\u0131na g\u00fczel organize yapm\u0131\u015f olduk. Bu organize i\u00e7in T\u00fcrkiye Belediyeler Birli\u011fi\u2019ne, meclis idare amirli\u011fine, Bal\u0131kesir milletvekillerimize te\u015fekk\u00fcr ederim\u201d dedi.<\/span><\/p>\n","protected":false},"excerpt":{"rendered":"<p>T\u00fcrkiye&#8217;nin do\u011fal hediyecisi konumuna gelen S\u0131nd\u0131rg\u0131&#8217;n\u0131n do\u011fal \u00fcr\u00fcnlerinden olu\u015fan hediye sepetleri, TBMM&#8217;de Cumhur \u0130ttifak\u0131 milletvekillerine hediye edildi. S\u0131nd\u0131rg\u0131 Belediye Ba\u015fkan\u0131<\/p>\n","protected":false},"author":3,"featured_media":12054,"comment_status":"open","ping_status":"open","sticky":false,"template":"","format":"standard","meta":{"colormag_page_container_layout":"default_layout","colormag_page_sidebar_layout":"default_layout","footnotes":""},"categories":[1,5,8],"tags":[],"class_list":["post-12052","post","type-post","status-publish","format-standard","has-post-thumbnail","hentry","category-genel","category-gundem","category-siyaset"],"_links":{"self":[{"href":"https:\/\/marmarayerelhizmet.com\/index.php\/wp-json\/wp\/v2\/posts\/12052","targetHints":{"allow":["GET"]}}],"collection":[{"href":"https:\/\/marmarayerelhizmet.com\/index.php\/wp-json\/wp\/v2\/posts"}],"about":[{"href":"https:\/\/marmarayerelhizmet.com\/index.php\/wp-json\/wp\/v2\/types\/post"}],"author":[{"embeddable":true,"href":"https:\/\/marmarayerelhizmet.com\/index.php\/wp-json\/wp\/v2\/users\/3"}],"replies":[{"embeddable":true,"href":"https:\/\/marmarayerelhizmet.com\/index.php\/wp-json\/wp\/v2\/comments?post=12052"}],"version-history":[{"count":0,"href":"https:\/\/marmarayerelhizmet.com\/index.php\/wp-json\/wp\/v2\/posts\/12052\/revisions"}],"wp:featuredmedia":[{"embeddable":true,"href":"https:\/\/marmarayerelhizmet.com\/index.php\/wp-json\/wp\/v2\/media\/12054"}],"wp:attachment":[{"href":"https:\/\/marmarayerelhizmet.com\/index.php\/wp-json\/wp\/v2\/media?parent=12052"}],"wp:term":[{"taxonomy":"category","embeddable":true,"href":"https:\/\/marmarayerelhizmet.com\/index.php\/wp-json\/wp\/v2\/categories?post=12052"},{"taxonomy":"post_tag","embeddable":true,"href":"https:\/\/marmarayerelhizmet.com\/index.php\/wp-json\/wp\/v2\/tags?post=12052"}],"curies":[{"name":"wp","href":"https:\/\/api.w.org\/{rel}","templated":true}]}}