{"id":12044,"date":"2023-07-11T00:20:31","date_gmt":"2023-07-10T21:20:31","guid":{"rendered":"https:\/\/marmarayerelhizmet.com\/?p=12044"},"modified":"2023-07-11T00:20:31","modified_gmt":"2023-07-10T21:20:31","slug":"30-eylule-kadar-giris-yasak","status":"publish","type":"post","link":"https:\/\/marmarayerelhizmet.com\/index.php\/2023\/07\/11\/30-eylule-kadar-giris-yasak\/","title":{"rendered":"30 Eyl\u00fcl&#8217;e Kadar Giri\u015f Yasak"},"content":{"rendered":"<p><strong><span style=\"font-family: arial, helvetica, sans-serif; font-size: 14px;\">Bal\u0131kesir Valili\u011fi, orman yang\u0131nlar\u0131na kar\u015f\u0131 \u00f6nlem olarak 30 Eyl\u00fcl tarihine kadar ormanlara giri\u015flerin ve tarla ve bah\u00e7elerde ot temizli\u011fi i\u00e7in ate\u015f yak\u0131lmas\u0131n\u0131n yasakland\u0131\u011f\u0131n\u0131 a\u00e7\u0131klad\u0131.<br \/>\n<\/span><\/strong><br \/>\n<span style=\"font-family: arial, helvetica, sans-serif; font-size: 14px;\">Bal\u0131kesir Valili\u011fi, hava s\u0131cakl\u0131klar\u0131n\u0131n y\u00fckselmesi ile birlikte artan orman yang\u0131n\u0131 riskine kar\u015f\u0131 vatanda\u015flara dikkatli olunmas\u0131 uyar\u0131s\u0131nda bulundu. Valilikten yap\u0131lan a\u00e7\u0131klamada, pek \u00e7ok orman yang\u0131n\u0131n\u0131n dikkatsizlik ve tedbirsizlik sonucunda \u00e7\u0131kt\u0131\u011f\u0131na dikkat \u00e7ekilerek, yaz aylar\u0131nda b\u00fct\u00fcn arazilerde ve \u00f6zel m\u00fclkiyete tabi bah\u00e7elerde kesinlikle ate\u015ften uzak durulmas\u0131 gerekti\u011fi bildirildi. Ayr\u0131ca bah\u00e7e ve tarla temizli\u011fi amac\u0131yla ate\u015f yak\u0131lmas\u0131, an\u0131z yak\u0131lmas\u0131, piknik esnas\u0131nda ate\u015f yak\u0131lmas\u0131 gibi davran\u0131\u015flar\u0131n yang\u0131na sebebiyet vermesiyle k\u00fc\u00e7\u00fck k\u0131v\u0131lc\u0131mlar\u0131n b\u00fcy\u00fck ormanlar\u0131n yok olmas\u0131na yol a\u00e7t\u0131\u011f\u0131 hat\u0131rlat\u0131ld\u0131.<\/span><\/p>\n<p><strong><span style=\"font-family: arial, helvetica, sans-serif; font-size: 14px;\">Kurallara uymayanlara idari ve adli i\u015flem yap\u0131lacak<\/span><\/strong><br \/>\n<span style=\"font-family: arial, helvetica, sans-serif; font-size: 14px;\">A\u00e7\u0131klamada yak\u0131n zaman \u00f6nce al\u0131nan kararla 24 Haziran&#8217;dan 30 Eyl\u00fcl tarihine kadar ormanlara giri\u015f ve \u00e7\u0131k\u0131\u015flar ile orman alanlar\u0131nda ve \u00e7evresinde her ne suretle olursa olsun ate\u015f yak\u0131lmas\u0131n\u0131n yasakland\u0131\u011f\u0131, bu kurala uymayanlar hakk\u0131nda ise idari ve adli i\u015flem yap\u0131ld\u0131\u011f\u0131na dikkat \u00e7ekildi. Ormanlara sahip \u00e7\u0131k\u0131lmas\u0131 hususunda vatanda\u015flardan hassasiyet bekledi\u011fini ifade eden Vali Hasan \u015e\u0131ldak, ye\u015fil vatan\u0131 korumak i\u00e7in kurallara uyulmas\u0131 vurgusu yapt\u0131. Vali \u015e\u0131ldak, &#8220;Vatanda\u015flar\u0131n bu konuda daha net \u015fekilde uyar\u0131lmas\u0131 amac\u0131yla 11 Temmuz 2023 tarihinden itibaren saat 11 ve 16&#8217;da olmak \u00fczere g\u00fcnde iki kez belediye ses yay\u0131n sistemlerinden uyar\u0131 yap\u0131lacak. Ayr\u0131ca her hafta cuma hutbesinin sonunda camilerde duyuru yap\u0131lacak. K\u0131rsal mahallelerde ise jandarma ekipleri taraf\u0131ndan ara\u00e7 ses sistemlerinden yap\u0131lacak duyuru ile ormanlar\u0131m\u0131z\u0131 korumak i\u00e7in t\u00fcm kurumlar\u0131m\u0131zla seferberlik ilan ettik diyebiliriz. Ormanlar\u0131m\u0131z\u0131n korunmas\u0131 ve yang\u0131nlar\u0131n \u00f6nlenmesi konusunda b\u00fct\u00fcn vatanda\u015flar\u0131m\u0131zdan duyarl\u0131l\u0131k bekliyoruz. L\u00fctfen kurallara uyal\u0131m, ormanlar\u0131m\u0131za sahip \u00e7\u0131kal\u0131m&#8221; dedi.<\/span><\/p>\n","protected":false},"excerpt":{"rendered":"<p>Bal\u0131kesir Valili\u011fi, orman yang\u0131nlar\u0131na kar\u015f\u0131 \u00f6nlem olarak 30 Eyl\u00fcl tarihine kadar ormanlara giri\u015flerin ve tarla ve bah\u00e7elerde ot temizli\u011fi i\u00e7in<\/p>\n","protected":false},"author":3,"featured_media":12046,"comment_status":"open","ping_status":"open","sticky":false,"template":"","format":"standard","meta":{"colormag_page_container_layout":"default_layout","colormag_page_sidebar_layout":"default_layout","footnotes":""},"categories":[1,5,8],"tags":[],"class_list":["post-12044","post","type-post","status-publish","format-standard","has-post-thumbnail","hentry","category-genel","category-gundem","category-siyaset"],"_links":{"self":[{"href":"https:\/\/marmarayerelhizmet.com\/index.php\/wp-json\/wp\/v2\/posts\/12044","targetHints":{"allow":["GET"]}}],"collection":[{"href":"https:\/\/marmarayerelhizmet.com\/index.php\/wp-json\/wp\/v2\/posts"}],"about":[{"href":"https:\/\/marmarayerelhizmet.com\/index.php\/wp-json\/wp\/v2\/types\/post"}],"author":[{"embeddable":true,"href":"https:\/\/marmarayerelhizmet.com\/index.php\/wp-json\/wp\/v2\/users\/3"}],"replies":[{"embeddable":true,"href":"https:\/\/marmarayerelhizmet.com\/index.php\/wp-json\/wp\/v2\/comments?post=12044"}],"version-history":[{"count":0,"href":"https:\/\/marmarayerelhizmet.com\/index.php\/wp-json\/wp\/v2\/posts\/12044\/revisions"}],"wp:featuredmedia":[{"embeddable":true,"href":"https:\/\/marmarayerelhizmet.com\/index.php\/wp-json\/wp\/v2\/media\/12046"}],"wp:attachment":[{"href":"https:\/\/marmarayerelhizmet.com\/index.php\/wp-json\/wp\/v2\/media?parent=12044"}],"wp:term":[{"taxonomy":"category","embeddable":true,"href":"https:\/\/marmarayerelhizmet.com\/index.php\/wp-json\/wp\/v2\/categories?post=12044"},{"taxonomy":"post_tag","embeddable":true,"href":"https:\/\/marmarayerelhizmet.com\/index.php\/wp-json\/wp\/v2\/tags?post=12044"}],"curies":[{"name":"wp","href":"https:\/\/api.w.org\/{rel}","templated":true}]}}