{"id":12036,"date":"2023-07-10T20:04:35","date_gmt":"2023-07-10T17:04:35","guid":{"rendered":"https:\/\/marmarayerelhizmet.com\/?p=12036"},"modified":"2023-07-10T20:04:35","modified_gmt":"2023-07-10T17:04:35","slug":"plevneye-kapali-pazar-yeri","status":"publish","type":"post","link":"https:\/\/marmarayerelhizmet.com\/index.php\/2023\/07\/10\/plevneye-kapali-pazar-yeri\/","title":{"rendered":"Plevne&#8217;ye Kapal\u0131 Pazar Yeri"},"content":{"rendered":"<p><span style=\"font-size: 14px;\"><strong><span style=\"font-family: arial, helvetica, sans-serif;\">Alt\u0131eyl\u00fcl Belediyesi\u2019nin Plevne Mahallesi\u2019ne kazand\u0131rm\u0131\u015f oldu\u011fu Plevne Mahallesi Kapal\u0131 Pazar Yeri tan\u0131t\u0131m toplant\u0131s\u0131 pazarc\u0131 esnaf\u0131n\u0131n kat\u0131l\u0131m\u0131yla Hasan Can K\u00fclt\u00fcr Merkezi\u2019nde ger\u00e7ekle\u015ftirildi.<br \/>\n<\/span><\/strong><\/span><br \/>\n<span style=\"font-family: arial, helvetica, sans-serif; font-size: 14px;\">Plevne Mahallesi Kapal\u0131 Pazar Yeri 45 adet ta\u015f\u0131nmaz kiraya verilecek. 38 Pazar yeri, 1 \u00e7ay oca\u011f\u0131, 5 d\u00fckkan ve 1 restorandan olu\u015facak. Alt\u0131eyl\u00fcl Belediyesi Emlak ve \u0130stimlak M\u00fcd\u00fcrl\u00fc\u011f\u00fc b\u00fcnyesinde ger\u00e7ekle\u015ftirilecek olan ihale s\u00fcreci 18 Temmuz Sal\u0131 g\u00fcn\u00fc mesai bitimine kadar devam edecek.<br \/>\n<\/span><br \/>\n<strong><span style=\"font-family: arial, helvetica, sans-serif; font-size: 14px;\">Plevne kapal\u0131 pazar yeri 29 y\u0131ll\u0131\u011f\u0131na ihale edilecek<\/span><\/strong><br \/>\n<span style=\"font-family: arial, helvetica, sans-serif; font-size: 14px;\">2886 say\u0131l\u0131 Devlet \u0130hale Kanununun 45. Maddesine g\u00f6re a\u00e7\u0131k teklif usul\u00fcyle 29 y\u0131ll\u0131k \u00fcst kullan\u0131m hakk\u0131 verilmesi ihalesi 18 Temmuz Sal\u0131 g\u00fcn\u00fc Alt\u0131eyl\u00fcl Belediyesi Sultan Abd\u00fclhamithan Geli\u015fim Merkezi Enc\u00fcmen Toplant\u0131 Salonu 2. Katta yap\u0131lacak.<\/span><br \/>\n<span style=\"font-family: arial, helvetica, sans-serif; font-size: 14px;\">\u0130halelere ait \u015fartnameler mesai saatleri i\u00e7inde Alt\u0131eyl\u00fcl Belediyesi Emlak ve \u0130stimlak M\u00fcd\u00fcrl\u00fc\u011f\u00fc\u2019nden g\u00f6r\u00fclebilir. M\u00fcd\u00fcrl\u00fckten yap\u0131lan a\u00e7\u0131klamaya \u015f\u00f6yle: \u201cTa\u015f\u0131nmazlar\u0131n ihalelerine son m\u00fcracaat tarihi 18 Temmuz Sal\u0131 g\u00fcn\u00fcne kadard\u0131r. M\u00fcracaat tarih ve saatinden sonra yap\u0131lan m\u00fcracaatlar kabul edilmeyecektir\u201d.<br \/>\n<\/span><br \/>\n<strong><span style=\"font-family: arial, helvetica, sans-serif; font-size: 14px;\">\u201cSosyal belediyecilik anlay\u0131\u015f\u0131yla vatanda\u015fa hizmet i\u00e7in \u00e7al\u0131\u015f\u0131yoruz\u201d<\/span><\/strong><br \/>\n<span style=\"font-family: arial, helvetica, sans-serif; font-size: 14px;\">Projeyle ilgili a\u00e7\u0131klamalarda bulunan Alt\u0131eyl\u00fcl Belediye Ba\u015fkan\u0131 Hasan Avc\u0131, \u201cBelediye olarak en iyiyi en g\u00fczeli vatanda\u015f\u0131m\u0131za ve esnaf\u0131m\u0131za sunmak i\u00e7in ekiplerimiz \u00e7al\u0131\u015fmalar\u0131n\u0131 s\u00fcrd\u00fcr\u00fcyor. Sosyal Belediyecilik anlay\u0131\u015f\u0131 ile Plevne Mahallesi\u2019nde eksik olan Kapal\u0131 Pazar alan\u0131n\u0131 \u00f6n\u00fcm\u00fczdeki aylarda a\u00e7may\u0131 planl\u0131yoruz. Pazar yerimizin Alt\u0131eyl\u00fcl\u00fcm\u00fcze, Bal\u0131kesir\u2019e hay\u0131rl\u0131 u\u011furlu olmas\u0131n\u0131 diliyoruz\u201d diye konu\u015ftu.<\/span><br \/>\n<span style=\"font-family: arial, helvetica, sans-serif; font-size: 14px;\">Alt\u0131eyl\u00fcl Belediyesi\u2019ne ba\u011fl\u0131 Hasan Can K\u00fclt\u00fcr Merkezi\u2019nde ger\u00e7ekle\u015ftirilen lansman toplant\u0131s\u0131na Alt\u0131eyl\u00fcl Belediye Ba\u015fkan Yard\u0131mc\u0131s\u0131 Fikrettin Kocaman, Alt\u0131eyl\u00fcl Belediyesi Fen \u0130\u015fleri M\u00fcd\u00fcr\u00fc Feyzullah G\u00fcrb\u00fcz, Bal\u0131kesir Lokantac\u0131lar Odas\u0131 Ba\u015fkan\u0131 Hasan Y\u0131ld\u0131z, Bal\u0131kesir Sebzeciler Odas\u0131 Ba\u015fkan\u0131 Nurallah Bozk\u0131r ve pazarc\u0131 esnaf\u0131 kat\u0131l\u0131m sa\u011flad\u0131.<\/span><\/p>\n","protected":false},"excerpt":{"rendered":"<p>Alt\u0131eyl\u00fcl Belediyesi\u2019nin Plevne Mahallesi\u2019ne kazand\u0131rm\u0131\u015f oldu\u011fu Plevne Mahallesi Kapal\u0131 Pazar Yeri tan\u0131t\u0131m toplant\u0131s\u0131 pazarc\u0131 esnaf\u0131n\u0131n kat\u0131l\u0131m\u0131yla Hasan Can K\u00fclt\u00fcr Merkezi\u2019nde<\/p>\n","protected":false},"author":3,"featured_media":12038,"comment_status":"open","ping_status":"open","sticky":false,"template":"","format":"standard","meta":{"colormag_page_container_layout":"default_layout","colormag_page_sidebar_layout":"default_layout","footnotes":""},"categories":[1,5,8],"tags":[],"class_list":["post-12036","post","type-post","status-publish","format-standard","has-post-thumbnail","hentry","category-genel","category-gundem","category-siyaset"],"_links":{"self":[{"href":"https:\/\/marmarayerelhizmet.com\/index.php\/wp-json\/wp\/v2\/posts\/12036","targetHints":{"allow":["GET"]}}],"collection":[{"href":"https:\/\/marmarayerelhizmet.com\/index.php\/wp-json\/wp\/v2\/posts"}],"about":[{"href":"https:\/\/marmarayerelhizmet.com\/index.php\/wp-json\/wp\/v2\/types\/post"}],"author":[{"embeddable":true,"href":"https:\/\/marmarayerelhizmet.com\/index.php\/wp-json\/wp\/v2\/users\/3"}],"replies":[{"embeddable":true,"href":"https:\/\/marmarayerelhizmet.com\/index.php\/wp-json\/wp\/v2\/comments?post=12036"}],"version-history":[{"count":0,"href":"https:\/\/marmarayerelhizmet.com\/index.php\/wp-json\/wp\/v2\/posts\/12036\/revisions"}],"wp:featuredmedia":[{"embeddable":true,"href":"https:\/\/marmarayerelhizmet.com\/index.php\/wp-json\/wp\/v2\/media\/12038"}],"wp:attachment":[{"href":"https:\/\/marmarayerelhizmet.com\/index.php\/wp-json\/wp\/v2\/media?parent=12036"}],"wp:term":[{"taxonomy":"category","embeddable":true,"href":"https:\/\/marmarayerelhizmet.com\/index.php\/wp-json\/wp\/v2\/categories?post=12036"},{"taxonomy":"post_tag","embeddable":true,"href":"https:\/\/marmarayerelhizmet.com\/index.php\/wp-json\/wp\/v2\/tags?post=12036"}],"curies":[{"name":"wp","href":"https:\/\/api.w.org\/{rel}","templated":true}]}}