{"id":12028,"date":"2023-07-10T19:52:00","date_gmt":"2023-07-10T16:52:00","guid":{"rendered":"https:\/\/marmarayerelhizmet.com\/?p=12028"},"modified":"2023-07-10T19:52:00","modified_gmt":"2023-07-10T16:52:00","slug":"derelerde-kirlilik-artti","status":"publish","type":"post","link":"https:\/\/marmarayerelhizmet.com\/index.php\/2023\/07\/10\/derelerde-kirlilik-artti\/","title":{"rendered":"Derelerde Kirlilik Artt\u0131"},"content":{"rendered":"<p><span style=\"font-size: 14px; font-family: arial, helvetica, sans-serif;\"><strong>Bal\u0131kesir&#8217;in Burhaniye il\u00e7esinde, kirlenen derelerde toplu bal\u0131k \u00f6l\u00fcmleri ba\u015flad\u0131. Orjan-\u0130mko sahilindeki Kad\u0131nc\u0131k deresindeki kirlilik had safhaya ula\u015f\u0131rken, \u00dcy\u00fccek deresinde ise toplu bal\u0131k \u00f6l\u00fcmleri ba\u015flad\u0131.<br \/>\n<\/strong><\/span><br \/>\n<span style=\"font-size: 14px; font-family: arial, helvetica, sans-serif;\">Burhaniye&#8217;de Ali \u00c7etinkaya Mahallesi&#8217;nde denize d\u00f6k\u00fclen Kad\u0131nc\u0131k ve \u00dcy\u00fccek derelerinde kirlilik had safhaya ula\u015f\u0131rken, \u00dcy\u00fccek deresinde binlerce bal\u0131k \u00f6ld\u00fc. Vatanda\u015flar kirlili\u011fe \u00e7\u00f6z\u00fcm bulunmas\u0131n\u0131 isterken, Ali \u00c7etinkaya Mahallesi Muhtar\u0131 Okan Se\u00e7en, olay\u0131 gerekli birimlere bildirdi\u011fini s\u00f6yledi. Kad\u0131nc\u0131k deresinde artan kirlilik \u00e7evreye duyarl\u0131 vatanda\u015flar\u0131 \u00fczerken, Havran\u2019dan gelen \u00dcy\u00fccek derisinde de k\u00f6t\u00fc koku etraf\u0131 sard\u0131 ve toplu bal\u0131k \u00f6l\u00fcmleri ba\u015flad\u0131.<\/span><br \/>\n<span style=\"font-size: 14px; font-family: arial, helvetica, sans-serif;\">Derelerin temizlenmesini isteyen Ali \u00c7etinkaya Mahallesi Muhtar\u0131 Okan Se\u00e7en, \u201c\u015eimdi Orjan&#8217;da derenin denizle ba\u011flant\u0131s\u0131 oldu\u011fu yerdeyiz. Burada bal\u0131k \u00f6l\u00fcmleri mevcut. \u00c7ok miktarda bal\u0131k \u00f6ld\u00fc. Bal\u0131k \u00f6l\u00fcmlerinin neden ger\u00e7ekle\u015fti\u011finin ara\u015ft\u0131r\u0131lmas\u0131 i\u00e7in gerekli birimlere bildirim yapt\u0131k. Dere kirlili\u011finden mi yoksa ba\u015fka bir olaydan m\u0131. Bunlar\u0131n ara\u015ft\u0131r\u0131lmas\u0131n\u0131 istiyoruz. Ayn\u0131 zamanda \u0130mko yan\u0131ndaki Kad\u0131nc\u0131k deresinde de yo\u011fun bir kirlilik olu\u015fmaktad\u0131r. Yak\u0131nda oralarda da bal\u0131k \u00f6l\u00fcmleri ger\u00e7ekle\u015febilir. Hayat\u0131n ve ya\u015fam\u0131n olumsuz etkilenmemesi i\u00e7in bu b\u00f6lgenin bir an evvel temizlenip ya\u015fanabilir hale getirilmesini talep ediyoruz. Yetkililerden tek iste\u011fimiz bu. \u00c7evreye sahip \u00e7\u0131kal\u0131m\u201d dedi.<\/span><br \/>\n<span style=\"font-size: 14px; font-family: arial, helvetica, sans-serif;\">Orjan sakinlerinden Kadir Korkak da, \u201cBenim \u00e7ocuklu\u011fum buralarda ge\u00e7ti. Burada hayvan otlat\u0131rd\u0131m. Eskiden bu dere \u00e7ok temizdi. Bal\u0131k tutard\u0131k, y\u00fczerdik ama, \u015fimdi \u00e7ok kirli oldu. \u00c7\u00f6z\u00fcm bulunmal\u0131\u201d diye konu\u015ftu.<\/span><br \/>\n<span style=\"font-size: 14px; font-family: arial, helvetica, sans-serif;\">\u0130mko&#8217;da oturan Mehmet Donat ise, \u201cBiz de bu y\u00f6re sakinleri olarak rahats\u0131z\u0131z. Eskiden bu dere tertemizdi. \u015eurada 1-2 seneden beri bu derede kokudan duram\u0131yoruz. Su kirli. Suyun rengi bile de\u011fi\u015fti. Bu derenin b\u00f6yle olmamas\u0131 laz\u0131m. Yetkililerin buna bir \u00e7are bulmas\u0131n\u0131 istiyoruz\u201d dedi.<\/span><\/p>\n","protected":false},"excerpt":{"rendered":"<p>Bal\u0131kesir&#8217;in Burhaniye il\u00e7esinde, kirlenen derelerde toplu bal\u0131k \u00f6l\u00fcmleri ba\u015flad\u0131. Orjan-\u0130mko sahilindeki Kad\u0131nc\u0131k deresindeki kirlilik had safhaya ula\u015f\u0131rken, \u00dcy\u00fccek deresinde ise<\/p>\n","protected":false},"author":3,"featured_media":12030,"comment_status":"open","ping_status":"open","sticky":false,"template":"","format":"standard","meta":{"colormag_page_container_layout":"default_layout","colormag_page_sidebar_layout":"default_layout","footnotes":""},"categories":[1,5],"tags":[],"class_list":["post-12028","post","type-post","status-publish","format-standard","has-post-thumbnail","hentry","category-genel","category-gundem"],"_links":{"self":[{"href":"https:\/\/marmarayerelhizmet.com\/index.php\/wp-json\/wp\/v2\/posts\/12028","targetHints":{"allow":["GET"]}}],"collection":[{"href":"https:\/\/marmarayerelhizmet.com\/index.php\/wp-json\/wp\/v2\/posts"}],"about":[{"href":"https:\/\/marmarayerelhizmet.com\/index.php\/wp-json\/wp\/v2\/types\/post"}],"author":[{"embeddable":true,"href":"https:\/\/marmarayerelhizmet.com\/index.php\/wp-json\/wp\/v2\/users\/3"}],"replies":[{"embeddable":true,"href":"https:\/\/marmarayerelhizmet.com\/index.php\/wp-json\/wp\/v2\/comments?post=12028"}],"version-history":[{"count":0,"href":"https:\/\/marmarayerelhizmet.com\/index.php\/wp-json\/wp\/v2\/posts\/12028\/revisions"}],"wp:featuredmedia":[{"embeddable":true,"href":"https:\/\/marmarayerelhizmet.com\/index.php\/wp-json\/wp\/v2\/media\/12030"}],"wp:attachment":[{"href":"https:\/\/marmarayerelhizmet.com\/index.php\/wp-json\/wp\/v2\/media?parent=12028"}],"wp:term":[{"taxonomy":"category","embeddable":true,"href":"https:\/\/marmarayerelhizmet.com\/index.php\/wp-json\/wp\/v2\/categories?post=12028"},{"taxonomy":"post_tag","embeddable":true,"href":"https:\/\/marmarayerelhizmet.com\/index.php\/wp-json\/wp\/v2\/tags?post=12028"}],"curies":[{"name":"wp","href":"https:\/\/api.w.org\/{rel}","templated":true}]}}