{"id":12020,"date":"2023-07-10T15:31:55","date_gmt":"2023-07-10T12:31:55","guid":{"rendered":"https:\/\/marmarayerelhizmet.com\/?p=12020"},"modified":"2023-07-10T15:31:55","modified_gmt":"2023-07-10T12:31:55","slug":"agil-yangininda-hayvanlar-telef-oldu","status":"publish","type":"post","link":"https:\/\/marmarayerelhizmet.com\/index.php\/2023\/07\/10\/agil-yangininda-hayvanlar-telef-oldu\/","title":{"rendered":"A\u011f\u0131l Yang\u0131n\u0131nda Hayvanlar Telef Oldu"},"content":{"rendered":"<p><strong><span style=\"font-family: arial, helvetica, sans-serif; font-size: 14px;\">\u00c7anakkale\u2019nin Gelibolu il\u00e7esi Yenik\u00f6y\u2019de H\u00fcseyin \u00dcst\u00fcn\u2019e ait a\u011f\u0131lda \u00e7\u0131kan yang\u0131nda yakla\u015f\u0131k 150 k\u00fc\u00e7\u00fckba\u015f hayvan telef oldu.<br \/>\n<\/span><\/strong><br \/>\n<span style=\"font-family: arial, helvetica, sans-serif; font-size: 14px;\">Gelibolu il\u00e7esi Yenik\u00f6y\u2019de saat 12.30 s\u0131ralar\u0131nda H\u00fcseyin \u00dcst\u00fcn\u2019e ait a\u011f\u0131lda nedeni hen\u00fcz belli olmayan bir \u015fekilde yang\u0131n \u00e7\u0131kt\u0131. A\u011f\u0131l sahibi, durumu hemen jandarma ve itfaiye ekiplerine bildirdi. Gelibolu Belediyesi \u0130tfaiye ekipleri, \u00c7anakkale Orman B\u00f6lge M\u00fcd\u00fcrl\u00fc\u011f\u00fcne ba\u011fl\u0131 araz\u00f6zler yang\u0131na m\u00fcdahale etti. Yang\u0131n b\u00fcy\u00fcmeden k\u0131sa s\u00fcrede s\u00f6nd\u00fcr\u00fcld\u00fc.<\/span><br \/>\n<span style=\"font-family: arial, helvetica, sans-serif; font-size: 14px;\">Yang\u0131nda a\u011f\u0131lda bulunan yakla\u015f\u0131k 150 k\u00fc\u00e7\u00fckba\u015f hayvan telef oldu.<\/span><br \/>\n<span style=\"font-family: arial, helvetica, sans-serif; font-size: 14px;\">Jandarma taraf\u0131ndan yang\u0131n\u0131n \u00e7\u0131k\u0131\u015f sebebiyle ilgili ba\u015flat\u0131lan soru\u015fturma devam ediyor.<\/span><\/p>\n","protected":false},"excerpt":{"rendered":"<p>\u00c7anakkale\u2019nin Gelibolu il\u00e7esi Yenik\u00f6y\u2019de H\u00fcseyin \u00dcst\u00fcn\u2019e ait a\u011f\u0131lda \u00e7\u0131kan yang\u0131nda yakla\u015f\u0131k 150 k\u00fc\u00e7\u00fckba\u015f hayvan telef oldu. Gelibolu il\u00e7esi Yenik\u00f6y\u2019de saat<\/p>\n","protected":false},"author":3,"featured_media":12022,"comment_status":"open","ping_status":"open","sticky":false,"template":"","format":"standard","meta":{"colormag_page_container_layout":"default_layout","colormag_page_sidebar_layout":"default_layout","footnotes":""},"categories":[1,5],"tags":[],"class_list":["post-12020","post","type-post","status-publish","format-standard","has-post-thumbnail","hentry","category-genel","category-gundem"],"_links":{"self":[{"href":"https:\/\/marmarayerelhizmet.com\/index.php\/wp-json\/wp\/v2\/posts\/12020","targetHints":{"allow":["GET"]}}],"collection":[{"href":"https:\/\/marmarayerelhizmet.com\/index.php\/wp-json\/wp\/v2\/posts"}],"about":[{"href":"https:\/\/marmarayerelhizmet.com\/index.php\/wp-json\/wp\/v2\/types\/post"}],"author":[{"embeddable":true,"href":"https:\/\/marmarayerelhizmet.com\/index.php\/wp-json\/wp\/v2\/users\/3"}],"replies":[{"embeddable":true,"href":"https:\/\/marmarayerelhizmet.com\/index.php\/wp-json\/wp\/v2\/comments?post=12020"}],"version-history":[{"count":0,"href":"https:\/\/marmarayerelhizmet.com\/index.php\/wp-json\/wp\/v2\/posts\/12020\/revisions"}],"wp:featuredmedia":[{"embeddable":true,"href":"https:\/\/marmarayerelhizmet.com\/index.php\/wp-json\/wp\/v2\/media\/12022"}],"wp:attachment":[{"href":"https:\/\/marmarayerelhizmet.com\/index.php\/wp-json\/wp\/v2\/media?parent=12020"}],"wp:term":[{"taxonomy":"category","embeddable":true,"href":"https:\/\/marmarayerelhizmet.com\/index.php\/wp-json\/wp\/v2\/categories?post=12020"},{"taxonomy":"post_tag","embeddable":true,"href":"https:\/\/marmarayerelhizmet.com\/index.php\/wp-json\/wp\/v2\/tags?post=12020"}],"curies":[{"name":"wp","href":"https:\/\/api.w.org\/{rel}","templated":true}]}}