{"id":11043,"date":"2023-07-02T18:26:38","date_gmt":"2023-07-02T15:26:38","guid":{"rendered":"https:\/\/marmarayerelhizmet.com\/?p=11043"},"modified":"2023-07-02T18:26:38","modified_gmt":"2023-07-02T15:26:38","slug":"mavi-bayrak-sayisi-50ye-cikti","status":"publish","type":"post","link":"https:\/\/marmarayerelhizmet.com\/index.php\/2023\/07\/02\/mavi-bayrak-sayisi-50ye-cikti\/","title":{"rendered":"Mavi Bayrak Say\u0131s\u0131 50&#8217;ye \u00c7\u0131kt\u0131"},"content":{"rendered":"<p><strong><span style=\"font-family: arial, helvetica, sans-serif; font-size: 14px;\">Burhaniye il\u00e7esinde, ge\u00e7ti\u011fimiz y\u0131l 5 olan mavi bayrak say\u0131s\u0131 7\u2019ye \u00e7\u0131karken, mavi bayraklar\u0131n g\u00f6ndere \u00e7ekilmesi nedeniyle t\u00f6ren yap\u0131ld\u0131. \u00d6\u011fretmenevleri Plaj\u0131nda d\u00fczenlenen t\u00f6rende mavi bayrak g\u00f6ndere \u00e7ekilirken, T\u00dcR\u00c7EV \u0130zmir ve Kuzey Ege \u0130leri Koordinat\u00f6r\u00fc Do\u011fan Karata\u015f, Bal\u0131kesir\u2019de 36 olan mavi bayrak say\u0131s\u0131n\u0131n 50\u2019ye \u00e7\u0131kt\u0131\u011f\u0131n\u0131 anlatt\u0131.<br \/>\n<\/span><\/strong><br \/>\n<span style=\"font-family: arial, helvetica, sans-serif; font-size: 14px;\">Burhaniye\u2019de, ge\u00e7ti\u011fimiz y\u0131l 5 olan mavi bayrak say\u0131s\u0131 7\u2019ye \u00e7\u0131karken, mavi bayraklar da t\u00f6renle g\u00f6ndere \u00e7ekildi. \u00d6\u011fretmenevleri Plaj\u0131nda d\u00fczenlenen mavi bayrak t\u00f6renine, Kaymakam \u0130lyas Memi\u015f, Garnizon Komutan\u0131 Top\u00e7u Yarbay Mustafa K\u0131ra\u00e7, Belediye Ba\u015fkan\u0131 Ali Kemal Deveciler ile ba\u015fkan yard\u0131mc\u0131lar\u0131 ve T\u00dcR\u00c7EV \u0130zmir ve Kuzey Ege \u0130lleri Koordinat\u00f6r\u00fc Do\u011fan Karata\u015f ile baz\u0131 daire m\u00fcd\u00fcrleri kat\u0131ld\u0131. T\u00f6rende bir konu\u015fma papan Do\u011fan Karata\u015f, Burhaniye\u2019de 5 olan mavi bayrak say\u0131s\u0131n\u0131n 7\u2019ye \u00e7\u0131kt\u0131\u011f\u0131n\u0131 anlat\u0131rken, Bal\u0131kesir\u2019in de 36 olan mavi bayra\u011f\u0131 50\u2019ye \u00e7\u0131kararak rekor k\u0131rd\u0131\u011f\u0131n\u0131 anlatt\u0131. Karata\u015f. Bal\u0131kesir\u2019in Antalya, Mu\u011fla ve \u0130zmir\u2019den sonra 4\u2019nc\u00fc s\u0131rada yer ald\u0131\u011f\u0131n\u0131 s\u00f6yledi. Yap\u0131lan konu\u015fmalar\u0131n ar\u0131ndan mavi bayrak g\u00f6ndere \u00e7ekilirken, Do\u011fan Karata\u015f, Ba\u015fkan Ali Kemal Deveciler\u2019e bir tablo hediye etti. T\u00dcR\u00c7EV \u0130zmir ve Kuzey Ege \u0130lleri Koordinat\u00f6r\u00fc Do\u011fan Karata\u015f konu\u015fmas\u0131nda, \u201c Bu g\u00fcn hem \u00e7evre sorunlar\u0131na dikkat \u00e7ekmek hem de y\u0131llard\u0131r gelenek haline gelen mavi bayra\u011f\u0131m\u0131z\u0131 g\u00f6ndere \u00e7ekmek i\u00e7in bir araday\u0131z. D\u00fcnya da en \u00e7ok bilinen mavi bayrak \u00e7al\u0131\u015fmalar\u0131, 1993 y\u0131l\u0131nda Turizm Bakanl\u0131\u011f\u0131m\u0131z nezdinde ba\u015flat\u0131lm\u0131\u015f ve Turizm Bakanl\u0131\u011f\u0131m\u0131zla birlikte o tarihten beri bu g\u00fcne kadar geldi. Ve 1993 y\u0131l\u0131ndan bu y\u0131la, sahip oldu\u011fumuz 550 mavi bayrakla gururla ifade etmek isterim ki, bu g\u00fcn \u0130spanya, ve Yunanistan\u2019\u0131n ard\u0131ndan T\u00fcrkiye 3.s\u0131rada yer almaktad\u0131r. Bal\u0131kesir\u2019de de bir rekor ger\u00e7ekle\u015fmi\u015f, 36 olan mavi bayrak say\u0131s\u0131 bu g\u00fcn 50 bayra\u011f\u0131m\u0131z\u0131n dalgalanaca\u011f\u0131 noktaya gelmi\u015ftir. Ayn\u0131 zamanda g\u00fczel Burhaniye\u2019mizde de bu sene 7 bayra\u011f\u0131m\u0131z\u0131 dalgaland\u0131racak olman\u0131n mutlulu\u011funu ve gururunu ya\u015f\u0131yoruz. Bal\u0131kesir, ayr\u0131ca 50 mavi bayrakla, tarihinde ilk defa Antalya, Mu\u011fla ve \u0130zmir\u2019in ard\u0131ndan tarihinde ilk defa 4.s\u0131raya yerle\u015fmi\u015f, Ayd\u0131n ilinin \u00f6n\u00fcne ge\u00e7mi\u015f durumdad\u0131r\u201d dedi. Belediye Ba\u015fkan\u0131 Ali Kemal Deveciler de, \u201c Mavi bayrak say\u0131m\u0131z 7 oldu. \u0130n\u015fallah, bir daha ki sezonda 10\u2019a \u00e7\u0131karmay\u0131 d\u00fc\u015f\u00fcn\u00fcyoruz. Mavi bayraklar\u0131n 6 adedi halk plajlar\u0131nda, birisi de Orient Otelde. 7 tane mavi bayra\u011f\u0131m\u0131z var. Mavi bayraklar \u00f6nemlidir. Turist a\u00e7\u0131s\u0131ndan turizm a\u00e7\u0131s\u0131ndan g\u00fcvenli plaj demektir bu. Denizin temiz tutulmas\u0131, plajlar\u0131n temiz olmas\u0131 ve temizlik a\u00e7\u0131s\u0131ndan ne kadar fazla mavi bayrak olursa o kadar iyi olur. \u015eu anda Bal\u0131kesir\u2019de mavi bayrakta 50\u2019ye ula\u015ft\u0131k. Bal\u0131kesir T\u00fcrkiye\u2019de d\u00f6rd\u00fcnc\u00fc. Ayd\u0131n\u2019\u0131n \u00f6n\u00fcne ge\u00e7mi\u015fiz. Antalya, Mu\u011fla ve \u0130zmir\u2019den sonra 4\u2019nc\u00fc s\u0131raday\u0131z. Bal\u0131kesir\u2019de mavi bayraklar\u0131 \u00f6n\u00fcm\u00fczdeki y\u0131larda daha da art\u0131raca\u011f\u0131z. Burhaniye\u2019miz i\u00e7in hay\u0131rl\u0131 olsun\u201d dedi.<\/span><\/p>\n","protected":false},"excerpt":{"rendered":"<p>Burhaniye il\u00e7esinde, ge\u00e7ti\u011fimiz y\u0131l 5 olan mavi bayrak say\u0131s\u0131 7\u2019ye \u00e7\u0131karken, mavi bayraklar\u0131n g\u00f6ndere \u00e7ekilmesi nedeniyle t\u00f6ren yap\u0131ld\u0131. \u00d6\u011fretmenevleri Plaj\u0131nda<\/p>\n","protected":false},"author":3,"featured_media":11054,"comment_status":"open","ping_status":"open","sticky":false,"template":"","format":"standard","meta":{"colormag_page_container_layout":"default_layout","colormag_page_sidebar_layout":"default_layout","footnotes":""},"categories":[1,5],"tags":[],"class_list":["post-11043","post","type-post","status-publish","format-standard","has-post-thumbnail","hentry","category-genel","category-gundem"],"_links":{"self":[{"href":"https:\/\/marmarayerelhizmet.com\/index.php\/wp-json\/wp\/v2\/posts\/11043","targetHints":{"allow":["GET"]}}],"collection":[{"href":"https:\/\/marmarayerelhizmet.com\/index.php\/wp-json\/wp\/v2\/posts"}],"about":[{"href":"https:\/\/marmarayerelhizmet.com\/index.php\/wp-json\/wp\/v2\/types\/post"}],"author":[{"embeddable":true,"href":"https:\/\/marmarayerelhizmet.com\/index.php\/wp-json\/wp\/v2\/users\/3"}],"replies":[{"embeddable":true,"href":"https:\/\/marmarayerelhizmet.com\/index.php\/wp-json\/wp\/v2\/comments?post=11043"}],"version-history":[{"count":0,"href":"https:\/\/marmarayerelhizmet.com\/index.php\/wp-json\/wp\/v2\/posts\/11043\/revisions"}],"wp:featuredmedia":[{"embeddable":true,"href":"https:\/\/marmarayerelhizmet.com\/index.php\/wp-json\/wp\/v2\/media\/11054"}],"wp:attachment":[{"href":"https:\/\/marmarayerelhizmet.com\/index.php\/wp-json\/wp\/v2\/media?parent=11043"}],"wp:term":[{"taxonomy":"category","embeddable":true,"href":"https:\/\/marmarayerelhizmet.com\/index.php\/wp-json\/wp\/v2\/categories?post=11043"},{"taxonomy":"post_tag","embeddable":true,"href":"https:\/\/marmarayerelhizmet.com\/index.php\/wp-json\/wp\/v2\/tags?post=11043"}],"curies":[{"name":"wp","href":"https:\/\/api.w.org\/{rel}","templated":true}]}}