{"id":11040,"date":"2023-07-02T18:26:03","date_gmt":"2023-07-02T15:26:03","guid":{"rendered":"https:\/\/marmarayerelhizmet.com\/?p=11040"},"modified":"2023-07-02T18:26:03","modified_gmt":"2023-07-02T15:26:03","slug":"bagfas-denizi-kirletmeye-devam-ediyor","status":"publish","type":"post","link":"https:\/\/marmarayerelhizmet.com\/index.php\/2023\/07\/02\/bagfas-denizi-kirletmeye-devam-ediyor\/","title":{"rendered":"BAGFA\u015e Denizi Kirletmeye Devam Ediyor"},"content":{"rendered":"<p><strong><span style=\"font-family: arial, helvetica, sans-serif; font-size: 14px;\">Bal\u0131kesir&#8217;in Band\u0131rma il\u00e7esinde faaliyet g\u00f6steren Band\u0131rma G\u00fcbre Fabrikalar\u0131 A.\u015e. (BAGFA\u015e) denize s\u0131v\u0131 de\u015farj\u0131 yaparken havadan g\u00f6r\u00fcnt\u00fclendi. Denize b\u0131rak\u0131lan s\u0131v\u0131n\u0131n hala ne oldu\u011fu bilinmezken, sahilde bal\u0131k \u00f6l\u00fcmlerinin ya\u015fand\u0131\u011f\u0131 ve bu \u00f6l\u00fcmlerin devam etti\u011fi iddia ediliyor.<br \/>\n<\/span><\/strong><br \/>\n<span style=\"font-family: arial, helvetica, sans-serif; font-size: 14px;\">Band\u0131rma halk\u0131 \u00e7evre kirlili\u011fine neden olan deniz kirlili\u011finden ve hava kirlili\u011finden art\u0131k b\u0131km\u0131\u015f durumda. Denize ak\u0131t\u0131lan bu at\u0131klar\u0131n zararl\u0131 olup olmad\u0131\u011f\u0131n\u0131n, havaya sal\u0131nan sar\u0131 ve siyah dumanlar\u0131n incelenmesini Band\u0131rma halk\u0131 yetkililerden talep etmekte.<\/span><br \/>\n<span style=\"font-family: arial, helvetica, sans-serif; font-size: 14px;\">Band\u0131rma il\u00e7esi ve \u00e7evresinde iddialara g\u00f6re kanser hastal\u0131\u011f\u0131 s\u00fcrekli art\u0131\u015f g\u00f6steriyor. Bu b\u00f6lgedeki yo\u011fun sanayile\u015fme devam etmekle beraber, ge\u00e7ti\u011fimiz y\u0131llarda Marmara Denizi\u2019nde ya\u015fanan m\u00fcsilaj krizinin akt\u00f6rlerinden birisi oldu\u011fu iddia edilen ve \u00c7evre, \u015eehircilik ve \u0130klim De\u011fi\u015fikli\u011fi Bakanl\u0131\u011f\u0131&#8217;nca faaliyetleri durdurulan Band\u0131rma G\u00fcbre Fabrikalar\u0131 A.\u015e, iddiaya g\u00f6re gerekli y\u00fck\u00fcml\u00fcl\u00fckleri yerine getirerek tekrar faaliyetlerine devam ediyor. Marmara Denizi\u2019ni kirletip kirletmedi\u011fi sorusu yine g\u00fcndeme gelirken, \u0130HA muhabirlerince havadan ve yerden g\u00f6r\u00fcnt\u00fclenen fabrikan\u0131n bacalar\u0131ndan sar\u0131 ve siyah dumanlar\u0131n \u00e7\u0131kt\u0131\u011f\u0131 g\u00f6r\u00fcld\u00fc. Vatanda\u015flar taraf\u0131ndan \u00e7ekilen g\u00f6r\u00fcnt\u00fclerde ise sahilde bal\u0131k \u00f6l\u00fcmlerinin ya\u015fand\u0131\u011f\u0131 ve bu \u00f6l\u00fcmlerin devam etti\u011fi iddia ediliyor. Denizin \u00fcst\u00fcnde at\u0131k bir tabakan\u0131n ve sahilin i\u00e7ler ac\u0131s\u0131 oldu\u011fu da g\u00f6zlerden ka\u00e7mad\u0131.<\/span><br \/>\n<span style=\"font-family: arial, helvetica, sans-serif; font-size: 14px;\">Band\u0131rma Kent Konseyi Ba\u015fkan\u0131 Serdar Polat konu ile ilgili a\u00e7\u0131klamalarda bulunarak &#8220;Bug\u00fcn yine Band\u0131rma k\u00f6rfezimizde olumsuz g\u00f6r\u00fcnt\u00fclere hepimiz \u015fahit olduk. Kap\u0131da\u011f&#8217;\u0131n zirvelerinden bile denizimizin nas\u0131l bir renk ald\u0131\u011f\u0131n\u0131 hep birlikte g\u00f6rd\u00fck. K\u00f6rfezimizde bulunan g\u00fcbre fabrikas\u0131 daha \u00f6nce yetkililere s\u00f6zl\u00fc, yaz\u0131l\u0131 ve bas\u0131n yoluyla defalarca yapt\u0131\u011f\u0131m\u0131z uyar\u0131lara defalarca yapt\u0131\u011f\u0131m\u0131z dikkat \u00e7ekmelerine ra\u011fmen hala \u00e7al\u0131\u015fmalar\u0131na son s\u00fcrat devam etmekte sadece denizimiz de\u011fil havam\u0131zda ne yaz\u0131k ki bu olumsuzluklardan etkilenmekte. 1 hafta \u00f6nce ger\u00e7ekle\u015ftirdi\u011fimiz bilim adam\u0131 ile yapt\u0131\u011f\u0131m\u0131z \u00e7al\u0131\u015fmalarda k\u00f6rfezimizin bu ilgili olan k\u0131s\u0131mlar\u0131nda tek bir canl\u0131 bile kalmad\u0131\u011f\u0131n\u0131 \u00f6zellikle pinalar\u0131n bu b\u00f6lgede ya\u015famad\u0131\u011f\u0131n\u0131 daha kar\u015f\u0131s\u0131nda Tatl\u0131su k\u00f6y\u00fcnde bile bu pinalar\u0131n varl\u0131\u011f\u0131n\u0131 devam ettirirken bu g\u00fcbre fabrikas\u0131n\u0131n oldu\u011fu k\u0131sma geldikten sonra bunun bile ya\u015fam alan\u0131 bulamad\u0131\u011f\u0131n\u0131 hep birlikte dile getirdik ve bir kez daha kamuoyu ile payla\u015ft\u0131k. Art\u0131k hem Band\u0131rma halk\u0131 hem k\u00f6rfezimizde bulunan t\u00fcm ya\u015fayanlar bu durumdan yeterince rahats\u0131zlar bizler Band\u0131rmal\u0131lar olarak, Band\u0131rma Kent Konseyi olarak yetkililerin bir an \u00f6nce bu konu \u00fczerinde gerekli \u00f6nlemleri almas\u0131n\u0131 gerekli denetimleri yapmas\u0131n\u0131 ve bir an \u00f6nce yetkililerin harekete ge\u00e7mesini talep ediyoruz. Bir g\u00fcn\u00fcm\u00fcz bile art\u0131k kaybolmamal\u0131. Denize giremiyoruz bu b\u00f6lgede deniz canl\u0131lar\u0131m\u0131z ya\u015fam\u0131yor art\u0131k yeter diyoruz bir an \u00f6nce yetkilileri harekete ge\u00e7meye ve g\u00f6reve davet ediyoruz&#8221; \u015feklinde konu\u015ftu.<\/span><\/p>\n","protected":false},"excerpt":{"rendered":"<p>Bal\u0131kesir&#8217;in Band\u0131rma il\u00e7esinde faaliyet g\u00f6steren Band\u0131rma G\u00fcbre Fabrikalar\u0131 A.\u015e. (BAGFA\u015e) denize s\u0131v\u0131 de\u015farj\u0131 yaparken havadan g\u00f6r\u00fcnt\u00fclendi. Denize b\u0131rak\u0131lan s\u0131v\u0131n\u0131n hala<\/p>\n","protected":false},"author":3,"featured_media":11052,"comment_status":"open","ping_status":"open","sticky":false,"template":"","format":"standard","meta":{"colormag_page_container_layout":"default_layout","colormag_page_sidebar_layout":"default_layout","footnotes":""},"categories":[1,5],"tags":[],"class_list":["post-11040","post","type-post","status-publish","format-standard","has-post-thumbnail","hentry","category-genel","category-gundem"],"_links":{"self":[{"href":"https:\/\/marmarayerelhizmet.com\/index.php\/wp-json\/wp\/v2\/posts\/11040","targetHints":{"allow":["GET"]}}],"collection":[{"href":"https:\/\/marmarayerelhizmet.com\/index.php\/wp-json\/wp\/v2\/posts"}],"about":[{"href":"https:\/\/marmarayerelhizmet.com\/index.php\/wp-json\/wp\/v2\/types\/post"}],"author":[{"embeddable":true,"href":"https:\/\/marmarayerelhizmet.com\/index.php\/wp-json\/wp\/v2\/users\/3"}],"replies":[{"embeddable":true,"href":"https:\/\/marmarayerelhizmet.com\/index.php\/wp-json\/wp\/v2\/comments?post=11040"}],"version-history":[{"count":0,"href":"https:\/\/marmarayerelhizmet.com\/index.php\/wp-json\/wp\/v2\/posts\/11040\/revisions"}],"wp:featuredmedia":[{"embeddable":true,"href":"https:\/\/marmarayerelhizmet.com\/index.php\/wp-json\/wp\/v2\/media\/11052"}],"wp:attachment":[{"href":"https:\/\/marmarayerelhizmet.com\/index.php\/wp-json\/wp\/v2\/media?parent=11040"}],"wp:term":[{"taxonomy":"category","embeddable":true,"href":"https:\/\/marmarayerelhizmet.com\/index.php\/wp-json\/wp\/v2\/categories?post=11040"},{"taxonomy":"post_tag","embeddable":true,"href":"https:\/\/marmarayerelhizmet.com\/index.php\/wp-json\/wp\/v2\/tags?post=11040"}],"curies":[{"name":"wp","href":"https:\/\/api.w.org\/{rel}","templated":true}]}}