{"id":11018,"date":"2023-07-02T18:17:04","date_gmt":"2023-07-02T15:17:04","guid":{"rendered":"https:\/\/marmarayerelhizmet.com\/?p=11018"},"modified":"2023-07-02T18:17:04","modified_gmt":"2023-07-02T15:17:04","slug":"zeytinlikte-yangin-cikti","status":"publish","type":"post","link":"https:\/\/marmarayerelhizmet.com\/index.php\/2023\/07\/02\/zeytinlikte-yangin-cikti\/","title":{"rendered":"Zeytinlikte Yang\u0131n \u00c7\u0131kt\u0131"},"content":{"rendered":"<p><strong><span style=\"font-family: arial, helvetica, sans-serif; font-size: 14px;\">Kocaeli&#8217;nin Dar\u0131ca il\u00e7esinde 30 d\u00f6n\u00fcml\u00fck zeytinlik alanda \u00e7\u0131kan yang\u0131nda \u00e7ok say\u0131da a\u011fa\u00e7 k\u00fcle d\u00f6nd\u00fc, kul\u00fcbe ise kullan\u0131lamaz hale geldi.<br \/>\n<\/span><\/strong><br \/>\n<span style=\"font-family: arial, helvetica, sans-serif; font-size: 14px;\">Yang\u0131n, Fevzi \u00c7akmak Mahallesi Ali \u015eakir Sokak&#8217;ta bulunan 30 d\u00f6n\u00fcml\u00fck zeytinlik alanda meydana geldi. Edinilen bilgiye g\u00f6re, zeytinlikte bilinmeyen bir sebeple yang\u0131n \u00e7\u0131kt\u0131. K\u0131sa s\u00fcrede b\u00fcy\u00fcyen yang\u0131n kul\u00fcbeye de s\u0131\u00e7rad\u0131. Alevleri g\u00f6ren vatanda\u015flar 112 Acil \u00c7a\u011fr\u0131 Merkezine ihbarda bulundu. \u0130hbar \u00fczerine olay yerine itfaiye, sa\u011fl\u0131k ve polis ekipleri sevk edildi. Adrese ula\u015fan itfaiye ekipleri yang\u0131n\u0131 s\u00f6nd\u00fcrmek i\u00e7in \u00e7al\u0131\u015fma ba\u015flatt\u0131. \u0130tfaiye ekiplerinin m\u00fcdahalesiyle yang\u0131n s\u00f6nd\u00fcr\u00fcld\u00fc, ard\u0131ndan so\u011futma \u00e7al\u0131\u015fmas\u0131 ger\u00e7ekle\u015ftirildi.<\/span><\/p>\n<p><strong><span style=\"font-family: arial, helvetica, sans-serif; font-size: 14px;\">Zeytin a\u011fa\u00e7lar\u0131 k\u00fcle d\u00f6nd\u00fc<\/span><\/strong><br \/>\n<span style=\"font-family: arial, helvetica, sans-serif; font-size: 14px;\">\u00c7\u0131kan yang\u0131nda 30 d\u00f6n\u00fcml\u00fck arazide bulunan \u00e7ok say\u0131da zeytin a\u011fac\u0131 k\u00fcle d\u00f6nd\u00fc. Yang\u0131n\u0131n s\u0131\u00e7rad\u0131\u011f\u0131 ve alev topuna d\u00f6nen kul\u00fcbe ise kullan\u0131lmaz hale geldi.<\/span><br \/>\n<span style=\"font-family: arial, helvetica, sans-serif; font-size: 14px;\">Yang\u0131nla ilgili inceleme ba\u015flat\u0131ld\u0131.<\/span><\/p>\n","protected":false},"excerpt":{"rendered":"<p>Kocaeli&#8217;nin Dar\u0131ca il\u00e7esinde 30 d\u00f6n\u00fcml\u00fck zeytinlik alanda \u00e7\u0131kan yang\u0131nda \u00e7ok say\u0131da a\u011fa\u00e7 k\u00fcle d\u00f6nd\u00fc, kul\u00fcbe ise kullan\u0131lamaz hale geldi. Yang\u0131n,<\/p>\n","protected":false},"author":3,"featured_media":11028,"comment_status":"open","ping_status":"open","sticky":false,"template":"","format":"standard","meta":{"colormag_page_container_layout":"default_layout","colormag_page_sidebar_layout":"default_layout","footnotes":""},"categories":[1,5],"tags":[],"class_list":["post-11018","post","type-post","status-publish","format-standard","has-post-thumbnail","hentry","category-genel","category-gundem"],"_links":{"self":[{"href":"https:\/\/marmarayerelhizmet.com\/index.php\/wp-json\/wp\/v2\/posts\/11018","targetHints":{"allow":["GET"]}}],"collection":[{"href":"https:\/\/marmarayerelhizmet.com\/index.php\/wp-json\/wp\/v2\/posts"}],"about":[{"href":"https:\/\/marmarayerelhizmet.com\/index.php\/wp-json\/wp\/v2\/types\/post"}],"author":[{"embeddable":true,"href":"https:\/\/marmarayerelhizmet.com\/index.php\/wp-json\/wp\/v2\/users\/3"}],"replies":[{"embeddable":true,"href":"https:\/\/marmarayerelhizmet.com\/index.php\/wp-json\/wp\/v2\/comments?post=11018"}],"version-history":[{"count":0,"href":"https:\/\/marmarayerelhizmet.com\/index.php\/wp-json\/wp\/v2\/posts\/11018\/revisions"}],"wp:featuredmedia":[{"embeddable":true,"href":"https:\/\/marmarayerelhizmet.com\/index.php\/wp-json\/wp\/v2\/media\/11028"}],"wp:attachment":[{"href":"https:\/\/marmarayerelhizmet.com\/index.php\/wp-json\/wp\/v2\/media?parent=11018"}],"wp:term":[{"taxonomy":"category","embeddable":true,"href":"https:\/\/marmarayerelhizmet.com\/index.php\/wp-json\/wp\/v2\/categories?post=11018"},{"taxonomy":"post_tag","embeddable":true,"href":"https:\/\/marmarayerelhizmet.com\/index.php\/wp-json\/wp\/v2\/tags?post=11018"}],"curies":[{"name":"wp","href":"https:\/\/api.w.org\/{rel}","templated":true}]}}