{"id":11017,"date":"2023-07-02T18:17:03","date_gmt":"2023-07-02T15:17:03","guid":{"rendered":"https:\/\/marmarayerelhizmet.com\/?p=11017"},"modified":"2023-07-02T18:17:03","modified_gmt":"2023-07-02T15:17:03","slug":"ucak-kus-surusune-carpti","status":"publish","type":"post","link":"https:\/\/marmarayerelhizmet.com\/index.php\/2023\/07\/02\/ucak-kus-surusune-carpti\/","title":{"rendered":"U\u00e7ak Ku\u015f S\u00fcr\u00fcs\u00fcne \u00c7arpt\u0131"},"content":{"rendered":"<p><strong><span style=\"font-family: arial, helvetica, sans-serif; font-size: 14px;\">\u0130stanbul-Nev\u015fehir seferi yapan u\u00e7ak kalk\u0131\u015f\u0131ndan k\u0131sa bir s\u00fcre sonra ku\u015f s\u00fcr\u00fcs\u00fcne \u00e7arpt\u0131. Kapadokya havaliman\u0131na inen u\u00e7a\u011f\u0131n seferi iptal edildi.<br \/>\n<\/span><\/strong><br \/>\n<span style=\"font-family: arial, helvetica, sans-serif; font-size: 14px;\">Edinilen bilgiye g\u00f6re, sabah saatlerinde \u0130stanbul Sabiha G\u00f6k\u00e7en Havaliman\u0131ndan havalanan TK 7592 sefer say\u0131l\u0131 Anadolu Jet\u2019e ait u\u00e7ak Kapadokya havaliman\u0131na gelmek i\u00e7in havaland\u0131ktan k\u0131sa bir s\u00fcre sonra ku\u015f s\u00fcr\u00fcs\u00fcne \u00e7apt\u0131. \u00c7arpman\u0131n etkisi ile burun k\u0131sm\u0131nda hasar olu\u015fan u\u00e7ak Nev\u015fehir Kapadokya Havaliman\u0131&#8217;na sorunsuz ini\u015f yapt\u0131.<\/span><br \/>\n<span style=\"font-family: arial, helvetica, sans-serif; font-size: 14px;\">U\u00e7akta meydana gelen hasar nedeniyle Nev\u015fehir Kapadokya Havaliman\u0131&#8217;ndan, \u0130stanbul Sabiha G\u00f6k\u00e7en havaliman\u0131na yap\u0131lacak olan u\u00e7ak seferi iptal edildi.<\/span><br \/>\n<span style=\"font-family: arial, helvetica, sans-serif; font-size: 14px;\">Yolcular\u0131n ma\u011fdur olmamas\u0131 i\u00e7in ba\u015fka bir u\u00e7ak ile ek sefer d\u00fczenlenecek.<\/span><\/p>\n","protected":false},"excerpt":{"rendered":"<p>\u0130stanbul-Nev\u015fehir seferi yapan u\u00e7ak kalk\u0131\u015f\u0131ndan k\u0131sa bir s\u00fcre sonra ku\u015f s\u00fcr\u00fcs\u00fcne \u00e7arpt\u0131. Kapadokya havaliman\u0131na inen u\u00e7a\u011f\u0131n seferi iptal edildi. Edinilen<\/p>\n","protected":false},"author":3,"featured_media":11027,"comment_status":"open","ping_status":"open","sticky":false,"template":"","format":"standard","meta":{"colormag_page_container_layout":"default_layout","colormag_page_sidebar_layout":"default_layout","footnotes":""},"categories":[1,5],"tags":[],"class_list":["post-11017","post","type-post","status-publish","format-standard","has-post-thumbnail","hentry","category-genel","category-gundem"],"_links":{"self":[{"href":"https:\/\/marmarayerelhizmet.com\/index.php\/wp-json\/wp\/v2\/posts\/11017","targetHints":{"allow":["GET"]}}],"collection":[{"href":"https:\/\/marmarayerelhizmet.com\/index.php\/wp-json\/wp\/v2\/posts"}],"about":[{"href":"https:\/\/marmarayerelhizmet.com\/index.php\/wp-json\/wp\/v2\/types\/post"}],"author":[{"embeddable":true,"href":"https:\/\/marmarayerelhizmet.com\/index.php\/wp-json\/wp\/v2\/users\/3"}],"replies":[{"embeddable":true,"href":"https:\/\/marmarayerelhizmet.com\/index.php\/wp-json\/wp\/v2\/comments?post=11017"}],"version-history":[{"count":0,"href":"https:\/\/marmarayerelhizmet.com\/index.php\/wp-json\/wp\/v2\/posts\/11017\/revisions"}],"wp:featuredmedia":[{"embeddable":true,"href":"https:\/\/marmarayerelhizmet.com\/index.php\/wp-json\/wp\/v2\/media\/11027"}],"wp:attachment":[{"href":"https:\/\/marmarayerelhizmet.com\/index.php\/wp-json\/wp\/v2\/media?parent=11017"}],"wp:term":[{"taxonomy":"category","embeddable":true,"href":"https:\/\/marmarayerelhizmet.com\/index.php\/wp-json\/wp\/v2\/categories?post=11017"},{"taxonomy":"post_tag","embeddable":true,"href":"https:\/\/marmarayerelhizmet.com\/index.php\/wp-json\/wp\/v2\/tags?post=11017"}],"curies":[{"name":"wp","href":"https:\/\/api.w.org\/{rel}","templated":true}]}}