{"id":11006,"date":"2023-07-02T12:01:38","date_gmt":"2023-07-02T09:01:38","guid":{"rendered":"https:\/\/marmarayerelhizmet.com\/?p=11006"},"modified":"2023-07-02T12:01:38","modified_gmt":"2023-07-02T09:01:38","slug":"cop-yiginlari-icinde-denize-girdiler","status":"publish","type":"post","link":"https:\/\/marmarayerelhizmet.com\/index.php\/2023\/07\/02\/cop-yiginlari-icinde-denize-girdiler\/","title":{"rendered":"\u00c7\u00f6p Y\u0131\u011f\u0131nlar\u0131 \u0130\u00e7inde Denize Girdiler"},"content":{"rendered":"<p><strong><span style=\"font-family: arial, helvetica, sans-serif; font-size: 14px;\">Bayram tatili nedeniyle insanlar\u0131n ak\u0131n etti\u011fi Adalar\u2019da \u00e7\u00f6p y\u0131\u011f\u0131nlar\u0131 olu\u015ftu. B\u00fcy\u00fckada ve Heybeliada\u2019da kimileri \u00e7\u00f6p y\u0131\u011f\u0131nlar\u0131 aras\u0131nda denize girdi. Adal\u0131lar ise \u00e7\u00f6plerin toplanmas\u0131 konusunda yetersiz kald\u0131klar\u0131n\u0131 belirterek, Adalar Belediyesine tepki g\u00f6sterdi.<br \/>\n<\/span><\/strong><br \/>\n<span style=\"font-family: arial, helvetica, sans-serif; font-size: 14px;\">9 g\u00fcnl\u00fck Kurban Bayram\u0131 tatilinde yerli ve yabanc\u0131 turistler Adalar\u2019a ak\u0131n etti. B\u00fcy\u00fckada ve Heybeliada\u2019ya gelenler ard\u0131nda \u00e7\u00f6plerini b\u0131rakarak ayr\u0131ld\u0131. \u00d6zellikle Heybeliada\u2019n\u0131n ana caddesi Alt\u0131ny\u0131ld\u0131z Caddesi ile B\u00fcy\u00fckada\u2019da Kumsal b\u00f6lgesinde \u00e7\u00f6p y\u0131\u011f\u0131nlar\u0131n\u0131n olu\u015ftu\u011fu g\u00f6r\u00fcld\u00fc. \u00c7\u00f6p konteynerleri, deniz k\u0131y\u0131lar\u0131 ve sokaklar\u0131n yan\u0131 s\u0131ra \u00e7ocuk parklar\u0131nda da \u00e7ekirdek, kuruyemi\u015f at\u0131klar\u0131, i\u00e7ki \u015fi\u015feleri, yiyecek at\u0131klar\u0131, plastik yo\u011furt kaplar\u0131, deniz \u015fortlar\u0131, havlular, plastik terlikler gibi \u00e7\u00f6plerin oldu\u011fu g\u00f6r\u00fcld\u00fc. Kimi vatanda\u015flar deniz k\u0131y\u0131s\u0131ndaki \u00e7\u00f6pl\u00fckler aras\u0131nda denize girdi, g\u00fcne\u015flendi. Adalar halk\u0131 ise \u00e7\u00f6plerin toplanmas\u0131 konusunda yetersiz kald\u0131klar\u0131n\u0131 belirterek Adalar Belediyesine tepki g\u00f6sterdi. \u00d6te yandan, belediye \u00e7al\u0131\u015fanlar\u0131n\u0131n g\u00f6r\u00fcp toplamas\u0131 i\u00e7in Adal\u0131lar\u0131n \u00e7\u00f6pleri po\u015fetlere koyup a\u011fa\u00e7lara ast\u0131\u011f\u0131 da g\u00f6r\u00fcld\u00fc.<\/span><\/p>\n","protected":false},"excerpt":{"rendered":"<p>Bayram tatili nedeniyle insanlar\u0131n ak\u0131n etti\u011fi Adalar\u2019da \u00e7\u00f6p y\u0131\u011f\u0131nlar\u0131 olu\u015ftu. B\u00fcy\u00fckada ve Heybeliada\u2019da kimileri \u00e7\u00f6p y\u0131\u011f\u0131nlar\u0131 aras\u0131nda denize girdi. Adal\u0131lar<\/p>\n","protected":false},"author":3,"featured_media":11010,"comment_status":"open","ping_status":"open","sticky":false,"template":"","format":"standard","meta":{"colormag_page_container_layout":"default_layout","colormag_page_sidebar_layout":"default_layout","footnotes":""},"categories":[1,5],"tags":[],"class_list":["post-11006","post","type-post","status-publish","format-standard","has-post-thumbnail","hentry","category-genel","category-gundem"],"_links":{"self":[{"href":"https:\/\/marmarayerelhizmet.com\/index.php\/wp-json\/wp\/v2\/posts\/11006","targetHints":{"allow":["GET"]}}],"collection":[{"href":"https:\/\/marmarayerelhizmet.com\/index.php\/wp-json\/wp\/v2\/posts"}],"about":[{"href":"https:\/\/marmarayerelhizmet.com\/index.php\/wp-json\/wp\/v2\/types\/post"}],"author":[{"embeddable":true,"href":"https:\/\/marmarayerelhizmet.com\/index.php\/wp-json\/wp\/v2\/users\/3"}],"replies":[{"embeddable":true,"href":"https:\/\/marmarayerelhizmet.com\/index.php\/wp-json\/wp\/v2\/comments?post=11006"}],"version-history":[{"count":0,"href":"https:\/\/marmarayerelhizmet.com\/index.php\/wp-json\/wp\/v2\/posts\/11006\/revisions"}],"wp:featuredmedia":[{"embeddable":true,"href":"https:\/\/marmarayerelhizmet.com\/index.php\/wp-json\/wp\/v2\/media\/11010"}],"wp:attachment":[{"href":"https:\/\/marmarayerelhizmet.com\/index.php\/wp-json\/wp\/v2\/media?parent=11006"}],"wp:term":[{"taxonomy":"category","embeddable":true,"href":"https:\/\/marmarayerelhizmet.com\/index.php\/wp-json\/wp\/v2\/categories?post=11006"},{"taxonomy":"post_tag","embeddable":true,"href":"https:\/\/marmarayerelhizmet.com\/index.php\/wp-json\/wp\/v2\/tags?post=11006"}],"curies":[{"name":"wp","href":"https:\/\/api.w.org\/{rel}","templated":true}]}}