{"id":10998,"date":"2023-07-01T19:58:00","date_gmt":"2023-07-01T16:58:00","guid":{"rendered":"https:\/\/marmarayerelhizmet.com\/?p=10998"},"modified":"2023-07-01T19:58:00","modified_gmt":"2023-07-01T16:58:00","slug":"balikesirde-luks-arac-yandi","status":"publish","type":"post","link":"https:\/\/marmarayerelhizmet.com\/index.php\/2023\/07\/01\/balikesirde-luks-arac-yandi\/","title":{"rendered":"Bal\u0131kesir&#8217;de L\u00fcks Ara\u00e7 Yand\u0131"},"content":{"rendered":"<p><strong><span style=\"font-family: arial, helvetica, sans-serif; font-size: 14px;\">Bal\u0131kesir \u0130zmir otoban\u0131nda seyreden l\u00fcks otomobil nedeni bilinmeyen bir sebep ile yanarak, k\u00fcl oldu. Bal\u0131kesir itfaiyesi yang\u0131na hemen m\u00fcdahale emesine ra\u011fmen ara\u00e7 yanarak, hurdaya \u00e7\u0131kt\u0131.<br \/>\n<\/span><\/strong><br \/>\n<span style=\"font-family: arial, helvetica, sans-serif; font-size: 14px;\">\u0130stanbul-\u0130zmir otoban\u0131n Bal\u0131kesir Naipli mevkiinde 07 ANV 297 plakal\u0131 ara\u00e7 otoban da ilerlerken, sebebi bilinmeyen bir nedenle alev ald\u0131. Otobanda g\u00f6rev yapan Bal\u0131kesir B\u00fcy\u00fck\u015fehir Belediyesine ba\u011fl\u0131 itfaiye ekiplerinin hemen m\u00fcdahalesi ile ara\u00e7 yang\u0131n\u0131na m\u00fcdahale edildi. Yang\u0131n olan \u015feritte trafik seyri k\u0131sa bir s\u00fcre yap\u0131lamad\u0131. \u0130tfaiye ekiplerinin s\u00f6nd\u00fcrme \u00e7al\u0131\u015fmalar\u0131 sonucu ara\u00e7 tamamen yanarak, hurda haline geldi. Ara\u00e7 yang\u0131n\u0131 ile ilgili soru\u015fturmaya ba\u015flan\u0131ld\u0131.<\/span><\/p>\n","protected":false},"excerpt":{"rendered":"<p>Bal\u0131kesir \u0130zmir otoban\u0131nda seyreden l\u00fcks otomobil nedeni bilinmeyen bir sebep ile yanarak, k\u00fcl oldu. Bal\u0131kesir itfaiyesi yang\u0131na hemen m\u00fcdahale emesine<\/p>\n","protected":false},"author":3,"featured_media":11000,"comment_status":"open","ping_status":"open","sticky":false,"template":"","format":"standard","meta":{"colormag_page_container_layout":"default_layout","colormag_page_sidebar_layout":"default_layout","footnotes":""},"categories":[1,5],"tags":[],"class_list":["post-10998","post","type-post","status-publish","format-standard","has-post-thumbnail","hentry","category-genel","category-gundem"],"_links":{"self":[{"href":"https:\/\/marmarayerelhizmet.com\/index.php\/wp-json\/wp\/v2\/posts\/10998","targetHints":{"allow":["GET"]}}],"collection":[{"href":"https:\/\/marmarayerelhizmet.com\/index.php\/wp-json\/wp\/v2\/posts"}],"about":[{"href":"https:\/\/marmarayerelhizmet.com\/index.php\/wp-json\/wp\/v2\/types\/post"}],"author":[{"embeddable":true,"href":"https:\/\/marmarayerelhizmet.com\/index.php\/wp-json\/wp\/v2\/users\/3"}],"replies":[{"embeddable":true,"href":"https:\/\/marmarayerelhizmet.com\/index.php\/wp-json\/wp\/v2\/comments?post=10998"}],"version-history":[{"count":0,"href":"https:\/\/marmarayerelhizmet.com\/index.php\/wp-json\/wp\/v2\/posts\/10998\/revisions"}],"wp:featuredmedia":[{"embeddable":true,"href":"https:\/\/marmarayerelhizmet.com\/index.php\/wp-json\/wp\/v2\/media\/11000"}],"wp:attachment":[{"href":"https:\/\/marmarayerelhizmet.com\/index.php\/wp-json\/wp\/v2\/media?parent=10998"}],"wp:term":[{"taxonomy":"category","embeddable":true,"href":"https:\/\/marmarayerelhizmet.com\/index.php\/wp-json\/wp\/v2\/categories?post=10998"},{"taxonomy":"post_tag","embeddable":true,"href":"https:\/\/marmarayerelhizmet.com\/index.php\/wp-json\/wp\/v2\/tags?post=10998"}],"curies":[{"name":"wp","href":"https:\/\/api.w.org\/{rel}","templated":true}]}}